{"id":101465,"date":"2025-02-07T15:31:44","date_gmt":"2025-02-07T15:31:44","guid":{"rendered":"https:\/\/www.vidaextra.com\/series\/estrellas-live-action-one-piece-ha-podido-ver-cerca-a-chopper-no-puede-estar-emocionado-adorable-todos"},"modified":"2025-02-07T15:31:44","modified_gmt":"2025-02-07T15:31:44","slug":"una-de-las-estrellas-del-live-action-de-one-piece-ya-ha-podido-ver-de-cerca-a-chopper-y-no-puede-estar-mas-emocionado-es-el-mas-adorable-de-todos","status":"publish","type":"post","link":"http:\/\/cordobateve.net\/index.php\/2025\/02\/07\/una-de-las-estrellas-del-live-action-de-one-piece-ya-ha-podido-ver-de-cerca-a-chopper-y-no-puede-estar-mas-emocionado-es-el-mas-adorable-de-todos\/","title":{"rendered":"Una de las estrellas del live-action de One Piece ya ha podido ver de cerca a Chopper y no puede estar m\u00e1s emocionado: \u00abEs el m\u00e1s adorable de todos\u00bb"},"content":{"rendered":"<div><img src=\"http:\/\/cordobateve.net\/wp-content\/uploads\/2025\/02\/una-de-las-estrellas-del-live-action-de-one-piece-ya-ha-podido-ver-de-cerca-a-chopper-y-no-puede-estar-mas-emocionado-es-el-mas-adorable-de-todos.jpg\" class=\"ff-og-image-inserted\"><\/div>\n<p>Adem\u00e1s del anime y el manga, los fans de One Piece esperan con ansias la segunda temporada de la serie de acci\u00f3n real producida por Netflix. Esta nueva entrega marcar\u00e1 la llegada de uno de los personajes m\u00e1s queridos por el p\u00fablico y por la tripulaci\u00f3n de Luffy: <strong>Tony Tony Chopper<\/strong>.<\/p>\n<p><!-- BREAK 1 --> <\/p>\n<p>Ahora, a trav\u00e9s de una breve entrevista con el medio estadounidense <a rel=\"noopener, noreferrer\" href=\"https:\/\/variety.com\/2025\/gaming\/news\/assassins-creed-shadows-mackenyu-one-piece-1236298126\/\">Variety<\/a>, el actor <strong>Mackenyu<\/strong>, quien da vida al espadach\u00edn Zoro en la serie de Netflix, revel\u00f3 que pudo ver de cerca al simp\u00e1tico reno humanoide y, como era de esperar, es incre\u00edblemente adorable.<\/p>\n<p><!-- BREAK 2 --><\/p>\n<p>\u00abEstoy tratando de no revelar nada, pero aparecer\u00e1n muchos personajes nuevos. Oda-sensei anunci\u00f3 los arcos que adaptaremos, y la historia cubrir\u00e1 hasta la llegada de Chopper. \u00a1Y conoc\u00ed a Chopper! \u00a1Era el m\u00e1s adorable de todos!\u00bb, comenta Mackenyu, quien tambi\u00e9n asegur\u00f3 que era un sue\u00f1o hecho realidad compartir pantalla con su personaje favorito de la serie.<\/p>\n<p><!-- BREAK 3 --> <\/p>\n<p>Por desgracia, los fans de la serie tan solo han podido ver <a class=\"text-outboundlink\" href=\"https:\/\/www.vidaextra.com\/series\/medico-cuco-todo-one-piece-esta-aqui-netflix-revela-al-fin-primer-vistazo-al-aspecto-que-tendra-tony-tony-chopper-live-action\" data-vars-post-title=\"El m\u00e9dico m\u00e1s cuco de todo One Piece ya est\u00e1 aqu\u00ed: Netflix revela al fin un primer vistazo al aspecto que tendr\u00e1 Tony Tony Chopper en el live-action\" data-vars-post-url=\"https:\/\/www.vidaextra.com\/series\/medico-cuco-todo-one-piece-esta-aqui-netflix-revela-al-fin-primer-vistazo-al-aspecto-que-tendra-tony-tony-chopper-live-action\">un peque\u00f1o adelanto de su apariencia<\/a>, pero todo apunta a que veremos una versi\u00f3n muy tierna del querid\u00edsimo personaje. La segunda temporada de <strong>One Piece<\/strong> tiene previsto su estreno este mismo a\u00f1o, aunque a\u00fan no se ha anunciado una fecha oficial.<\/p>\n<p><!-- BREAK 4 --><\/p>\n<p>En VidaExtra | <a class=\"text-outboundlink\" href=\"https:\/\/www.vidaextra.com\/series\/el-sinsentido-de-one-piece-tras-el-timeskip-menos-capitulos-y-mas-tiempo-publicandose-pero-eiichiro-oda-tiene-una-explicacion\" data-vars-post-title=\"El sinsentido de One Piece tras el Timeskip: menos cap\u00edtulos y m\u00e1s tiempo public\u00e1ndose, pero Eiichiro Oda tiene una explicaci\u00f3n\" data-vars-post-url=\"https:\/\/www.vidaextra.com\/series\/el-sinsentido-de-one-piece-tras-el-timeskip-menos-capitulos-y-mas-tiempo-publicandose-pero-eiichiro-oda-tiene-una-explicacion\">El sinsentido de One Piece tras el Timeskip: menos cap\u00edtulos y m\u00e1s tiempo public\u00e1ndose, pero Eiichiro Oda tiene una explicaci\u00f3n<\/a><\/p>\n<p>En VidaExtra | <a class=\"text-outboundlink\" href=\"https:\/\/www.vidaextra.com\/series\/existen-mas-de-1-000-capitulos-de-one-piece-pero-hay-uno-que-jamas-podremos-ver-ninguno-de-nosotros\" data-vars-post-title=\"Existen m\u00e1s de 1.000 cap\u00edtulos de One Piece, pero hay uno que jam\u00e1s podremos ver ninguno de nosotros\" data-vars-post-url=\"https:\/\/www.vidaextra.com\/series\/existen-mas-de-1-000-capitulos-de-one-piece-pero-hay-uno-que-jamas-podremos-ver-ninguno-de-nosotros\">Existen m\u00e1s de 1.000 cap\u00edtulos de One Piece, pero hay uno que jam\u00e1s podremos ver ninguno de nosotros<\/a><\/p>\n","protected":false},"excerpt":{"rendered":"<p>Adem\u00e1s del anime y el manga, los fans de One Piece esperan con ansias la segunda temporada de la serie de acci\u00f3n real producida por Netflix. Esta nueva entrega marcar\u00e1 la llegada de uno de los personajes m\u00e1s queridos por el p\u00fablico y por la tripulaci\u00f3n de Luffy: Tony Tony Chopper. Ahora, a trav\u00e9s de [&hellip;]<\/p>\n","protected":false},"author":1,"featured_media":101466,"comment_status":"closed","ping_status":"closed","sticky":false,"template":"","format":"standard","meta":[],"categories":[19],"tags":[],"_links":{"self":[{"href":"http:\/\/cordobateve.net\/index.php\/wp-json\/wp\/v2\/posts\/101465"}],"collection":[{"href":"http:\/\/cordobateve.net\/index.php\/wp-json\/wp\/v2\/posts"}],"about":[{"href":"http:\/\/cordobateve.net\/index.php\/wp-json\/wp\/v2\/types\/post"}],"author":[{"embeddable":true,"href":"http:\/\/cordobateve.net\/index.php\/wp-json\/wp\/v2\/users\/1"}],"replies":[{"embeddable":true,"href":"http:\/\/cordobateve.net\/index.php\/wp-json\/wp\/v2\/comments?post=101465"}],"version-history":[{"count":0,"href":"http:\/\/cordobateve.net\/index.php\/wp-json\/wp\/v2\/posts\/101465\/revisions"}],"wp:featuredmedia":[{"embeddable":true,"href":"http:\/\/cordobateve.net\/index.php\/wp-json\/wp\/v2\/media\/101466"}],"wp:attachment":[{"href":"http:\/\/cordobateve.net\/index.php\/wp-json\/wp\/v2\/media?parent=101465"}],"wp:term":[{"taxonomy":"category","embeddable":true,"href":"http:\/\/cordobateve.net\/index.php\/wp-json\/wp\/v2\/categories?post=101465"},{"taxonomy":"post_tag","embeddable":true,"href":"http:\/\/cordobateve.net\/index.php\/wp-json\/wp\/v2\/tags?post=101465"}],"curies":[{"name":"wp","href":"https:\/\/api.w.org\/{rel}","templated":true}]}}