{"id":103238,"date":"2025-03-02T11:42:07","date_gmt":"2025-03-02T11:42:07","guid":{"rendered":"https:\/\/www.clarin.com\/cultura\/escritoras-argentinas-reinan-nuevo-boom-literatura-latinoamericana_0_o6I5gmZAAB.html"},"modified":"2025-03-02T11:42:07","modified_gmt":"2025-03-02T11:42:07","slug":"las-escritoras-argentinas-reinan-en-el-nuevo-boom-de-la-literatura-latinoamericana","status":"publish","type":"post","link":"http:\/\/cordobateve.net\/index.php\/2025\/03\/02\/las-escritoras-argentinas-reinan-en-el-nuevo-boom-de-la-literatura-latinoamericana\/","title":{"rendered":"Las escritoras argentinas reinan en el nuevo &#8216;boom&#8217; de la literatura latinoamericana"},"content":{"rendered":"<p><img src=\"http:\/\/cordobateve.net\/wp-content\/uploads\/2025\/03\/las-escritoras-argentinas-reinan-en-el-nuevo-boom-de-la-literatura-latinoamericana.jpg\"><\/p>\n<div class=\"sc-80531b6b-0 chRIGJ container-text text-embed\" readability=\"33.411585365854\">\n<p>La<strong> <a href=\"https:\/\/www.clarin.com\/revista-n\/literatura\/boom--modelo-desarmar_0_KScvtzeg.html?srsltid=AfmBOopqWUVp3ObI0CoUQyGygmfFxrzI-y0xoJBfM3vHwmQetWZlPAiW\" target=\"_blank\" title=\"literatura latinoamericana \" alt=\"literatura latinoamericana \" rel=\"noopener noreferrer\">literatura latinoamericana<\/a><\/strong>vive un momento dulce y gana lectores cada a\u00f1o tanto en los pa\u00edses de habla hispana como fuera de ellos, seg\u00fan los editores espa\u00f1oles, que destacan<strong> \u00abla fuerza y la personalidad\u00bb <\/strong>de una nueva <a href=\"https:\/\/www.clarin.com\/cultura\/organizaba-vacaciones-escritores-creo-boom-latinoamericano-carmen-balcells_0_QwJlE9Oc0l.html?srsltid=AfmBOoq3catd6r1EuHnNatmKahYUPjm-Jbype_P61M8dqj0WCibzdgNr\" target=\"_blank\" title=\"generaci\u00f3n \" alt=\"generaci\u00f3n \" rel=\"noopener noreferrer\">generaci\u00f3n <\/a>de escritoras, <strong>principalmente <a href=\"https:\/\/www.clarin.com\/cultura\/narrativa-inusual-escritoras-latinoamericanas-terror-fantasia-reflejan-lucha-cotidiana_0_3NqzjPomhb.html?srsltid=AfmBOoraMx4IlYCHJ3PJ2rAGBnylWU_1J0hZTCWllRVzqe71oEwMBwxe\" target=\"_blank\" title=\"argentinas\" alt=\"argentinas\" rel=\"noopener noreferrer\">argentinas<\/a><\/strong>, que est\u00e1n enriqueciendo la narrativa en espa\u00f1ol.<\/p>\n<\/div>\n<div class=\"sc-198be8ec-0 cynXbu image-embed image-embed \"><picture class=\"sc-198be8ec-1 kOjRiQ\"><source media=\"(min-width: 975px)\" width=\"720\" height=\"480\" srcset=\"http:\/\/cordobateve.net\/wp-content\/uploads\/2025\/03\/las-escritoras-argentinas-reinan-en-el-nuevo-boom-de-la-literatura-latinoamericana-2.jpg\"><img alt=\"Mariana Enriquez. Fotos: Ariel Grinberg.\" loading=\"lazy\" width=\"720\" height=\"480\" decoding=\"async\" data-nimg=\"1\" src=\"http:\/\/cordobateve.net\/wp-content\/uploads\/2025\/03\/las-escritoras-argentinas-reinan-en-el-nuevo-boom-de-la-literatura-latinoamericana-2.jpg\"><span class=\"epigraphe\">Mariana Enriquez. Fotos: Ariel Grinberg.<\/span><span class=\"bkg\"><\/span><span class=\"picture-open\"><button class=\"open-image\" aria-label=\"Open Image\"><\/button><\/span><\/picture><\/div>\n<div class=\"sc-80531b6b-0 chRIGJ container-text text-embed\" readability=\"37\">\n<p>\u00abEstamos viviendo un buen momento en general, con <strong>voces interesantes <\/strong>que surgen en muchos pa\u00edses iberoamericanos, pero es especialmente relevante la conexi\u00f3n con el lector que han logrado en los \u00faltimos a\u00f1os las escritoras argentinas\u00bb, se\u00f1ala<strong> la editora de Penguin Random House Pilar Reyes<\/strong>.<\/p>\n<\/div>\n<div class=\"sc-80531b6b-0 chRIGJ container-text text-embed\" readability=\"38\">\n<p>La <strong>responsable del \u00e1rea de literatura de Casa Am\u00e9rica Catalu\u00f1a, Cristina Osorno<\/strong>, y la <strong>directora de Publicaciones en la editorial De Conatus, Silvia Bardel\u00e1s<\/strong>, tambi\u00e9n han apreciado este fen\u00f3meno.<\/p>\n<\/div>\n<div class=\"sc-198be8ec-0 cynXbu image-embed image-embed \"><picture class=\"sc-198be8ec-1 kOjRiQ\"><source media=\"(min-width: 975px)\" width=\"720\" height=\"480\" srcset=\"http:\/\/cordobateve.net\/wp-content\/uploads\/2025\/03\/las-escritoras-argentinas-reinan-en-el-nuevo-boom-de-la-literatura-latinoamericana-3.jpg\"><img alt=\"Samanta Schweblin. Fotos: Ariel Grinberg.\" loading=\"lazy\" width=\"720\" height=\"480\" decoding=\"async\" data-nimg=\"1\" src=\"http:\/\/cordobateve.net\/wp-content\/uploads\/2025\/03\/las-escritoras-argentinas-reinan-en-el-nuevo-boom-de-la-literatura-latinoamericana-3.jpg\"><span class=\"epigraphe\">Samanta Schweblin. Fotos: Ariel Grinberg.<\/span><span class=\"bkg\"><\/span><span class=\"picture-open\"><button class=\"open-image\" aria-label=\"Open Image\"><\/button><\/span><\/picture><\/div>\n<div class=\"sc-80531b6b-0 chRIGJ container-text text-embed\" readability=\"19.848648648649\">\n<p><strong><a href=\"https:\/\/www.clarin.com\/tema\/leila-guerriero.html?srsltid=AfmBOorRV9U2EXGVF6FhcoA_Za-OK-ZExCN3wQPlgg7rlpu4kMZkLs-E\" target=\"_blank\" title=\"Leila Guerriero\" alt=\"Leila Guerriero\" rel=\"noopener noreferrer\">Leila Guerriero<\/a>, <a href=\"https:\/\/www.clarin.com\/tema\/mariana-enriquez.html?srsltid=AfmBOoo8iNFGwC52w-mjUDGHiCR7ESFMm3a2PT_DDjoEJfkDE2pHskY3\" target=\"_blank\" title=\"Mariana Enriquez\" alt=\"Mariana Enriquez\" rel=\"noopener noreferrer\">Mariana Enriquez<\/a>, <a href=\"https:\/\/www.clarin.com\/cultura\/marina-mariasch-pensar-mama-mato-amor-parecia-banalidad-absoluta-_0_Ll2TfUorB3.html?srsltid=AfmBOoor4g9ASiAi91Ny_BOA7120Eb5-5X-8nym-QC9HT0LyeXfMZdSc\" target=\"_blank\" title=\"Marina Mariasch\" alt=\"Marina Mariasch\" rel=\"noopener noreferrer\">Marina Mariasch<\/a>, <a href=\"https:\/\/www.clarin.com\/tema\/samanta-schweblin.html?srsltid=AfmBOooywA6PpMS6e1ZUQpBywNFq7heTGPArBJo9rM-39MMA1r65QjDp\" target=\"_blank\" title=\"Samanta Schweblin\" alt=\"Samanta Schweblin\" rel=\"noopener noreferrer\">Samanta Schweblin<\/a> y <a href=\"https:\/\/www.clarin.com\/cultura\/-acabo-dice-escritora-belen-lopez-peiro-condena-abuso-tio_0_FvNVcNulqp.html?srsltid=AfmBOopRR3SAJiPrsNSoLeTtIqbs6GHqLeGrcNxDXd8MgqwecV8TiXJ0\" target=\"_blank\" title=\"Bel\u00e9n L\u00f3pez Peir\u00f3\" alt=\"Bel\u00e9n L\u00f3pez Peir\u00f3\" rel=\"noopener noreferrer\">Bel\u00e9n L\u00f3pez Peir\u00f3<\/a><\/strong> son algunas de las escritoras que las editoras engloban en la hornada de autoras argentinas.<\/p>\n<\/div>\n<p><h3>Distintas generaciones<\/h3>\n<\/p>\n<div class=\"sc-80531b6b-0 chRIGJ container-text text-embed\" readability=\"35.321585903084\">\n<p>Tambi\u00e9n subrayan la val\u00eda de literatas de otras generaciones, como<strong> <a href=\"https:\/\/www.clarin.com\/autor\/claudia-pineiro.html?srsltid=AfmBOoqq7NWLsEKi2SLB98jvaymoibr6m46UklKzyEXGKv-znLGcNlDr\" target=\"_blank\" title=\"Claudia Pi\u00f1eiro\" alt=\"Claudia Pi\u00f1eiro\" rel=\"noopener noreferrer\">Claudia Pi\u00f1eiro<\/a><\/strong>, o de otros pa\u00edses latinoamericanos, como la mexicana<strong> Fernanda Melchor<\/strong>, la colombiana <strong>Isabel-Cristina Arenas<\/strong> o la ecuatoriana <strong>Julia Rend\u00f3n<\/strong>.<\/p>\n<\/div>\n<div class=\"sc-80531b6b-0 chRIGJ container-text text-embed\" readability=\"35\">\n<p><strong>\u00abEstamos viendo un nuevo &#8216;boom&#8217; de la literatura latinoamericana<\/strong> \u2013afirma Silvia Bardel\u00e1s\u2013. Todav\u00eda no hay premios Nobel como en la \u00e9poca de Garc\u00eda M\u00e1rquez y Vargas Llosa, pero sin duda hay una eclosi\u00f3n\u00bb.<\/p>\n<\/div>\n<div class=\"sc-198be8ec-0 cynXbu image-embed image-embed \"><picture class=\"sc-198be8ec-1 kOjRiQ\"><source media=\"(min-width: 975px)\" width=\"720\" height=\"480\" srcset=\"http:\/\/cordobateve.net\/wp-content\/uploads\/2025\/03\/las-escritoras-argentinas-reinan-en-el-nuevo-boom-de-la-literatura-latinoamericana-4.jpg\"><img alt=\"Leila Guerriero. Foto: Fernando de la Orden.\" loading=\"lazy\" width=\"720\" height=\"480\" decoding=\"async\" data-nimg=\"1\" src=\"http:\/\/cordobateve.net\/wp-content\/uploads\/2025\/03\/las-escritoras-argentinas-reinan-en-el-nuevo-boom-de-la-literatura-latinoamericana-4.jpg\"><span class=\"epigraphe\">Leila Guerriero. Foto: Fernando de la Orden.<\/span><span class=\"bkg\"><\/span><span class=\"picture-open\"><button class=\"open-image\" aria-label=\"Open Image\"><\/button><\/span><\/picture><\/div>\n<div class=\"sc-80531b6b-0 chRIGJ container-text text-embed\" readability=\"35\">\n<p>\u00abHa habido <strong>un cambio generacional<\/strong> y las mujeres han tomado protagonismo, algo que no pas\u00f3 en los setenta\u00bb, a\u00f1ade Pilar Reyes.<\/p>\n<\/div>\n<div class=\"sc-80531b6b-0 chRIGJ container-text text-embed\" readability=\"37\">\n<p>Bardel\u00e1s define la nueva generaci\u00f3n de escritoras argentinas como<strong> un grupo \u00abheterog\u00e9neo\u00bb <\/strong>que tiene en com\u00fan \u00abun lenguaje potente, \u00edntimo, honesto y expresivo, mucha libertad a la hora de escribir y una literatura muy carnal\u00bb.<\/p>\n<\/div>\n<div class=\"sc-80531b6b-0 chRIGJ container-text text-embed\" readability=\"37\">\n<p>\u00abEchan toda la le\u00f1a al fuego \u2013aclara\u2013. <strong>Escriben sin tapujos <\/strong>de su relaci\u00f3n con los hombres, de la necesidad de independencia, de dignidad, de relaciones familiares y de migraci\u00f3n de ida y vuelta\u00bb.<\/p>\n<\/div>\n<div class=\"sc-198be8ec-0 cynXbu image-embed image-embed \"><picture class=\"sc-198be8ec-1 kOjRiQ\"><source media=\"(min-width: 975px)\" width=\"720\" height=\"480\" srcset=\"http:\/\/cordobateve.net\/wp-content\/uploads\/2025\/03\/las-escritoras-argentinas-reinan-en-el-nuevo-boom-de-la-literatura-latinoamericana-5.jpg\"><img alt=\"Claudia Pi\u00f1eiro. EFE\/ Bi\" loading=\"lazy\" width=\"720\" height=\"480\" decoding=\"async\" data-nimg=\"1\" src=\"http:\/\/cordobateve.net\/wp-content\/uploads\/2025\/03\/las-escritoras-argentinas-reinan-en-el-nuevo-boom-de-la-literatura-latinoamericana-5.jpg\"><span class=\"epigraphe\">Claudia Pi\u00f1eiro. EFE\/ Bi<\/span><span class=\"bkg\"><\/span><span class=\"picture-open\"><button class=\"open-image\" aria-label=\"Open Image\"><\/button><\/span><\/picture><\/div>\n<p><h2>Ebullici\u00f3n creativa<\/h2>\n<\/p>\n<div class=\"sc-80531b6b-0 chRIGJ container-text text-embed\" readability=\"35\">\n<p>Las editoras insisten en que, aunque la ebullici\u00f3n creativa de las mujeres resulta m\u00e1s llamativa, hay <strong>voces masculinas <\/strong>de distintas generaciones con mucho que decir al lector de hoy en d\u00eda.<\/p>\n<\/div>\n<div class=\"sc-80531b6b-0 chRIGJ container-text text-embed\" readability=\"40\">\n<p>Destacan a los colombianos<strong> H\u00e9ctor Abad Faciolince y Juan Gabriel V\u00e1squez<\/strong>, los argentinos <strong>Guillermo Saccomanno y Jorge Fern\u00e1ndez D\u00edaz<\/strong>, los chilenos <strong>Benjam\u00edn Labatut y Bruno Montan\u00e9<\/strong>, los mexicanos <strong>Jorge Volpi y Eduardo Ruiz Sosa,<\/strong> el venezolano <strong>Rodrigo Blanco Calder\u00f3n<\/strong> y los cubanos <strong>Leonardo Padura y Carlos Lechuga<\/strong>, entre otros.<\/p>\n<\/div>\n<div class=\"sc-80531b6b-0 chRIGJ container-text text-embed\" readability=\"38\">\n<p>Como entre las mujeres, su obra es muy variada y personal, pero Cristina Osorno aprecia \u00ab<strong>mucha literatura del yo, autoficci\u00f3n<\/strong>, atenci\u00f3n a la memoria hist\u00f3rica e historias peque\u00f1as escritas desde los m\u00e1rgenes con reflejo en lo universal\u00bb.<\/p>\n<\/div>\n<div class=\"sc-80531b6b-0 chRIGJ container-text text-embed\" readability=\"39\">\n<p>Una parte de ellos <strong>vive en Espa\u00f1a por razones pol\u00edticas, econ\u00f3micas o personales<\/strong>, pero muchos otros residen en sus pa\u00edses de origen aunque mantienen fuertes v\u00ednculos con Espa\u00f1a por \u00abla fuerza de su industria editorial y sus lectores, ya que el 50 % de la literatura en espa\u00f1ol se vende en Espa\u00f1a\u00bb, se\u00f1ala Pilar Reyes.<\/p>\n<\/div>\n<div class=\"sc-198be8ec-0 cynXbu image-embed image-embed \"><picture class=\"sc-198be8ec-1 kOjRiQ\"><source media=\"(min-width: 975px)\" width=\"720\" height=\"480\" srcset=\"http:\/\/cordobateve.net\/wp-content\/uploads\/2025\/03\/las-escritoras-argentinas-reinan-en-el-nuevo-boom-de-la-literatura-latinoamericana-6.jpg\"><img alt=\" Marina Mariasch. Fotos: Ariel Grinberg.\" loading=\"lazy\" width=\"720\" height=\"480\" decoding=\"async\" data-nimg=\"1\" src=\"http:\/\/cordobateve.net\/wp-content\/uploads\/2025\/03\/las-escritoras-argentinas-reinan-en-el-nuevo-boom-de-la-literatura-latinoamericana-6.jpg\"><span class=\"epigraphe\"> Marina Mariasch. Fotos: Ariel Grinberg.<\/span><span class=\"bkg\"><\/span><span class=\"picture-open\"><button class=\"open-image\" aria-label=\"Open Image\"><\/button><\/span><\/picture><\/div>\n<p><h2>Espa\u00f1a y Latinoam\u00e9rica<\/h2>\n<\/p>\n<div class=\"sc-80531b6b-0 chRIGJ container-text text-embed\" readability=\"35\">\n<p>El <strong>v\u00ednculo literario entre Espa\u00f1a y Latinoam\u00e9rica<\/strong> siempre ha existido por una raz\u00f3n obvia, la lengua, pero Pilar Reyes aclara que las relaciones no siempre han sido tan fluidas como ahora.<\/p>\n<\/div>\n<div class=\"sc-80531b6b-0 chRIGJ container-text text-embed\" readability=\"36\">\n<p>\u00abHubo una \u00e9poca de oro en los 70 con el llamado &#8216;boom latinoamericano&#8217; y el flujo se prolong\u00f3 en los ochenta y noventa con autores como <strong>Bola\u00f1o <\/strong>\u2013recuerda la editora colombiana Pilar Reyes\u2013, pero cuando yo llegu\u00e9 a Espa\u00f1a en 2008 hab\u00eda un desinter\u00e9s,<strong> Espa\u00f1a prefer\u00eda mirar a Europa<\/strong>\u00ab.<\/p>\n<\/div>\n<div class=\"sc-80531b6b-0 chRIGJ container-text text-embed\" readability=\"33\">\n<p>\u00abEso <strong>cambi\u00f3 con la crisis econ\u00f3mica posterior <\/strong>\u2013agrega\u2013. La inestabilidad hizo que volvi\u00e9ramos a poner en valor el hecho de que hablamos el mismo idioma\u00bb.<\/p>\n<\/div>\n<div class=\"sc-198be8ec-0 cynXbu image-embed image-embed \"><picture class=\"sc-198be8ec-1 kOjRiQ\"><source media=\"(min-width: 975px)\" width=\"720\" height=\"480\" srcset=\"http:\/\/cordobateve.net\/wp-content\/uploads\/2025\/03\/las-escritoras-argentinas-reinan-en-el-nuevo-boom-de-la-literatura-latinoamericana-7.jpg\"><img alt=\"Bel\u00e9n L\u00f3pez Peir\u00f3. Foto: gentileza editorial.\" loading=\"lazy\" width=\"720\" height=\"480\" decoding=\"async\" data-nimg=\"1\" src=\"http:\/\/cordobateve.net\/wp-content\/uploads\/2025\/03\/las-escritoras-argentinas-reinan-en-el-nuevo-boom-de-la-literatura-latinoamericana-7.jpg\"><span class=\"epigraphe\">Bel\u00e9n L\u00f3pez Peir\u00f3. Foto: gentileza editorial.<\/span><span class=\"bkg\"><\/span><span class=\"picture-open\"><button class=\"open-image\" aria-label=\"Open Image\"><\/button><\/span><\/picture><\/div>\n<div class=\"sc-80531b6b-0 chRIGJ container-text text-embed\" readability=\"36\">\n<p>\u00abEl v\u00ednculo tambi\u00e9n se ha estrechado gracias al <strong>incremento de la migraci\u00f3n<\/strong> \u2013apunta\u2013. En Madrid una de cada siete personas son latinas y eso se nota en todos los \u00e1mbitos, por ejemplo, ahora mismo son latinos los m\u00e1ximos responsables de equipamientos culturales madrile\u00f1os de primer orden\u00bb.<\/p>\n<\/div>\n<div class=\"sc-80531b6b-0 chRIGJ container-text text-embed\" readability=\"36\">\n<p>Barcelona en Espa\u00f1a y Guadalajara en M\u00e9xico son otros <strong>dos nudos de comunicaci\u00f3n esenciales<\/strong> para los escritores de habla hispana: Guadalajara por su influyente feria del libro y Barcelona por sus v\u00ednculos hist\u00f3ricos, ya que fue la ciudad que acogi\u00f3 el &#8216;boom&#8217; de los a\u00f1os setenta y tiene una industria editorial muy fuerte.<\/p>\n<\/div>\n<div class=\"sc-80531b6b-0 chRIGJ container-text text-embed\" readability=\"34\">\n<p>\u00abLa conversaci\u00f3n cultural entre los dos lados del Atl\u00e1ntico es intensa en estos momentos y est\u00e1 ayudando a complejizar la relaci\u00f3n\u00bb, concluye Reyes.<\/p>\n<\/div>\n<div class=\"sc-80531b6b-0 chRIGJ container-text text-embed\">\n<p><em>Con informaci\u00f3n de EFE.<\/em><\/p>\n<\/div>\n","protected":false},"excerpt":{"rendered":"<p>La literatura latinoamericanavive un momento dulce y gana lectores cada a\u00f1o tanto en los pa\u00edses de habla hispana como fuera de ellos, seg\u00fan los editores espa\u00f1oles, que destacan \u00abla fuerza y la personalidad\u00bb de una nueva generaci\u00f3n de escritoras, principalmente argentinas, que est\u00e1n enriqueciendo la narrativa en espa\u00f1ol. Mariana Enriquez. Fotos: Ariel Grinberg. \u00abEstamos viviendo [&hellip;]<\/p>\n","protected":false},"author":1,"featured_media":103239,"comment_status":"closed","ping_status":"closed","sticky":false,"template":"","format":"standard","meta":[],"categories":[22],"tags":[],"_links":{"self":[{"href":"http:\/\/cordobateve.net\/index.php\/wp-json\/wp\/v2\/posts\/103238"}],"collection":[{"href":"http:\/\/cordobateve.net\/index.php\/wp-json\/wp\/v2\/posts"}],"about":[{"href":"http:\/\/cordobateve.net\/index.php\/wp-json\/wp\/v2\/types\/post"}],"author":[{"embeddable":true,"href":"http:\/\/cordobateve.net\/index.php\/wp-json\/wp\/v2\/users\/1"}],"replies":[{"embeddable":true,"href":"http:\/\/cordobateve.net\/index.php\/wp-json\/wp\/v2\/comments?post=103238"}],"version-history":[{"count":0,"href":"http:\/\/cordobateve.net\/index.php\/wp-json\/wp\/v2\/posts\/103238\/revisions"}],"wp:featuredmedia":[{"embeddable":true,"href":"http:\/\/cordobateve.net\/index.php\/wp-json\/wp\/v2\/media\/103239"}],"wp:attachment":[{"href":"http:\/\/cordobateve.net\/index.php\/wp-json\/wp\/v2\/media?parent=103238"}],"wp:term":[{"taxonomy":"category","embeddable":true,"href":"http:\/\/cordobateve.net\/index.php\/wp-json\/wp\/v2\/categories?post=103238"},{"taxonomy":"post_tag","embeddable":true,"href":"http:\/\/cordobateve.net\/index.php\/wp-json\/wp\/v2\/tags?post=103238"}],"curies":[{"name":"wp","href":"https:\/\/api.w.org\/{rel}","templated":true}]}}