{"id":107498,"date":"2025-05-22T10:59:41","date_gmt":"2025-05-22T10:59:41","guid":{"rendered":"https:\/\/www.clarin.com\/cultura\/serrat-poderosos-quieren-periodismo-difusion-ideologia_0_oY6hGsZiEr.html"},"modified":"2025-05-22T10:59:41","modified_gmt":"2025-05-22T10:59:41","slug":"serrat-los-poderosos-quieren-un-periodismo-de-difusion-de-su-ideologia","status":"publish","type":"post","link":"http:\/\/cordobateve.net\/index.php\/2025\/05\/22\/serrat-los-poderosos-quieren-un-periodismo-de-difusion-de-su-ideologia\/","title":{"rendered":"Serrat: \u00abLos poderosos quieren un periodismo de difusi\u00f3n de su ideolog\u00eda\u00bb"},"content":{"rendered":"<p><img src=\"http:\/\/cordobateve.net\/wp-content\/uploads\/2025\/05\/serrat-los-poderosos-quieren-un-periodismo-de-difusion-de-su-ideologia.jpg\"><\/p>\n<div><img src=\"http:\/\/cordobateve.net\/wp-content\/uploads\/2025\/05\/serrat-los-poderosos-quieren-un-periodismo-de-difusion-de-su-ideologia-2.jpg\" class=\"ff-og-image-inserted\"><\/div>\n<div id=\"element-body-0\" readability=\"55.586206896552\">\n<p>El <a href=\"https:\/\/www.clarin.com\/cultura\/cree-pajaro-inventado-inspiro-colaboracion-musical-historica_0_dSxNZvPLm7.html?srsltid=AfmBOoosbqxbk63-kZDGFcJ2aVI0dKpl8Y5EndzGVI3TgoSSnuh9kJWJ\" target=\"_blank\" title=\"cantautor \" alt=\"cantautor \" rel=\"noopener noreferrer\">cantautor <\/a>espa\u00f1ol<strong> <a href=\"https:\/\/www.clarin.com\/tema\/joan-manuel-serrat.html?srsltid=AfmBOooIhV_3Tr6M1HUtyLveOFL3pVuRGkjTPmu_TFTOdgCR7JIWY-QX\" target=\"_blank\" title=\"Joan Manuel Serrat \" alt=\"Joan Manuel Serrat \" rel=\"noopener noreferrer\">Joan Manuel Serrat<\/a><\/strong>dijo en <strong>Guatemala <\/strong>que \u00abel periodismo de informaci\u00f3n es algo que nos falta en estos momentos, mucho\u00bb, y que <strong>\u00ablos poderosos quieren un periodismo de difusi\u00f3n de su ideolog\u00eda, de difusi\u00f3n de blanqueamiento de su figura\u00bb.<\/strong><\/p>\n<\/div>\n<div id=\"element-body-2\" readability=\"63.159041394336\">\n<p>En declaraciones a tres medios de comunicaci\u00f3n en Ciudad de Guatemala, <strong><a href=\"https:\/\/www.clarin.com\/espectaculos\/joan-manuel-serrat-rosario-festival-fontanarrrosa-vivo-vida-gratitud-alegria-mala-hostia_0_xCXitNnNQ3.html?srsltid=AfmBOopV9GPGR8ibzA60nFDURL6axd2uCyrGf6wuNhlFUnaMCoPEFbol\" target=\"_blank\" title=\"Serrat \" alt=\"Serrat \" rel=\"noopener noreferrer\">Serrat <\/a>habl\u00f3 del periodismo y el arte, de la <a href=\"https:\/\/www.clarin.com\/espectaculos\/joan-manuel-serrat-distinguido-premio-princesa-asturias-artes-2024_0_geKBHj2MI3.html?srsltid=AfmBOorfiQg1Cld3Z5awLIUEhoUCFqPQmqR-DSMKnXHxWnumQgM6SVVX\" target=\"_blank\" title=\"m\u00fasica \" alt=\"m\u00fasica \" rel=\"noopener noreferrer\">m\u00fasica <\/a>con la que el ser humano nace y se va<\/strong>; de la cultura, que es todo aquello que se hace; de la ni\u00f1ez desprotegida; los migrantes que jam\u00e1s han sido un problema, de la contaminaci\u00f3n ambiental y de la \u00abexperiencia maravillosa\u00bb que ha vivido en su primera visita a el Pet\u00e9n, uno de los principales sitios arqueol\u00f3gicos guatemaltecos.<\/p>\n<\/div>\n<div id=\"element-body-3\" readability=\"62\">\n<p>Del periodismo, indic\u00f3 que el de informaci\u00f3n<strong> \u00abest\u00e1 siendo bastante perseguido porque no responde a la voluntad de los poderosos<\/strong>, porque los poderosos quieren un periodismo de difusi\u00f3n de su ideolog\u00eda, de difusi\u00f3n de blanqueamiento de su figura\u00bb.<\/p>\n<\/div>\n<div id=\"element-body-5\" readability=\"60\">\n<p>Agreg\u00f3 que <strong>\u00abel periodismo tiene que ser un medio de informaci\u00f3n para el pueblo<\/strong>, para los que reciben las noticias y tienen que recibirlas lo m\u00e1s limpias posible para que sean ellos los que decidan qu\u00e9 est\u00e1 ocurriendo\u00bb.<\/p>\n<\/div>\n<div id=\"element-body-6\" readability=\"60\">\n<p>Se\u00f1al\u00f3 adem\u00e1s que hay periodistas que a veces lo \u00fanico que hacen es \u00abreplicar noticias que aparecen en las agencias\u00bb de prensa o que se dedican a \u00abperseguir famosos por la calle\u00bb y <strong>\u00aba narrar, a seguir los discursos del poder para difundir y defender las ideas de los poderosos\u00bb.<\/strong><\/p>\n<\/div>\n<div id=\"element-body-8\" readability=\"67\">\n<p>Todos esos se autoproclaman periodistas, subray\u00f3 el artista, para quien<strong> \u00abel periodista es el hombre que busca la informaci\u00f3n, que la transmite, procurando que pase lo menos posible por \u00e9l mismo<\/strong>, sino que sea directamente del suceso o del pensamiento de la gente, que la gente destile lo que est\u00e1 diciendo y a partir de ah\u00ed, que se cree un elemento de informaci\u00f3n\u00bb.<\/p>\n<\/div>\n<div id=\"element-body-9\" readability=\"62\">\n<p>Serrat, autor de &#8216;Malasangre&#8217; y &#8216;Cada loco con su tema&#8217;, <strong>considera que no es necesario ning\u00fan v\u00ednculo entre del periodismo y al arte<\/strong>, y que el periodismo es arte en la medida que lo sea y es basura tambi\u00e9n en la medida que lo sea. Y en otros casos es basura-arte.<\/p>\n<\/div>\n<div id=\"element-body-10\" readability=\"61\">\n<p>El cantautor catal\u00e1n <strong>asiste en Ciudad de Guatemala al Festival Centroam\u00e9rica Cuenta 2025 <\/strong>(CAC25), cerrando la jornada con <strong>una conversaci\u00f3n con el escritor nicarag\u00fcense Sergio Ram\u00edrez<\/strong>, con el tema &#8216;Escribir para cantarlo\u00bb.<\/p>\n<\/div>\n<div id=\"element-body-11\" readability=\"64\">\n<p>Al festival, que finalizar\u00e1 el pr\u00f3ximo s\u00e1bado,<strong> asisten representantes de la literatura latinoamericana y espa\u00f1ola<\/strong>, adem\u00e1s de m\u00fasicos, poetas, cineastas y otras expresiones del arte que se celebrar\u00e1n en tres ciudades de Guatemala.<\/p>\n<\/div>\n<div id=\"element-body-13\" readability=\"66\">\n<p>De la m\u00fasica, expres\u00f3 que <strong>\u00abcon una m\u00fasica llegamos al mundo y con m\u00fasica nos vamos\u00bb<\/strong>, y que aunque sea diferente la pasada con la presente, \u00ablos sentimientos son los mismos, no creo que hubiera una m\u00fasica m\u00e1s rom\u00e1ntica antes y ahora una m\u00fasica m\u00e1s r\u00edtmica, ser\u00eda olvidar que nosotros nacimos con las m\u00fasicas muy r\u00edtmicas, extraordinariamente r\u00edtmicas. Las r\u00edtmicas que se manejan ahora son descendientes directas de las m\u00fasicas r\u00edtmicas que hab\u00eda hace 100 y 150 a\u00f1os\u00bb.<\/p>\n<\/div>\n<div id=\"element-body-14\" readability=\"57\">\n<p>Se\u00f1al\u00f3 adem\u00e1s que cada m\u00fasica ha tenido una funci\u00f3n primordial y es para acompa\u00f1ar.<\/p>\n<\/div>\n<div id=\"element-body-16\" readability=\"63\">\n<p>Sobre la cultura, enfatizo que<strong> \u00abes todo aquello que se hace\u00bb<\/strong> y \u00abes todo, absolutamente, por promover qu\u00e9 se hace, c\u00f3mo se hace y de qu\u00e9 manera todos participamos de esto. Es la obligaci\u00f3n de nuestros administradores terrenales\u00bb.<\/p>\n<\/div>\n<div id=\"element-body-17\" readability=\"70\">\n<p>\u00ab<strong>Creo que Centroam\u00e9rica Cuenta es un punto de reuni\u00f3n <\/strong>de gente que coincide en esto que les estoy diciendo, y para los que la cultura sea algo accesible, algo natural, algo que no sea ins\u00f3lito y que, evidentemente, necesita de unos apoyos b\u00e1sicos de la administraci\u00f3n, como la medicina necesita de hospitales, como elconocimiento necesita de escuelas y universidades, como cualquier lugar de producci\u00f3n necesita medios, la cultura tambi\u00e9n necesita estos medios\u00bb, acot\u00f3.<\/p>\n<\/div>\n","protected":false},"excerpt":{"rendered":"<p>El cantautor espa\u00f1ol Joan Manuel Serratdijo en Guatemala que \u00abel periodismo de informaci\u00f3n es algo que nos falta en estos momentos, mucho\u00bb, y que \u00ablos poderosos quieren un periodismo de difusi\u00f3n de su ideolog\u00eda, de difusi\u00f3n de blanqueamiento de su figura\u00bb. En declaraciones a tres medios de comunicaci\u00f3n en Ciudad de Guatemala, Serrat habl\u00f3 del [&hellip;]<\/p>\n","protected":false},"author":1,"featured_media":107499,"comment_status":"closed","ping_status":"closed","sticky":false,"template":"","format":"standard","meta":[],"categories":[22],"tags":[],"_links":{"self":[{"href":"http:\/\/cordobateve.net\/index.php\/wp-json\/wp\/v2\/posts\/107498"}],"collection":[{"href":"http:\/\/cordobateve.net\/index.php\/wp-json\/wp\/v2\/posts"}],"about":[{"href":"http:\/\/cordobateve.net\/index.php\/wp-json\/wp\/v2\/types\/post"}],"author":[{"embeddable":true,"href":"http:\/\/cordobateve.net\/index.php\/wp-json\/wp\/v2\/users\/1"}],"replies":[{"embeddable":true,"href":"http:\/\/cordobateve.net\/index.php\/wp-json\/wp\/v2\/comments?post=107498"}],"version-history":[{"count":0,"href":"http:\/\/cordobateve.net\/index.php\/wp-json\/wp\/v2\/posts\/107498\/revisions"}],"wp:featuredmedia":[{"embeddable":true,"href":"http:\/\/cordobateve.net\/index.php\/wp-json\/wp\/v2\/media\/107499"}],"wp:attachment":[{"href":"http:\/\/cordobateve.net\/index.php\/wp-json\/wp\/v2\/media?parent=107498"}],"wp:term":[{"taxonomy":"category","embeddable":true,"href":"http:\/\/cordobateve.net\/index.php\/wp-json\/wp\/v2\/categories?post=107498"},{"taxonomy":"post_tag","embeddable":true,"href":"http:\/\/cordobateve.net\/index.php\/wp-json\/wp\/v2\/tags?post=107498"}],"curies":[{"name":"wp","href":"https:\/\/api.w.org\/{rel}","templated":true}]}}