{"id":108884,"date":"2025-06-21T12:52:18","date_gmt":"2025-06-21T12:52:18","guid":{"rendered":"https:\/\/www.clarin.com\/cultura\/joaquin-palau-director-arpa-libro-salud-hierro-invento-imbatible_0_UQV26raog7.html"},"modified":"2025-06-21T12:52:18","modified_gmt":"2025-06-21T12:52:18","slug":"joaquin-palau-director-de-arpa-el-libro-tiene-una-salud-de-hierro-es-un-invento-imbatible","status":"publish","type":"post","link":"http:\/\/cordobateve.net\/index.php\/2025\/06\/21\/joaquin-palau-director-de-arpa-el-libro-tiene-una-salud-de-hierro-es-un-invento-imbatible\/","title":{"rendered":"Joaqu\u00edn Palau, director de Arpa: \u00abEl libro tiene una salud de hierro, es un invento imbatible\u00bb"},"content":{"rendered":"<p><img src=\"http:\/\/cordobateve.net\/wp-content\/uploads\/2025\/06\/joaquin-palau-director-de-arpa-el-libro-tiene-una-salud-de-hierro-es-un-invento-imbatible.jpg\"><\/p>\n<div class=\"sc-45461e9c-0 eqiBeF container-text text-embed \" id=\"element-body-0\" readability=\"59.94495412844\">\n<p><a href=\"https:\/\/arpaeditores.com\/pages\/equipo\" target=\"_blank\" title=\"Arpa editores\" alt=\"Arpa editores\" rel=\"noopener noreferrer\">Arpa editores<\/a> naci\u00f3 en Barcelona hace 9 a\u00f1os cuando un padre, Joaqu\u00edn Palau, y un hijo, \u00c1lvaro Palau Arvizu, decidieron llevar al papel<strong> el sue\u00f1o de tener una editorial propia<\/strong>. Joaqu\u00edn hab\u00eda trabajado durante a\u00f1os en editoriales reconocidas y \u00c1lvaro hab\u00eda estudiado ciencias pol\u00edticas en Par\u00eds. Esa uni\u00f3n y ese saber le dieron vida a Arpa que desde entonces <strong>edita t\u00edtulos de <a href=\"https:\/\/www.clarin.com\/revista-n\/warhol-cineasta_0_6PM8SAMEen.html?srsltid=AfmBOooim_aj7Db4hK67YUAxrEsenRyjisCmEXyb3x_1_KC5bFJd1pFY\" target=\"_blank\" title=\"humanidades\" alt=\"humanidades\" rel=\"noopener noreferrer\">humanidades<\/a>, <a href=\"https:\/\/www.clarin.com\/revista-n\/ideas\/lleva-bosques-muerte_0_1YojmM3FAg.html?srsltid=AfmBOor6z_0qQ72mUbWt3Vkj-N9JCnua5edjUIQWWEEn8UFmP8tMKeW_\" target=\"_blank\" title=\"ciencias sociales\" alt=\"ciencias sociales\" rel=\"noopener noreferrer\">ciencias sociales<\/a>, psicolog\u00eda y empresa<\/strong> y est\u00e1 iniciando desde hace un a\u00f1o la l\u00ednea de <strong><a href=\"https:\/\/www.el-libro.org.ar\/expositor\/riverside-agency\/\" target=\"_blank\" title=\"cl\u00e1sicos \" alt=\"cl\u00e1sicos \" rel=\"noopener noreferrer\">cl\u00e1sicos <\/a>universales<\/strong> de literatura y de pensamiento.<\/p>\n<\/div>\n<div class=\"sc-45461e9c-0 eqiBeF container-text text-embed \" id=\"element-body-2\" readability=\"67\">\n<p>Hace unos a\u00f1os que<strong> distribuyen en la Argentina<\/strong>, y entre los \u00faltimos libros se detacan t\u00edtulos como <em>El malestar de las ciudades, <\/em>de Jorge Dioni L\u00f3pez, o<em> Enciclopedia cr\u00edtica del g\u00e9nero<\/em>. En esta entrevista con <strong>Clar\u00edn<\/strong>, Joaqu\u00edn Palau, un <strong>confeso enamorado de Buenos Aires<\/strong> y su vida cultural, explica los desaf\u00edos de llevar adelante una editorial propia y de las virtudes del libro, al que define como un invento maravilloso.<\/p>\n<\/div>\n<div class=\"sc-45461e9c-0 eqiBeF container-text text-embed \" id=\"element-body-3\" readability=\"63\">\n<p>Ya <strong>lanzaron una editorial hermana en Francia<\/strong>, Nouvelle Editions Arpa y esperan seguir creciendo. \u201cNo buscamos m\u00e1s t\u00edtulos, sino mejores libros. En el campo del ensayo y las humanidades en general, <strong>las cosas hay que editarlas y promocionarlas muy bien<\/strong>\u201d, dice Palau.<\/p>\n<\/div>\n<div class=\"sc-45461e9c-0 eqiBeF container-text text-embed \" id=\"element-body-4\">\n<p><strong>\u2013\u00bfC\u00f3mo nace Arpa?<\/strong><\/p>\n<\/div>\n<div class=\"sc-45461e9c-0 eqiBeF container-text text-embed \" id=\"element-body-5\" readability=\"76\">\n<p>\u2013Arpa naci\u00f3 hace 9 a\u00f1os como fruto del acuerdo y la creaci\u00f3n de una sociedad editorial entre mi hijo y yo. No es una editorial que un padre vaya a ceder a su hijo o que un hijo vaya a heredar de su padre, sino que la creamos juntos con dos perfiles profesionales muy claros y, creo yo, complementarios. Yo vengo de la edici\u00f3n de toda la vida, trabaj\u00e9 15 a\u00f1os en Planeta, siete como director de Destino, tambi\u00e9n fui director general del grupo RBA. Y \u00c1lvaro Palau, mi hijo, es licenciado en Ciencias Pol\u00edticas por Paris. En un momento determinado, de un cierto cansancio de ambos por motivos muy diferentes, decidimos intentar hacer realidad un sue\u00f1o que ten\u00edamos desde hac\u00eda muchos a\u00f1os, crear un editorial. Se llama Arpa porque son las primeras s\u00edlabas de nuestros apellidos, Arvizu, por el apellido materno de mi hijo, y Palau, por el m\u00edo. Invertimos el orden, eso s\u00ed.<\/p>\n<\/div>\n<div class=\"sc-45461e9c-0 eqiBeF container-text text-embed \" id=\"element-body-6\" readability=\"57\">\n<p><strong>\u2013Tambi\u00e9n es un instrumento musical.<\/strong><\/p>\n<\/div>\n<div class=\"sc-45461e9c-0 eqiBeF container-text text-embed \" id=\"element-body-7\" readability=\"73\">\n<p>\u2013S\u00ed, claro. Arpa naci\u00f3 con ciertas reticencias en el sector porque el mercado estaba muy maduro, pero cont\u00e1bamos con ventajas competitivas importantes, como la experiencia, los contactos con muchos autores y con la prensa espa\u00f1ola y una cierta experiencia de ambos, de \u00c1lvaro y m\u00eda, en el campo de las humanidades y de las ciencias sociales. De manera que nos sent\u00edamos capaces de arrancar esa aventura. Al cuarto a\u00f1o de haber nacido, con la pandemia de Covid, la venta de libros creci\u00f3 de una manera extraordinaria, lo que signific\u00f3 un impulso afortunado dentro de la dram\u00e1tica situaci\u00f3n y luego, poco a poco nos hemos ido consolidando. No es f\u00e1cil trabajar con un padre y no es f\u00e1cil trabajar con un hijo, y mucho menos cuando ambos se creen muy listos y son hombres. Pero ha sido posible. Hemos aprendido a ceder cuando hay que hacerlo y a discutir bien, y creo que ahora es un proyecto de \u00e9xito en Espa\u00f1a, pilotado fundamentalmente por \u00c1lvaro Palau.<\/p>\n<\/div>\n<div class=\"sc-45461e9c-0 eqiBeF container-text text-embed \" id=\"element-body-8\" readability=\"57\">\n<p><strong>\u2013\u00bfC\u00f3mo es su cat\u00e1logo y c\u00f3mo se piensan los t\u00edtulos que se publican?<\/strong><\/p>\n<\/div>\n<div class=\"sc-45461e9c-0 eqiBeF container-text text-embed \" id=\"element-body-9\" readability=\"69\">\n<p>\u2013Las l\u00edneas principales son, sin duda, humanidades y ciencias sociales en g\u00e9nero ensayo, tambi\u00e9n nos interesa mucho la psicolog\u00eda. Una gran diferencia entre mi generaci\u00f3n y la de mi hijo es, entre otras muchas cosas, el cambio de percepci\u00f3n que se ten\u00eda y se tiene de la psicolog\u00eda. En mi \u00e9poca, cuando yo era joven, qui\u00e9n iba al psic\u00f3logo era un ni\u00f1o problem\u00e1tico. Hoy, en la generaci\u00f3n de mis hijos, el que no va al psic\u00f3logo es un ni\u00f1o problem\u00e1tico.<\/p>\n<\/div>\n<div class=\"sc-45461e9c-0 eqiBeF container-text text-embed \" id=\"element-body-10\" readability=\"60\">\n<p><strong>\u2013La psicolog\u00eda forma parte hoy de la salud integral, es como ir al m\u00e9dico cl\u00ednico, \u00bfno es cierto?<\/strong><\/p>\n<\/div>\n<div class=\"sc-45461e9c-0 eqiBeF container-text text-embed \" id=\"element-body-11\" readability=\"74\">\n<p>\u2013Totalmente, nosotros apostamos por eso, es decir, por entender que la psicolog\u00eda es cultura. Tambi\u00e9n desarrollamos una l\u00ednea de libros de empresa porque nos gusta y porque \u00c1lvaro es una persona especialmente experta en ese campo, muy orientado al libro anglosaj\u00f3n. Y estamos trabajando ya con entusiasmo en una l\u00ednea de cl\u00e1sicos universales. Sabemos que hay mucha competencia ah\u00ed, pero si la hay es porque funciona; nuestro reto es hacer, en la medida de lo posible, ediciones renovadas y actualizadas de cl\u00e1sicos universales, tanto de ficci\u00f3n como de no ficci\u00f3n. Buscamos ofrecer una experiencia lectora \u00f3ptima, algo que afecta a la tipograf\u00eda, a la caja del libro, al dise\u00f1o, a las introducciones, y por supuesto a las traducciones, porque las traducciones tambi\u00e9n envejecen; cada ciertos a\u00f1os tiene sentido renovarlas y en eso estamos.<\/p>\n<\/div>\n<div class=\"sc-98b114a2-0 bkqiHH image-embed image-embed \" id=\"element-body-12\"><picture class=\"sc-98b114a2-1 jRUlDm\"><source media=\"(min-width: 975px)\" width=\"720\" height=\"480\" srcset=\"http:\/\/cordobateve.net\/wp-content\/uploads\/2025\/06\/joaquin-palau-director-de-arpa-el-libro-tiene-una-salud-de-hierro-es-un-invento-imbatible-2.jpg\"><img alt=\"Joaqu\u00edn Palau, titular junto con su hijo de Arpa editores. Foto: gentileza.\" loading=\"lazy\" width=\"720\" height=\"480\" decoding=\"async\" data-nimg=\"1\" src=\"http:\/\/cordobateve.net\/wp-content\/uploads\/2025\/06\/joaquin-palau-director-de-arpa-el-libro-tiene-una-salud-de-hierro-es-un-invento-imbatible-2.jpg\"><span class=\"epigraphe\">Joaqu\u00edn Palau, titular junto con su hijo de Arpa editores. Foto: gentileza.<\/span><span class=\"picture-open\"><button class=\"open-image\" aria-label=\"Open Image\"><\/button><\/span><\/picture><\/div>\n<div class=\"sc-45461e9c-0 eqiBeF container-text text-embed \" id=\"element-body-13\" readability=\"58\">\n<p><strong>\u2013\u00bfCrees que es un buen momento para la literatura en este mundo tan hiperconectado en el que vivimos?<\/strong><\/p>\n<\/div>\n<div class=\"sc-45461e9c-0 eqiBeF container-text text-embed \" id=\"element-body-14\" readability=\"73\">\n<p>\u2013El negocio de la edici\u00f3n est\u00e1 creciendo. La lectura est\u00e1 creciendo, aunque va por barrios; por ejemplo, la literatura infantil y juvenil est\u00e1 creciendo desde hace a\u00f1os, pero sigue ocurriendo que los chicos y las chicas a partir de determinada edad dejan de leer o leen menos y despu\u00e9s de ciertos a\u00f1os, algunos s\u00ed retoman el h\u00e1bito de la lectura. Recuerdo estar en Buenos Aires en el Congreso Mundial de editores hace 30 a\u00f1os y me acuerdo del sector aterrorizado porque parec\u00eda que el libro iba a desaparecer y \u00bfsabes cu\u00e1l era la amenaza?, \u00a1el CD\u2013ROM!, que dej\u00f3 de existir 5 a\u00f1os despu\u00e9s de haber nacido. El libro tiene una salud de hierro, es un invento imbatible. En 500 a\u00f1os ha cambiado poco en realidad, t\u00fa tomas un libro de hace 300 a\u00f1os y evidentemente ha cambiado, como todo, tambi\u00e9n la ropa ha cambiado, pero los pantalones siguen siendo pantalones, los de antes y los de ahora. Un libro es exactamente lo mismo: p\u00e1ginas de papel bien impresas, bien editadas y evidentemente con una mejora progresiva de la experiencia lectora. Yo dir\u00eda que el libro sigue manteniendo su gran prestigio y eso se lo ha ganado el libro solito.<\/p>\n<\/div>\n<div class=\"sc-45461e9c-0 eqiBeF container-text text-embed \" id=\"element-body-15\" readability=\"57\">\n<p><strong>\u2013\u00bfHa habido una explosi\u00f3n de la no ficci\u00f3n?<\/strong><\/p>\n<\/div>\n<div class=\"sc-45461e9c-0 eqiBeF container-text text-embed \" id=\"element-body-16\" readability=\"61\">\n<p>\u2013Creo que la no ficci\u00f3n no deja de crecer desde hace d\u00e9cadas. Hoy, en Espa\u00f1a por ejemplo, no hay cocinero que se precie que no tenga publicado un libro; eso se puede aplicar a muchas profesiones. Antes no era as\u00ed.<\/p>\n<\/div>\n<div class=\"sc-45461e9c-0 eqiBeF container-text text-embed \" id=\"element-body-17\" readability=\"59\">\n<p><strong>\u2013Uno de los libros que llega a la Argentina es el de Jorge Dioni L\u00f3pez, <em>El malestar en las ciudades<\/em>\u2026<\/strong><\/p>\n<\/div>\n<div class=\"sc-45461e9c-0 eqiBeF container-text text-embed \" id=\"element-body-18\" readability=\"85\">\n<p>\u2013S\u00ed, Jorge es un ensayista extraordinario, nacido como gran ensayista en Arpa, esa es la verdad. Hoy es un referente en esta tem\u00e1tica. \u00c9l analiza, desde una perspectiva espa\u00f1ola pero que ya es pr\u00e1cticamente universal, las din\u00e1micas econ\u00f3micas y sociales que est\u00e1n castigando enormemente las viviendas en las ciudades. Est\u00e1n expulsando de las ciudades a dos colectivos fundamentales, a los j\u00f3venes y a los m\u00e1s mayores. Luego de la burbuja inmobiliaria de 2008, las casas a medio construir o construidas o con hipotecas fallidas, muchas de ellas en manos de bancos nacionales pasaron, por cuatro euros, a manos de fondos de inversi\u00f3n que, en lugar de ayudar a resolver el problema de la vivienda, lo que han hecho fue agravarlo todav\u00eda m\u00e1s, potenciando el piso tur\u00edstico, la subida de alquileres y eso hace que, por ejemplo, mucha gente mayor pues no pueda cubrir esos incrementos de alquiler. Y los j\u00f3venes, con los salarios que hoy tienen, se les hace complicado tener un piso o un proyecto de piso propio, y esto genera, a su vez un problema mayor y es que muchos j\u00f3venes viven juntos. \u00bfQu\u00e9 consecuencia tiene esto? Que no se crean nuevas familias y esto que parece una bromita, es grav\u00edsimo a mediano plazo. Este libro, que fue un \u00e9xito en ventas en Espa\u00f1a, viene de su primer libro, La Espa\u00f1a de las piscinas, un texto magistral que los libreros de Madrid consideraron en 2023 el mejor ensayo del a\u00f1o de Espa\u00f1a.<\/p>\n<\/div>\n<div class=\"sc-45461e9c-0 eqiBeF container-text text-embed \" id=\"element-body-19\" readability=\"57\">\n<p><strong>\u2013\u00bfEl libro nos ayuda a pensar?<\/strong><\/p>\n<\/div>\n<div class=\"sc-45461e9c-0 eqiBeF container-text text-embed \" id=\"element-body-20\" readability=\"76\">\n<p>\u2013Pensar no es f\u00e1cil, se lea o no, pero yo dir\u00eda que s\u00ed, que ayuda. Pero el libro ha de aprender a convivir con muchas otras fuentes de conocimiento. Yo tengo un hijo muy lector y un hijo poco lector, me refiero a lectura convencional, pero que es enormemente culto porque lee de otra manera, por otros medios: a trav\u00e9s de redes sociales, por ejemplo. Si quieres ser un gran experto en Petrarca tal vez tengas que curr\u00e1rtelo con m\u00e1s recursos literarios, con m\u00e1s fuentes de conocimiento que \u00e9sas, pero yo dir\u00eda que hoy las redes sociales bien gestionadas te permiten aprender mucho, casi todo. Creo que aprender a pensar, a ser l\u00facido, no es patrimonio del libro, eso es justo admitirlo. Hay mucha gente que lee mucho y sigue siendo igual de mala, \u00bfvale? El libro a veces te hace refinadamente malvado si eres malvado, pero si eres buena persona te hace refinadamente buena persona, y este es el gran regalo de la lectura y de la literatura.<\/p>\n<\/div>\n<div class=\"sc-45461e9c-0 eqiBeF container-text text-embed \" id=\"element-body-21\" readability=\"65\">\n<p><strong>\u2013Pensaba en, por ejemplo, cuando fue la Reforma Luterana, que luch\u00f3 por el ejercicio individual de la lectura, de la libre interpretaci\u00f3n de la palabra divina y en lo que implica, en la raz\u00f3n y en el pensamiento, el ejercicio de la lectura.<\/strong><\/p>\n<\/div>\n<div class=\"sc-45461e9c-0 eqiBeF container-text text-embed \" id=\"element-body-22\" readability=\"77\">\n<p>\u2013S\u00ed, un libro exige que te concentres, de hecho, por eso hay cap\u00edtulos en los libros, para poder reposar. Yo dir\u00eda que no hay manera de ser una persona l\u00facida mentalmente \u2013ahora est\u00e1 de moda hablar de pensamiento cr\u00edtico, aunque es una expresi\u00f3n algo gastada, yo dir\u00eda lucidez mental, de riqueza mental\u2013, sin leer. El libro tambi\u00e9n es fundamental para pasarlo en grande, para divertirte. Para imaginarte otros mundos. Una vez mi hija me dijo una cosa que me hizo gracia porque la dijo espont\u00e1neamente. Yo tengo una familia a la que le apasiona viajar. Mientras que a m\u00ed, y en eso por lo menos me parezco a Immanuel Kant, no me gusta tanto, yo me quedo en mi casa con mi mundo, con mis poemas y mis libros. Entonces un d\u00eda mi hija me dijo: \u2018Claro, t\u00fa viajas desde tu mesa, pap\u00e1\u2019. Y es estrictamente verdad. Creo que efectivamente la literatura, en cualquiera de sus g\u00e9neros, te permite estar en cualquier lugar del mundo que quieras imaginar.<\/p>\n<\/div>\n<p><h2>Joaqu\u00edn Palau b\u00e1sico<\/h2>\n<\/p>\n<div class=\"sc-45461e9c-0 eqiBeF container-text text-embed \" id=\"element-body-26\">\n<ul>\n<li>Es licenciado en Filosof\u00eda Pura por la Universidad Aut\u00f3noma de Barcelona.<\/li>\n<\/ul>\n<\/div>\n<div class=\"sc-45461e9c-0 eqiBeF container-text text-embed \" id=\"element-body-27\">\n<ul>\n<li>A lo largo de sus m\u00e1s de cuarenta a\u00f1os de experiencia editorial ha sido director general de RBA Libros y director editorial y de no ficci\u00f3n de editoriales como Destino, Grup 62 o Planeta.<\/li>\n<\/ul>\n<\/div>\n<div class=\"sc-45461e9c-0 eqiBeF container-text text-embed \" id=\"element-body-28\">\n<ul>\n<li>En 2015 crea, junto con su hijo \u00c1lvaro, la empresa editorial Arpa, el sue\u00f1o de su vida. Hoy participa en la direcci\u00f3n de Arpa y lee y edita textos sin parar.<\/li>\n<\/ul>\n<\/div>\n","protected":false},"excerpt":{"rendered":"<p>Arpa editores naci\u00f3 en Barcelona hace 9 a\u00f1os cuando un padre, Joaqu\u00edn Palau, y un hijo, \u00c1lvaro Palau Arvizu, decidieron llevar al papel el sue\u00f1o de tener una editorial propia. Joaqu\u00edn hab\u00eda trabajado durante a\u00f1os en editoriales reconocidas y \u00c1lvaro hab\u00eda estudiado ciencias pol\u00edticas en Par\u00eds. Esa uni\u00f3n y ese saber le dieron vida a [&hellip;]<\/p>\n","protected":false},"author":1,"featured_media":108885,"comment_status":"closed","ping_status":"closed","sticky":false,"template":"","format":"standard","meta":[],"categories":[22],"tags":[],"_links":{"self":[{"href":"http:\/\/cordobateve.net\/index.php\/wp-json\/wp\/v2\/posts\/108884"}],"collection":[{"href":"http:\/\/cordobateve.net\/index.php\/wp-json\/wp\/v2\/posts"}],"about":[{"href":"http:\/\/cordobateve.net\/index.php\/wp-json\/wp\/v2\/types\/post"}],"author":[{"embeddable":true,"href":"http:\/\/cordobateve.net\/index.php\/wp-json\/wp\/v2\/users\/1"}],"replies":[{"embeddable":true,"href":"http:\/\/cordobateve.net\/index.php\/wp-json\/wp\/v2\/comments?post=108884"}],"version-history":[{"count":0,"href":"http:\/\/cordobateve.net\/index.php\/wp-json\/wp\/v2\/posts\/108884\/revisions"}],"wp:featuredmedia":[{"embeddable":true,"href":"http:\/\/cordobateve.net\/index.php\/wp-json\/wp\/v2\/media\/108885"}],"wp:attachment":[{"href":"http:\/\/cordobateve.net\/index.php\/wp-json\/wp\/v2\/media?parent=108884"}],"wp:term":[{"taxonomy":"category","embeddable":true,"href":"http:\/\/cordobateve.net\/index.php\/wp-json\/wp\/v2\/categories?post=108884"},{"taxonomy":"post_tag","embeddable":true,"href":"http:\/\/cordobateve.net\/index.php\/wp-json\/wp\/v2\/tags?post=108884"}],"curies":[{"name":"wp","href":"https:\/\/api.w.org\/{rel}","templated":true}]}}