{"id":109719,"date":"2025-07-09T15:01:19","date_gmt":"2025-07-09T15:01:19","guid":{"rendered":"https:\/\/www.clarin.com\/cultura\/nuevo-libro-fernanda-laguna-mapa-afectivo-sensorial-arte-contemporaneo_0_sUfJ4VMhKU.html"},"modified":"2025-07-09T15:01:19","modified_gmt":"2025-07-09T15:01:19","slug":"el-nuevo-libro-de-fernanda-laguna-un-mapa-afectivo-y-sensorial-del-arte-contemporaneo","status":"publish","type":"post","link":"http:\/\/cordobateve.net\/index.php\/2025\/07\/09\/el-nuevo-libro-de-fernanda-laguna-un-mapa-afectivo-y-sensorial-del-arte-contemporaneo\/","title":{"rendered":"El nuevo libro de Fernanda Laguna, un mapa afectivo y sensorial del arte contempor\u00e1neo"},"content":{"rendered":"<p><img src=\"http:\/\/cordobateve.net\/wp-content\/uploads\/2025\/07\/el-nuevo-libro-de-fernanda-laguna-un-mapa-afectivo-y-sensorial-del-arte-contemporaneo.jpg\"><\/p>\n<div><img src=\"http:\/\/cordobateve.net\/wp-content\/uploads\/2025\/07\/el-nuevo-libro-de-fernanda-laguna-un-mapa-afectivo-y-sensorial-del-arte-contemporaneo-2.jpg\" class=\"ff-og-image-inserted\"><\/div>\n<div id=\"element-body-0\" readability=\"67.009367681499\">\n<p>La primera vez que la <strong><a href=\"https:\/\/www.clarin.com\/tema\/fernanda-laguna.html?srsltid=AfmBOoriDXbrmb1qyxcG9RksQWgQURQGdZN7y69vPk43jRK-B7wODLiM\" target=\"_blank\" title=\"artista\" alt=\"artista\" rel=\"noopener noreferrer\">artista<\/a>, poeta y curadora <a href=\"https:\/\/www.clarin.com\/revista-n\/agresividad-incertidumbre-fernanda-laguna-propone-pensar-ternura_0_Qv0fh7FAgO.html?srsltid=AfmBOool7w0h6eeIK6Bj3Jr7RVqyN1JmWXDLPCz6QrGHcDAaaQRSpPb8\" target=\"_blank\" title=\"Fernanda Laguna\" alt=\"Fernanda Laguna\" rel=\"noopener noreferrer\">Fernanda Laguna<\/a><\/strong> tuvo una clase de pintura aprendi\u00f3 \u2013cuenta\u2013 a copiar: un conjuro m\u00e1gico para hacer permanecer algo para siempre, como un Dorian Gray de lo bello y lo tierno. As\u00ed a los 22 a\u00f1os realiz\u00f3 su primer cuadro,<strong> \u201cNi\u00f1a con perrito\u201d (1994), una peque\u00f1a calcoman\u00eda autoadhesiva, naive<\/strong>, en colores pastel y \u201cel deseo de una figurita por volverse pintura\u201d. Es justamente esa obra \u2013hoy parte de una colecci\u00f3n privada\u2013 la que ilustra la tapa de<strong> <em><a href=\"https:\/\/www.penguinlibros.com\/ar\/arte-cine-y-musica\/388812-libro-muy-espectacular-9786316553225?srsltid=AfmBOopxnZ9Me5TUdF2DV_zmYzpkh9--SCc1rGblk4ibkOGlRnP1M2rD\" target=\"_blank\" title=\"\u00a1Muy espectacular!\" alt=\"\u00a1Muy espectacular!\" rel=\"noopener noreferrer\">\u00a1Muy espectacular!<\/a><\/em>, el flamante libro <\/strong>de la <a href=\"https:\/\/www.clarin.com\/cultura\/fernanda-laguna-bomba-ira-museo-reina-sofia_0_nONDOTaqMs.html?srsltid=AfmBOoopcAW5AsoPZAIeK1qDOA9xj9EkiYGg5e_-SE7wjwZTsP5M-Rb1\" target=\"_blank\" title=\"artista \" alt=\"artista \" rel=\"noopener noreferrer\">artista <\/a>visual publicado por Penguin Random House donde<strong> re\u00fane \u201cdeseos, cartas y textos de arte\u201d <\/strong>que van de 1995 a la actualidad y que trazan, en un arco temporal de tres d\u00e9cadas, el mapa creativo, afectivo y sensorial de una de las fundadoras de la m\u00edtica galer\u00eda Belleza y Felicidad.<\/p>\n<\/div>\n<div id=\"element-body-2\" readability=\"68\">\n<p>\u00abLo peque\u00f1o, lo raro, lo roto, lo dejado a un lado es espectacular por su \u00e9pica\u00bb, escribe en el comienzo de estas p\u00e1ginas la autora \u2013que ha publicado en esta misma casa editorial con<strong> su alter ego, Dalia Rosetti<\/strong>\u2013 y deja sentadas las bases de esta rayuela literaria y ensay\u00edstica donde, una vez m\u00e1s, plasma sobre el papel en blanco, para repetir el mismo mecanismo de conjuro y perpetuaci\u00f3n.<\/p>\n<\/div>\n<div id=\"element-body-3\" readability=\"63\">\n<p>Mientras<strong> se prepara para una exposici\u00f3n en el Malba en 2026 y una retrospectiva en el Museo Reina Sof\u00eda de Espa\u00f1a en 2027<\/strong>, Fernanda Laguna, quien lleva adelante una sede de Belleza y Felicidad en Villa Fiorito, propone en este libro <strong>\u201cun recorrido exhaustivo y alucinado del arte argentino contempor\u00e1neo\u201d<\/strong> a trav\u00e9s de ensayos que van del epistolario al pr\u00f3logo y de la conversaci\u00f3n fantasiosa al arrebato existencial.<\/p>\n<\/div>\n<div id=\"element-body-4\" readability=\"66\">\n<p>Desde una misiva dedicada a la ciudad de Nueva York, hasta un texto con motivo de la Bienal de Sao Paulo 2010, o un art\u00edculo para la revista <em>The Clinic de Chile<\/em>, <strong>Laguna re\u00fane una selecci\u00f3n de textos que marcan el devenir de su carrera<\/strong> mientras traza un mapa afectivo y deja asentada su postura que apela antes al coraz\u00f3n que a la enciclopedia, muy lejos de cualquier atisbo de solemnidad. En el cap\u00edtulo titulado \u201cMontajelandia\u201d, por ejemplo, habla de que \u201cla realidad es cis\u201d mientras que el poema es \u201cun portal trans\u201d.<\/p>\n<\/div>\n<div id=\"element-body-5\" readability=\"63\">\n<p><strong>Este conjunto de textos que celebra lo fr\u00e1gil \u2013o aquello que no encaja\u2013 <\/strong>conforma tambi\u00e9n una forma de resistencia: \u201cLa vida est\u00e1 dividida entre \u2018lo que encaja\u2019 y \u2018lo que no\u2019; lo sano versus lo roto, lo lindo versus lo feo. Esto no tiene fin. Y lo hermoso es que se puedan conquistar nuevos sistemas de valoraciones. Lo que no encaja no es que quiera convertirse en normal si no que quiere ser integrado en su diferencia. Celebrar un mundo diverso ser\u00eda lo m\u00e1s genial\u201d, dice Laguna (Buenos Aires, 1972) en una entrevista con <strong>Clar\u00edn<\/strong>.<\/p>\n<\/div>\n<div id=\"element-body-7\" readability=\"61\">\n<p><strong>\u2013En varios textos del libro se entrelazan el amor, la amistad y el arte como formas de sost\u00e9n mutuo. \u00bfC\u00f3mo pens\u00e1s hoy ese \u00abmapa afectivo\u00bb que traz\u00e1s entre artistas, amigas y aliades a lo largo del libro?<\/strong><\/p>\n<\/div>\n<div id=\"element-body-8\" readability=\"71\">\n<p>\u2013Hay un concepto muy hermoso de las feministas ind\u00edgenas comunitarias de Centroam\u00e9rica, que es el de cuerpo\u2013territorio. Nuestros cuerpos son territorios de ocupaci\u00f3n, conquista, colonizaci\u00f3n pero tambi\u00e9n son territorios\u2013refugio, lugares de creaci\u00f3n, de resistencia, de fiestas, de rituales colectivos, del amor. La amistad es la multiplicaci\u00f3n de un territorio, es compartir y donde podemos abrir comedores populares, centros culturales, etc\u00e9tera. Como con Cecilia Pav\u00f3n que Belleza y Felicidad fue compartir el territorio de nuestra amistad. Para m\u00ed es muy importante lo que dijo Roberto Jacoby: la amistad como una tecnolog\u00eda que busca fortalecer la fuerza colectiva.<\/p>\n<\/div>\n<div id=\"element-body-9\" readability=\"63\">\n<p><strong>\u2013La obra que ilustra la tapa, \u201cNi\u00f1a con perrito\u201d, fue tambi\u00e9n tu primera pintura, y en el libro cont\u00e1s que fue un regalo para Isolina Silva, figura clave en tu vida y en la historia de la fundaci\u00f3n de Belleza y Felicidad Fiorito. \u00bfQu\u00e9 legado de ella sigue vivo en este espacio?<\/strong><\/p>\n<\/div>\n<div id=\"element-body-10\" readability=\"63\">\n<p>\u2013Tuve la suerte de conocerla. Yo pienso que pas\u00f3 algo rar\u00edsimo cuando baj\u00e9 a la calle con diez paquetes de fideos para donar y la encontr\u00e9 a ella cartoneando para poder dar comida en su comedor. Una locura de casualidad pero lo m\u00e1s bello es que nos hicimos muy amigas siendo muy diferentes y siendo totales desconocidas. Nos necesitamos al primer momento y eso nos uni\u00f3. Su legado es tan gigante pero todo compuesto de micro cosas: la est\u00e9tica de la galer\u00eda en su comienzo con paredes de cart\u00f3n forradas en papel \u2013la galer\u00eda era una pared que divid\u00eda habitaciones\u2013. Sus artesan\u00edas que eran incre\u00edblemente extra\u00f1as y locas marcaron un rumbo, nuestro primer comedor hecho en el patio con fuego, nuestras charlas de un existencialismo amateur. Con ella empec\u00e9 de casi cero, para ver como podr\u00eda ser todo de su mano.<\/p>\n<\/div>\n<div id=\"element-body-12\" readability=\"59\">\n<p><strong>\u2013Dec\u00eds en uno de los textos que el arte no puede institucionalizarse porque \u201ces un misterio\u201d, \u201cuna variedad imprecisa\u201d \u00bfC\u00f3mo te llev\u00e1s con las instituciones del arte?<\/strong><\/p>\n<\/div>\n<div id=\"element-body-13\" readability=\"66\">\n<p>\u2013Nunca me interesaron las instituciones porque eleg\u00ed el camino independiente y pasa que cuando ten\u00e9s que comenzar de cero con un espacio independiente te las tenes que olvidar s\u00ed o s\u00ed. Las instituciones generan prestigio, dan valor. Y cuando una busca el camino independiente debe generar sus propias formas de valoraci\u00f3n, independientemente del resto. Ahora, a mis 53 a\u00f1os, voy a hacer dos exposiciones en museos y me siento muy agradecida y es toda una oportunidad de ver c\u00f3mo hago para que mis obras se vean fr\u00e1giles y tiernas, entre otras cosas. Estoy trabajando bastante, hay que hacer una adaptaci\u00f3n y que de alguna manera se filtre lo precario.<\/p>\n<\/div>\n<div id=\"element-body-14\" readability=\"63\">\n<p><strong>\u2013Cont\u00e1s que en Belleza y Felicidad no se analizaba tanto lo que pasaba, sino lo que se viv\u00eda. Y tambi\u00e9n dec\u00eds que, por alg\u00fan motivo, la asociaron a lo superficial, como si el arte vinculado al goce o la emoci\u00f3n fuera menos serio. \u00bfQu\u00e9 pens\u00e1s hoy de esa mirada?<\/strong><\/p>\n<\/div>\n<div id=\"element-body-15\" readability=\"68\">\n<p>\u2013Nos asociaron a lo superficial por la lectura que hicieron algunas personas del nombre, tambi\u00e9n por ser una continuaci\u00f3n del Rojas donde lo femenino era muy descalificado. La mujer y los gays \u00e9ramos superficiales y los hombres eran lo intelectual, profundo. Las emociones eran menores y arbitrarias entonces la gente desconfiaba de ellas. Pero nosotras quer\u00edamos todo eso que estaba mal visto, por esta cosa del amor que es generado por lo fr\u00e1gil, lo tierno, lo roto. Estas cualidades sirven para personas tambi\u00e9n y eso no quiere decir que lo que hac\u00edamos en ByF no tuviera un impacto social: como la editorial queer y super econ\u00f3mica (pensando en una \u00e9poca de crisis) que armamos, una editorial creada para ser colectivizada. Como el espacio cultural que fuimos que impuls\u00f3 a muches artistes, durante nueve a\u00f1os, ampliando el sentido de esa palabra.<\/p>\n<\/div>\n<div id=\"element-body-27\" readability=\"58\">\n<p><strong><em>\u00a1Muy espectacular!<\/em>, de Fernanda Laguna (Random House).<\/strong><\/p>\n<\/div>\n","protected":false},"excerpt":{"rendered":"<p>La primera vez que la artista, poeta y curadora Fernanda Laguna tuvo una clase de pintura aprendi\u00f3 \u2013cuenta\u2013 a copiar: un conjuro m\u00e1gico para hacer permanecer algo para siempre, como un Dorian Gray de lo bello y lo tierno. As\u00ed a los 22 a\u00f1os realiz\u00f3 su primer cuadro, \u201cNi\u00f1a con perrito\u201d (1994), una peque\u00f1a calcoman\u00eda [&hellip;]<\/p>\n","protected":false},"author":1,"featured_media":109720,"comment_status":"closed","ping_status":"closed","sticky":false,"template":"","format":"standard","meta":[],"categories":[22],"tags":[],"_links":{"self":[{"href":"http:\/\/cordobateve.net\/index.php\/wp-json\/wp\/v2\/posts\/109719"}],"collection":[{"href":"http:\/\/cordobateve.net\/index.php\/wp-json\/wp\/v2\/posts"}],"about":[{"href":"http:\/\/cordobateve.net\/index.php\/wp-json\/wp\/v2\/types\/post"}],"author":[{"embeddable":true,"href":"http:\/\/cordobateve.net\/index.php\/wp-json\/wp\/v2\/users\/1"}],"replies":[{"embeddable":true,"href":"http:\/\/cordobateve.net\/index.php\/wp-json\/wp\/v2\/comments?post=109719"}],"version-history":[{"count":0,"href":"http:\/\/cordobateve.net\/index.php\/wp-json\/wp\/v2\/posts\/109719\/revisions"}],"wp:featuredmedia":[{"embeddable":true,"href":"http:\/\/cordobateve.net\/index.php\/wp-json\/wp\/v2\/media\/109720"}],"wp:attachment":[{"href":"http:\/\/cordobateve.net\/index.php\/wp-json\/wp\/v2\/media?parent=109719"}],"wp:term":[{"taxonomy":"category","embeddable":true,"href":"http:\/\/cordobateve.net\/index.php\/wp-json\/wp\/v2\/categories?post=109719"},{"taxonomy":"post_tag","embeddable":true,"href":"http:\/\/cordobateve.net\/index.php\/wp-json\/wp\/v2\/tags?post=109719"}],"curies":[{"name":"wp","href":"https:\/\/api.w.org\/{rel}","templated":true}]}}