{"id":110130,"date":"2025-07-22T12:59:25","date_gmt":"2025-07-22T12:59:25","guid":{"rendered":"https:\/\/www.clarin.com\/cultura\/libro-leer-chicos-hoy-recomienda-flor-solgatto-pequena-crianza_0_cfvJM5wOe5.html"},"modified":"2025-07-22T12:59:25","modified_gmt":"2025-07-22T12:59:25","slug":"un-libro-para-leer-con-los-chicos-hoy-recomienda-flor-solgatto-de-pequena-crianza","status":"publish","type":"post","link":"http:\/\/cordobateve.net\/index.php\/2025\/07\/22\/un-libro-para-leer-con-los-chicos-hoy-recomienda-flor-solgatto-de-pequena-crianza\/","title":{"rendered":"Un libro para leer con los chicos: hoy recomienda Flor Solgatto, de Pequena crianza"},"content":{"rendered":"<p><img src=\"http:\/\/cordobateve.net\/wp-content\/uploads\/2025\/07\/un-libro-para-leer-con-los-chicos-hoy-recomienda-flor-solgatto-de-pequena-crianza.jpg\"><\/p>\n<div><img src=\"http:\/\/cordobateve.net\/wp-content\/uploads\/2025\/07\/un-libro-para-leer-con-los-chicos-hoy-recomienda-flor-solgatto-de-pequena-crianza-2.jpg\" class=\"ff-og-image-inserted\"><\/div>\n<div id=\"element-body-0\" readability=\"64.532945736434\">\n<p>En la infancia de <strong><a href=\"https:\/\/www.instagram.com\/pequenacrianza\/\" target=\"_blank\" title=\"Flor\" alt=\"Flor\" rel=\"noopener noreferrer\">Flor<\/a> Solgatto<\/strong>, la creadora de la librer\u00eda <strong><a href=\"https:\/\/www.pequenacrianza.com\/\" target=\"_blank\" title=\"Pequena crianza\" alt=\"Pequena crianza\" rel=\"noopener noreferrer\">Pequena crianza<\/a><\/strong>, no abundaban los libros nuevos. <strong>Hab\u00eda que pedirlos prestados<\/strong> en la escuela o en la biblioteca. Entonces, cuando aparec\u00edan, cuando uno lograba llegar a esa casa de cuatro hijas y muchas cosas que comprar, el deleite se repet\u00eda una y otra vez: \u00ab<strong>Lo le\u00ed un sin fin de veces<\/strong>, hasta record\u00e1rmelo de memoria como me gustaba hacer con todos los cuentos\u00bb, comparte ahora con <strong>Clar\u00edn <\/strong>a prop\u00f3sito de un ejemplar comprado en la Feria del Libro.<\/p>\n<\/div>\n<div id=\"element-body-2\" readability=\"67\">\n<p>Flor Solgatto se form\u00f3 como<strong> educadora de nivel inicial pero tambi\u00e9n como trabajadora social<\/strong>, dos disciplinas en las que los libros y las historias son no solo elemento de trabajo sino tambi\u00e9n un puente. \u00abHace m\u00e1s de 20 a\u00f1os trabajo con las infancias y adolescencias, sus trayectorias educativas, sus identidades, y conformaciones familiares. En mi que hacer profesional, como en mi vida personal, <strong>los cuentos y los juegos de mesa han sido elementales<\/strong>\u00ab, explica en la web de Pequena crianza.<\/p>\n<\/div>\n<div id=\"element-body-3\" readability=\"67\">\n<p>Para ella, \u00ab<strong>los cuentos generan risas, fomentan la imaginaci\u00f3n, crean y refuerzan v\u00ednculos, al igual que los juegos<\/strong>. Entonces; si como docente y trabajadora social pude observar el enriquecimiento emocional en la ni\u00f1ez y adolescencia; \u00bfpor qu\u00e9 no compartirlo y que lleguen estas herramientas a m\u00e1s y m\u00e1s ni\u00f1os, ni\u00f1as y adolescentes?\u00bb, se pregunta. Esa inquietud es la semilla de un espacio c\u00e1lido y lleno de magia sobre la calle Aguirre, del barrio de Pequena crianza.<\/p>\n<\/div>\n<div id=\"element-body-4\" readability=\"59\">\n<p>Y a pedido de <strong>Clar\u00edn<\/strong>, Flor Solgatto revisa el rol de los libros en su vida y recomienda dos imperdibles.<\/p>\n<\/div>\n<div id=\"element-body-5\" readability=\"58\">\n<p><strong>\u2013Si fueras peque ahora, \u00bfqu\u00e9 libro no te perder\u00edas por nada del mundo?<\/strong><\/p>\n<\/div>\n<div id=\"element-body-6\" readability=\"56.648501362398\">\n<p>\u2013<em><a href=\"https:\/\/www.loqueleo.com\/ar\/libro\/el-arbol-de-los-ruidos-y-las-nueces\" target=\"_blank\" title=\"El \u00e1rbol de los ruidos y las nueces\" alt=\"El \u00e1rbol de los ruidos y las nueces\" rel=\"noopener noreferrer\">El \u00e1rbol de los ruidos y las nueces<\/a>,<\/em> de Silvia Schujer. Lo siento en el alma, para abrazar la historia de nuestro pa\u00eds, para entenderla de otra manera, para que estudiar y leer historia resulte interesante. Y luego<em> <a href=\"https:\/\/youtu.be\/ufyYvLbWG5A\" target=\"_blank\" title=\"La joya interior\" alt=\"La joya interior\" rel=\"noopener noreferrer\">La joya interior<\/a><\/em>, de Anna Llenas. Para que durante toda la vida me acompa\u00f1ase el sentimiento de no perder y buscar, la luz que hay en mi interior.<\/p>\n<\/div>\n<div id=\"element-body-8\" readability=\"57\">\n<p><strong>\u2013\u00bfQu\u00e9 record\u00e1s de tus lecturas de infancia?<\/strong><\/p>\n<\/div>\n<div id=\"element-body-9\" readability=\"74\">\n<p>\u2013De mi infancia tengo varios recuerdos en cuanto a la literatura, cuentos cl\u00e1sico en general y \u00abLa triste historia de el soldadito de plomo\u00bb, que toler\u00e9 que me lo leyeran solo una vez. En mi casa, no abundaban los libros propios. Los busc\u00e1bamos en la biblioteca de la escuela cada viernes, o en la del barrio cada martes cuando asist\u00edamos con mis hermanas a un taller literario. Como somos cuatro hermanas, para nuestra econom\u00eda era muy oneroso tener libros nuevos para todas. En una de las pocas ediciones de la Feria del Libro en la que mi mam\u00e1 pudo comprar, llegaron a casa dos t\u00edtulos. Uno no me gustaba, sus dibujos me daban miedo y tristeza, pero de todos modos lo le\u00ed un sinf\u00edn de veces, hasta record\u00e1rmelo de memoria como me gustaba hacer con todos los cuentos. M\u00e1s tarde, lleg\u00f3 a mis manos \u00abEl hombrecito del azulejo\u00bb, de Manuel Mujica Lainez. Otro cuento que le\u00ed centenares de veces. Me causaba tristeza, necesitaba que ese hombrecito fuera mirado por otros, por muchos. Con el tiempo, me di cuenta de que tal vez en ese momento me sent\u00eda identificada con \u00e9l porque era una ni\u00f1a muy t\u00edmida e insegura. Cuando lo le\u00ed de adulta resignifique su mensaje y me vi reflejada pero como trabajadora social ya de peque\u00f1a porque yo hab\u00eda encontrado en \u00e9l a un ni\u00f1o que no era visto y me interesaba que otros lo recatasen de la oscuridad.<\/p>\n<\/div>\n<div id=\"element-body-11\" readability=\"58\">\n<p><strong>\u2013\u00bfC\u00f3mo naci\u00f3 la idea de la librer\u00eda y qu\u00e9 momentos de su historia te hicieron realmente feliz?<\/strong><\/p>\n<\/div>\n<div id=\"element-body-12\" readability=\"73\">\n<p>\u2013La liber\u00eca naci\u00f3 de un grupo de amigas, las \u00abMamis del WS\u00bb, que viene desde el jard\u00edn maternal de mi hijo. Soy docente de nivel inicial y trabajadora social. En este rol, me desempe\u00f1o en la protecci\u00f2n y reivindicaci\u00f2n de derechos de ni\u00f1as, ni\u00f1os y adolescentes, y siempre sum\u00e9 cuentos a mis din\u00e1micas de intervenci\u00f3n, incluso llev\u00e1ndolos a los domicilios en los que hago entrevistas vinculares. El objetivo de Pequena crianza es fomentar los buenos v\u00ednculos y crear recuerdos imborrables en el coraz\u00f3n. Entonces, la lectura compartida, puede devenir en alimento para la resiliencia. La felicidad en el local la encuentro en el di\u00e1logo sincero, compartido y espont\u00e1neo que se desarrolla con las familias, docentes y profesionales. La m\u00edstica del libro que nos une aparece tambi\u00e9n en las l\u00e1grimas, los dolores, la felicidad y en el agradecimiento por parte de la gente cuando te dicen: \u00abQue hermosa librer\u00eda, que bueno que est\u00e1s ac\u00e1\u00bb.<\/p>\n<\/div>\n","protected":false},"excerpt":{"rendered":"<p>En la infancia de Flor Solgatto, la creadora de la librer\u00eda Pequena crianza, no abundaban los libros nuevos. Hab\u00eda que pedirlos prestados en la escuela o en la biblioteca. Entonces, cuando aparec\u00edan, cuando uno lograba llegar a esa casa de cuatro hijas y muchas cosas que comprar, el deleite se repet\u00eda una y otra vez: [&hellip;]<\/p>\n","protected":false},"author":1,"featured_media":110131,"comment_status":"closed","ping_status":"closed","sticky":false,"template":"","format":"standard","meta":[],"categories":[22],"tags":[],"_links":{"self":[{"href":"http:\/\/cordobateve.net\/index.php\/wp-json\/wp\/v2\/posts\/110130"}],"collection":[{"href":"http:\/\/cordobateve.net\/index.php\/wp-json\/wp\/v2\/posts"}],"about":[{"href":"http:\/\/cordobateve.net\/index.php\/wp-json\/wp\/v2\/types\/post"}],"author":[{"embeddable":true,"href":"http:\/\/cordobateve.net\/index.php\/wp-json\/wp\/v2\/users\/1"}],"replies":[{"embeddable":true,"href":"http:\/\/cordobateve.net\/index.php\/wp-json\/wp\/v2\/comments?post=110130"}],"version-history":[{"count":0,"href":"http:\/\/cordobateve.net\/index.php\/wp-json\/wp\/v2\/posts\/110130\/revisions"}],"wp:featuredmedia":[{"embeddable":true,"href":"http:\/\/cordobateve.net\/index.php\/wp-json\/wp\/v2\/media\/110131"}],"wp:attachment":[{"href":"http:\/\/cordobateve.net\/index.php\/wp-json\/wp\/v2\/media?parent=110130"}],"wp:term":[{"taxonomy":"category","embeddable":true,"href":"http:\/\/cordobateve.net\/index.php\/wp-json\/wp\/v2\/categories?post=110130"},{"taxonomy":"post_tag","embeddable":true,"href":"http:\/\/cordobateve.net\/index.php\/wp-json\/wp\/v2\/tags?post=110130"}],"curies":[{"name":"wp","href":"https:\/\/api.w.org\/{rel}","templated":true}]}}