{"id":112125,"date":"2025-08-27T20:07:53","date_gmt":"2025-08-27T20:07:53","guid":{"rendered":"https:\/\/www.clarin.com\/cultura\/original-tejido-ceramica-quedo-premio-volf-arteba-vincula-arte-oficios_0_pL7gdAC6DG.html"},"modified":"2025-08-27T20:07:53","modified_gmt":"2025-08-27T20:07:53","slug":"un-original-tejido-de-ceramica-se-quedo-con-el-premio-volf-de-arteba-que-vincula-arte-y-oficios","status":"publish","type":"post","link":"http:\/\/cordobateve.net\/index.php\/2025\/08\/27\/un-original-tejido-de-ceramica-se-quedo-con-el-premio-volf-de-arteba-que-vincula-arte-y-oficios\/","title":{"rendered":"Un original tejido de cer\u00e1mica se qued\u00f3 con el premio Volf de arteba, que vincula arte y oficios"},"content":{"rendered":"<p><img src=\"http:\/\/cordobateve.net\/wp-content\/uploads\/2025\/08\/un-original-tejido-de-ceramica-se-quedo-con-el-premio-volf-de-arteba-que-vincula-arte-y-oficios.jpg\"><\/p>\n<div class=\"sc-45461e9c-0 eqiBeF container-text text-embed \" id=\"element-body-0\" readability=\"56.416184971098\">\n<p>El artista cordob\u00e9s <strong>Luciano Gim\u00e9nez<\/strong>,<strong> <\/strong>que explora las posibilidades est\u00e9ticas de la arcilla local, es el ganador de la primera edici\u00f3n del <strong>Premio Volf de Arte Contempor\u00e1neo<\/strong>, que se suma a las distinciones que se entregan durante <a href=\"https:\/\/www.clarin.com\/tema\/arteba.html\" target=\"_blank\" title=\"arteba\" alt=\"arteba\" rel=\"noopener noreferrer\">arteba<\/a>, que hoy mi\u00e9rcoles <a href=\"https:\/\/www.clarin.com\/cultura\/mon-laferte-andrea-echeverri-muestran-obra-visual-arteba-2025_0_dsddttuWfP.html\" target=\"_blank\" title=\"inaugura \" alt=\"inaugura \" rel=\"noopener noreferrer\">inaugura <\/a>para <a href=\"https:\/\/www.clarin.com\/cultura\/fondo-nacional-artes-dio-prestamos-blandos-importantes-galerias-arteba_0_zVV0dqAmiu.html\" target=\"_blank\" title=\"instituciones \" alt=\"instituciones \" rel=\"noopener noreferrer\">instituciones <\/a>y <a href=\"https:\/\/www.clarin.com\/cultura\/semana-arte-pasos-empezar-coleccionar-obras-aprovechar-ferias_0_FZbjP1SCRT.html\" target=\"_blank\" title=\"coleccionistas \" alt=\"coleccionistas \" rel=\"noopener noreferrer\">coleccionistas <\/a>y el viernes para el p\u00fablico en general.<\/p>\n<\/div>\n<div class=\"sc-45461e9c-0 eqiBeF container-text text-embed \" id=\"element-body-2\" readability=\"62\">\n<p>La obra del artista de 44 a\u00f1os cumple con <strong>el v\u00ednculo consolidado entre el arte y el oficio<\/strong>, premisa principal para que el jurado conformado por Leandro Vainberg \u2013director de la compa\u00f1\u00eda experta en cuberter\u00eda y vajilla\u2013 y Lucas Kokogian, director de la Galer\u00eda Azur, lo eligieran.<\/p>\n<\/div>\n<div class=\"sc-45461e9c-0 eqiBeF container-text text-embed \" id=\"element-body-3\" readability=\"62\">\n<p>El reconocimiento pone el ojo en<strong> las pr\u00e1cticas que logran integrar la maestr\u00eda t\u00e9cnica con una visi\u00f3n art\u00edstica contempor\u00e1nea<\/strong> y tambi\u00e9n atiende a las piezas relacionadas con la gastronom\u00eda como territorio de creaci\u00f3n. Por caso, los objetos utilitarios que Gim\u00e9nez desarroll\u00f3 durante a\u00f1os, aunque \u00faltimamente despunt\u00f3 por <strong>sus tejidos en arcilla a gran escala<\/strong>.<\/p>\n<\/div>\n<div class=\"sc-98b114a2-0 bkqiHH image-embed image-embed \" id=\"element-body-4\"><picture class=\"sc-98b114a2-1 jRUlDm\"><source media=\"(min-width: 975px)\" width=\"720\" height=\"480\" srcset=\"http:\/\/cordobateve.net\/wp-content\/uploads\/2025\/08\/un-original-tejido-de-ceramica-se-quedo-con-el-premio-volf-de-arteba-que-vincula-arte-y-oficios-2.jpg\"><img alt=\"Obras de Luciano Gim\u00e9nez en arteba. Foto: Juano Tesone. \" loading=\"eager\" width=\"720\" height=\"480\" decoding=\"async\" data-nimg=\"1\" src=\"http:\/\/cordobateve.net\/wp-content\/uploads\/2025\/08\/un-original-tejido-de-ceramica-se-quedo-con-el-premio-volf-de-arteba-que-vincula-arte-y-oficios-2.jpg\"><span class=\"epigraphe\">Obras de Luciano Gim\u00e9nez en arteba. Foto: Juano Tesone. <\/span><span class=\"picture-open\"><button class=\"open-image\" aria-label=\"Open Image\"><\/button><\/span><\/picture><\/div>\n<div class=\"sc-45461e9c-0 eqiBeF container-text text-embed \" id=\"element-body-5\" readability=\"61\">\n<p>Adem\u00e1s de un expendio de <strong>3 millones de pesos para el ganador<\/strong>, la compa\u00f1\u00eda con m\u00e1s de 100 a\u00f1os de historia en el pa\u00eds, adquirir\u00e1 varias obras durante la feria para comenzar a armar una colecci\u00f3n.<\/p>\n<\/div>\n<div class=\"sc-45461e9c-0 eqiBeF container-text text-embed \" id=\"element-body-6\" readability=\"62\">\n<p>\u201cEstoy s\u00faper feliz\u201d, expres\u00f3 el autor a<strong> Clar\u00edn<\/strong>, tras recibir el premio. Formado en Dise\u00f1o Industrial y Artes Pl\u00e1sticas en la universidad p\u00fablica, integra el colectivo de cer\u00e1mica Casiopea y el de dibujo <strong>Carbonillas Project<\/strong>.<\/p>\n<\/div>\n<div class=\"sc-45461e9c-0 eqiBeF container-text text-embed \" id=\"element-body-7\" readability=\"62\">\n<p>Su obra ocupa un muro completo del stand de la <strong>galer\u00eda Cott<\/strong>, en arteba, con piezas exhibidas en la muestra <em>Corazas para algo inmenso<\/em>. Adem\u00e1s de <em>Macizo<\/em>, la pieza producida en el marco de la investigaci\u00f3n que est\u00e1 llevando a cabo en<strong> la f\u00e1brica de ladrillos Palmar<\/strong>.<\/p>\n<\/div>\n<div class=\"sc-98b114a2-0 bkqiHH image-embed image-embed \" id=\"element-body-8\"><picture class=\"sc-98b114a2-1 jRUlDm\"><source media=\"(min-width: 975px)\" width=\"720\" height=\"480\" srcset=\"http:\/\/cordobateve.net\/wp-content\/uploads\/2025\/08\/un-original-tejido-de-ceramica-se-quedo-con-el-premio-volf-de-arteba-que-vincula-arte-y-oficios-3.jpg\"><img alt=\"Coraza oscilante de la serie TERRACOTA\/tierra coscida. Modelado por extrusi\u00f3n manual, de arcilla roja cordobesa; cocida en baja temperatura, (1040\u00b0C) en atm\u00f3sfera occidante, 2024-2025.\" loading=\"eager\" width=\"720\" height=\"480\" decoding=\"async\" data-nimg=\"1\" src=\"http:\/\/cordobateve.net\/wp-content\/uploads\/2025\/08\/un-original-tejido-de-ceramica-se-quedo-con-el-premio-volf-de-arteba-que-vincula-arte-y-oficios-3.jpg\"><span class=\"epigraphe\">Coraza oscilante de la serie TERRACOTA\/tierra coscida. Modelado por extrusi\u00f3n manual, de arcilla roja cordobesa; cocida en baja temperatura, (1040\u00b0C) en atm\u00f3sfera occidante, 2024-2025.<\/span><span class=\"picture-open\"><button class=\"open-image\" aria-label=\"Open Image\"><\/button><\/span><\/picture><\/div>\n<div class=\"sc-45461e9c-0 eqiBeF container-text text-embed \" id=\"element-body-9\" readability=\"59\">\n<p><strong>\u2013Volf trabaja por la preservaci\u00f3n del oficio y tambi\u00e9n en lo utilitario, \u00bfes algo que est\u00e1 en tu labor?<\/strong><\/p>\n<\/div>\n<div class=\"sc-45461e9c-0 eqiBeF container-text text-embed \" id=\"element-body-10\" readability=\"66\">\n<p>\u2013Vengo del oficio y es lo que m\u00e1s valoro, mi contenci\u00f3n. Hace quince a\u00f1os que trabajo en cer\u00e1mica y descubrir t\u00e9cnicas nuevas la hace infinita. Pas\u00e9 por todas las etapas, de producci\u00f3n de vajilla para restaurantes, dar clases, experimentar, sorprenderme en el hacer. A la vez, soy t\u00e9cnico electromec\u00e1nico.<\/p>\n<\/div>\n<div class=\"sc-45461e9c-0 eqiBeF container-text text-embed \" id=\"element-body-11\" readability=\"57\">\n<p>\u2013<strong>\u00bfC\u00f3mo terminaste en una carrera de arte?<\/strong><\/p>\n<\/div>\n<div class=\"sc-45461e9c-0 eqiBeF container-text text-embed \" id=\"element-body-12\" readability=\"68\">\n<p>\u2013Siempre me gust\u00f3 poder construir con las manos. Y lo m\u00e1s cercano, en ese momento, que no fuera la arquitectura, era el dise\u00f1o industrial, que me da la posibilidad de construir cosas. Algo que ten\u00eda muy arraigado era el dibujo, estaba enamorado de eso. Todo lo quer\u00eda resolver de modo manual. Nunca me amigu\u00e9 con la tecnolog\u00eda, y me empec\u00e9 a quedar atr\u00e1s porque todo ten\u00eda que ver con la programaci\u00f3n. Disfrutaba de poder concretar una maqueta, por ah\u00ed iba mi fascinaci\u00f3n. Eso me llev\u00f3 al arte. De curioso, termin\u00e9 cursando la carrera de Artes Pl\u00e1sticas.<\/p>\n<\/div>\n<div class=\"sc-45461e9c-0 eqiBeF container-text text-embed \" id=\"element-body-13\" readability=\"58\">\n<p>\u2013<strong>\u00bfC\u00f3mo empez\u00e1s en la cer\u00e1mica y c\u00f3mo se dio la transici\u00f3n que hiciste de las primeras piezas decoradas a las actuales en arcilla?<\/strong><\/p>\n<\/div>\n<div class=\"sc-45461e9c-0 eqiBeF container-text text-embed \" id=\"element-body-14\" readability=\"64\">\n<p>\u2013Empec\u00e9 a hacer cer\u00e1mica con mi compa\u00f1era, Sol Carranza Sieber. Pod\u00edamos tener algo en el taller que funcionaba de manera real y, a su vez, agregarle algo extra, la decoraci\u00f3n. Me empec\u00e9 a fanatizar. Entr\u00e9 en ese mundo de \u201cser ceramista\u201d y comenz\u00f3 a limpiarse todo lo otro. La materia en s\u00ed empez\u00f3 a mostrarse. Encontr\u00e9 la belleza en esa simpleza.<\/p>\n<\/div>\n<div class=\"sc-98b114a2-0 bkqiHH image-embed image-embed \" id=\"element-body-15\"><picture class=\"sc-98b114a2-1 jRUlDm\"><source media=\"(min-width: 975px)\" width=\"720\" height=\"480\" srcset=\"http:\/\/cordobateve.net\/wp-content\/uploads\/2025\/08\/un-original-tejido-de-ceramica-se-quedo-con-el-premio-volf-de-arteba-que-vincula-arte-y-oficios-4.jpg\"><img alt=\"Montaje de Arteba en Costa Salguero Macizo, de Luciano Gim\u00e9nez. \" loading=\"eager\" width=\"720\" height=\"480\" decoding=\"async\" data-nimg=\"1\" src=\"http:\/\/cordobateve.net\/wp-content\/uploads\/2025\/08\/un-original-tejido-de-ceramica-se-quedo-con-el-premio-volf-de-arteba-que-vincula-arte-y-oficios-4.jpg\"><span class=\"epigraphe\">Montaje de Arteba en Costa Salguero Macizo, de Luciano Gim\u00e9nez. <\/span><span class=\"picture-open\"><button class=\"open-image\" aria-label=\"Open Image\"><\/button><\/span><\/picture><\/div>\n<div class=\"sc-45461e9c-0 eqiBeF container-text text-embed \" id=\"element-body-16\" readability=\"60\">\n<p>\u2013<strong>La idea de las piezas que sean utilitarias y que a la vez generen goce, coincide con una \u00e9poca de corrimiento entre las disciplinas, \u00bfc\u00f3mo lo fuiste trabajando?<\/strong><\/p>\n<\/div>\n<div class=\"sc-45461e9c-0 eqiBeF container-text text-embed \" id=\"element-body-17\" readability=\"64\">\n<p>\u2013El tiempo tambi\u00e9n te aclara el sentido del oficio. Producir vajilla en su momento me encant\u00f3, pero despu\u00e9s me termin\u00f3 cansando. Hubo un boom en la cer\u00e1mica y cuando algo se pone de moda, me espanta un poco, no me quise quedar en ese lugar. Cuando empec\u00e9 con los tejidos me fascinaba la escala, hacer grandes piezas. Creo que ese fue el detonante de la b\u00fasqueda.<\/p>\n<\/div>\n<div class=\"sc-45461e9c-0 eqiBeF container-text text-embed \" id=\"element-body-18\" readability=\"58\">\n<p>\u2013<strong>Se hizo evidente en la \u00faltima muestra <em>Corazas para algo inmenso<\/em>. \u00bfEn qu\u00e9 momento pens\u00e1s en \u201ctejer\u201d cer\u00e1mica?<\/strong><\/p>\n<\/div>\n<div class=\"sc-45461e9c-0 eqiBeF container-text text-embed \" id=\"element-body-19\" readability=\"64\">\n<p>\u2013Hace unos a\u00f1os, empec\u00e9 a ver dise\u00f1adores que usaban piezas de extrusi\u00f3n para hacer bancos, sacaban la cer\u00e1mica de la vajilla, de lo cotidiano. Y cuando estaba en un viaje visitando talleres por Latinoam\u00e9rica, conoc\u00ed artistas que forraban edificios de cer\u00e1mica. Ve\u00eda la escala de la materia y el desaf\u00edo que eso implica y pens\u00e9 en hacerlo. Busqu\u00e9 cu\u00e1les eran los talleres en C\u00f3rdoba que ten\u00edan hornos grandes y uno era el de la f\u00e1brica de ladrillos Palmar.<\/p>\n<\/div>\n<div class=\"sc-45461e9c-0 eqiBeF container-text text-embed \" id=\"element-body-20\" readability=\"57\">\n<p>\u2013<strong>\u00bfC\u00f3mo comenzaste a trabajar con ellos?<\/strong><\/p>\n<\/div>\n<div class=\"sc-45461e9c-0 eqiBeF container-text text-embed \" id=\"element-body-21\" readability=\"63\">\n<p>\u2013Me invitaron a conocer el lugar y ah\u00ed se abri\u00f3 un nuevo portal en mi obra. Justo con unos amigos hab\u00edamos hecho un mural para la ciudad universitaria y ven\u00eda trabajando la cer\u00e1mica roja que dentro del taller es la m\u00e1s inc\u00f3moda, porque se raja y tiene poco valor. Comenz\u00f3 a tomar sentido la materia, la tierra que uno encuentra en el r\u00edo. Era simple: recolectar, amasar y construir. Empec\u00e9 a dise\u00f1ar piezas de gran formato con la arcilla de la f\u00e1brica.<\/p>\n<\/div>\n<div class=\"sc-98b114a2-0 bkqiHH image-embed image-embed \" id=\"element-body-22\"><picture class=\"sc-98b114a2-1 jRUlDm\"><source media=\"(min-width: 975px)\" width=\"720\" height=\"480\" srcset=\"http:\/\/cordobateve.net\/wp-content\/uploads\/2025\/08\/un-original-tejido-de-ceramica-se-quedo-con-el-premio-volf-de-arteba-que-vincula-arte-y-oficios-5.jpg\"><img alt=\"A la derecha, Cota vegetal II de la serie TERRACOTA\/tierra coscida. \" loading=\"eager\" width=\"720\" height=\"480\" decoding=\"async\" data-nimg=\"1\" src=\"http:\/\/cordobateve.net\/wp-content\/uploads\/2025\/08\/un-original-tejido-de-ceramica-se-quedo-con-el-premio-volf-de-arteba-que-vincula-arte-y-oficios-5.jpg\"><span class=\"epigraphe\">A la derecha, Cota vegetal II de la serie TERRACOTA\/tierra coscida. <\/span><span class=\"picture-open\"><button class=\"open-image\" aria-label=\"Open Image\"><\/button><\/span><\/picture><\/div>\n<div class=\"sc-45461e9c-0 eqiBeF container-text text-embed \" id=\"element-body-23\" readability=\"58\">\n<p>\u2013<strong>En tu viaje por Latinoam\u00e9rica, \u00bftomaste referencia de alg\u00fan textil en particular?<\/strong><\/p>\n<\/div>\n<div class=\"sc-45461e9c-0 eqiBeF container-text text-embed \" id=\"element-body-24\" readability=\"65\">\n<p>\u2013Cuando empec\u00e9 a tejer piezas de cer\u00e1mica pens\u00e9 que alguien ya lo hac\u00eda, pero busqu\u00e9 en Internet y no encontr\u00e9 a nadie. Fue una b\u00fasqueda muy propia, y es muy simple el tejido que hago. Uno trae esas cosas, como cuando estudiaba dise\u00f1o que me gustaba poder bordar algo en la ropa. Siempre me gust\u00f3 la moda. Tuve la experiencia t\u00edpica, sin tener que basarme en eso, de la abuela que teje. Adem\u00e1s del acceso a una m\u00e1quina de coser y a un telar.<\/p>\n<\/div>\n<div class=\"sc-45461e9c-0 eqiBeF container-text text-embed \" id=\"element-body-25\" readability=\"63\">\n<p>Volviendo al viaje y las influencias, en el inconsciente me quedaron las visitas a tantos museos en Colombia, Per\u00fa y M\u00e9xico. El fuerte es el tejido y la cer\u00e1mica roja. Me sent\u00ed c\u00f3modo cuando pude unir esas dos t\u00e9cnicas, y lo que se gener\u00f3 al flexibilizar lo r\u00edgido y poder usar la cer\u00e1mica con otra funci\u00f3n.<\/p>\n<\/div>\n<div class=\"sc-45461e9c-0 eqiBeF container-text text-embed \" id=\"element-body-26\" readability=\"57\">\n<p>\u2013<strong>\u00bfC\u00f3mo defin\u00eds la extensi\u00f3n del formato de los textiles?<\/strong><\/p>\n<\/div>\n<div class=\"sc-45461e9c-0 eqiBeF container-text text-embed \" id=\"element-body-27\" readability=\"66\">\n<p>\u2013Trato de expandirme lo m\u00e1s que pueda. Despu\u00e9s, implica un mont\u00f3n de cosas, porque no es lo mismo mover una pieza de cer\u00e1mica de gran porte que un dibujo, eso me limita siempre. Para la muestra en la galer\u00eda Cott manej\u00e9 cierta escala, transportable, que se pueda poner en una casa, y que no sea tan exagerado.<\/p>\n<\/div>\n<div class=\"sc-45461e9c-0 eqiBeF container-text text-embed \" id=\"element-body-28\" readability=\"59\">\n<p>\u2013<strong>Y la obra hecha a partir de ladrillos que estar\u00e1s presentando en arteba, \u00bfqu\u00e9 caracter\u00edsticas tiene?<\/strong><\/p>\n<\/div>\n<div class=\"sc-45461e9c-0 eqiBeF container-text text-embed \" id=\"element-body-29\" readability=\"64\">\n<p>\u2013Se llama <em>Macizo<\/em>. Viene ligada al proceso que tuve a\u00f1os atr\u00e1s con unos macizos de ladrillo. Fui con una idea, pero ese barro no es el mismo que se maneja en el taller. Se comporta de otro modo, tiene una nueva l\u00f3gica. Son ladrillos extruidos, aplastados, deformados. A esa arruga que se genera le empiezo a encontrar una parte est\u00e9tica. Me interesa que no se pierda que es un ladrillo pero que est\u00e1 manipulado de otro modo.<\/p>\n<\/div>\n","protected":false},"excerpt":{"rendered":"<p>El artista cordob\u00e9s Luciano Gim\u00e9nez, que explora las posibilidades est\u00e9ticas de la arcilla local, es el ganador de la primera edici\u00f3n del Premio Volf de Arte Contempor\u00e1neo, que se suma a las distinciones que se entregan durante arteba, que hoy mi\u00e9rcoles inaugura para instituciones y coleccionistas y el viernes para el p\u00fablico en general. La [&hellip;]<\/p>\n","protected":false},"author":1,"featured_media":112126,"comment_status":"closed","ping_status":"closed","sticky":false,"template":"","format":"standard","meta":[],"categories":[22],"tags":[],"_links":{"self":[{"href":"http:\/\/cordobateve.net\/index.php\/wp-json\/wp\/v2\/posts\/112125"}],"collection":[{"href":"http:\/\/cordobateve.net\/index.php\/wp-json\/wp\/v2\/posts"}],"about":[{"href":"http:\/\/cordobateve.net\/index.php\/wp-json\/wp\/v2\/types\/post"}],"author":[{"embeddable":true,"href":"http:\/\/cordobateve.net\/index.php\/wp-json\/wp\/v2\/users\/1"}],"replies":[{"embeddable":true,"href":"http:\/\/cordobateve.net\/index.php\/wp-json\/wp\/v2\/comments?post=112125"}],"version-history":[{"count":0,"href":"http:\/\/cordobateve.net\/index.php\/wp-json\/wp\/v2\/posts\/112125\/revisions"}],"wp:featuredmedia":[{"embeddable":true,"href":"http:\/\/cordobateve.net\/index.php\/wp-json\/wp\/v2\/media\/112126"}],"wp:attachment":[{"href":"http:\/\/cordobateve.net\/index.php\/wp-json\/wp\/v2\/media?parent=112125"}],"wp:term":[{"taxonomy":"category","embeddable":true,"href":"http:\/\/cordobateve.net\/index.php\/wp-json\/wp\/v2\/categories?post=112125"},{"taxonomy":"post_tag","embeddable":true,"href":"http:\/\/cordobateve.net\/index.php\/wp-json\/wp\/v2\/tags?post=112125"}],"curies":[{"name":"wp","href":"https:\/\/api.w.org\/{rel}","templated":true}]}}