{"id":112183,"date":"2025-08-28T16:01:42","date_gmt":"2025-08-28T16:01:42","guid":{"rendered":"https:\/\/www.clarin.com\/cultura\/confluencias-fotografos-exhiben-naturaleza-castillo-colegio-marin_0_kbEkDXXf5y.html"},"modified":"2025-08-28T16:01:42","modified_gmt":"2025-08-28T16:01:42","slug":"confluencias-siete-fotografos-exhiben-naturaleza-en-el-castillo-del-colegio-marin","status":"publish","type":"post","link":"http:\/\/cordobateve.net\/index.php\/2025\/08\/28\/confluencias-siete-fotografos-exhiben-naturaleza-en-el-castillo-del-colegio-marin\/","title":{"rendered":"\u2018Confluencias\u2019: siete fot\u00f3grafos exhiben naturaleza en el castillo del Colegio Mar\u00edn"},"content":{"rendered":"<p><img src=\"http:\/\/cordobateve.net\/wp-content\/uploads\/2025\/08\/confluencias-siete-fotografos-exhiben-naturaleza-en-el-castillo-del-colegio-marin.jpg\"><\/p>\n<div class=\"sc-45461e9c-0 eqiBeF container-text text-embed \" id=\"element-body-0\" readability=\"66\">\n<p>La creatividad compartida rinde sus frutos. Esto ha quedado claro en la exitosa expo <strong><em>Confluencias<\/em><\/strong>, que concluir\u00e1 el domingo en el <strong>Espacio Cultural Mar\u00edn, en Beccar<\/strong>, partido de San Isidro. <strong>Siete fot\u00f3grafos de distintas trayectorias fusionaron sus miradas<\/strong> y llevaron sus obras, donde la naturaleza habla desde distintas perspectivas en el antiguo castillo g\u00f3tico, recientemente renovado como un centro cultural, que est\u00e1 dentro del Colegio Mar\u00edn.<\/p>\n<\/div>\n<div class=\"sc-45461e9c-0 eqiBeF container-text text-embed \" id=\"element-body-2\" readability=\"63\">\n<p>Fue <strong>Rodolfo Medina<\/strong>, fot\u00f3grafo art\u00edstico y documental, quien convoc\u00f3 al curador Eduardo Medici, licenciado en psicolog\u00eda, artista pl\u00e1stico y docente y con numerosas exposiciones tanto individuales como colectivas en el pa\u00eds y el exterior.<\/p>\n<\/div>\n<div class=\"sc-45461e9c-0 eqiBeF container-text text-embed \" id=\"element-body-3\" readability=\"63\">\n<p><strong><em>Confluencias<\/em><\/strong> se propuso ser un punto de encuentro entre siete caminos, donde la luz, el cuerpo y la fuerza de la naturaleza se cruzan, y terminan capturando la atenci\u00f3n del visitante desde una profundidad que el curador supo extraer. Medici fue durante m\u00e1s de 20 a\u00f1os director art\u00edstico del Espacio ArtexArte dedicado a la fotograf\u00eda.<\/p>\n<\/div>\n<div class=\"sc-98b114a2-0 bkqiHH image-embed image-embed \" id=\"element-body-4\"><picture class=\"sc-98b114a2-1 jRUlDm\"><source media=\"(min-width: 975px)\" width=\"720\" height=\"480\" srcset=\"http:\/\/cordobateve.net\/wp-content\/uploads\/2025\/08\/confluencias-siete-fotografos-exhiben-naturaleza-en-el-castillo-del-colegio-marin-2.jpg\"><img alt=\"Los bosques de Claudia Behrensen, en Confluencias. Foto: gentileza.\" loading=\"eager\" width=\"720\" height=\"480\" decoding=\"async\" data-nimg=\"1\" src=\"http:\/\/cordobateve.net\/wp-content\/uploads\/2025\/08\/confluencias-siete-fotografos-exhiben-naturaleza-en-el-castillo-del-colegio-marin-2.jpg\"><span class=\"epigraphe\">Los bosques de Claudia Behrensen, en Confluencias. Foto: gentileza.<\/span><span class=\"picture-open\"><button class=\"open-image\" aria-label=\"Open Image\"><\/button><\/span><\/picture><\/div>\n<p><h2>Diez salas de un castillo<\/h2>\n<\/p>\n<div class=\"sc-45461e9c-0 eqiBeF container-text text-embed \" id=\"element-body-6\" readability=\"60\">\n<p><strong>Son diez salas del castillo construido en 1880 las que ocupan las obras de los fot\u00f3grafos <\/strong>coordinados por Medina, quien presenta una serie sobre dunas y m\u00e9danos de la costa bonaerense que humanizan el paisaje y exhiben que nada es permanente.<\/p>\n<\/div>\n<div class=\"sc-45461e9c-0 eqiBeF container-text text-embed \" id=\"element-body-7\" readability=\"65\">\n<p>Los bosques de <strong>Claudia Behrensen<\/strong>, los d\u00edpticos de<strong> Paola Aranoa<\/strong> sobre el v\u00ednculo entre la naturaleza y la mujer y la constelaci\u00f3n de fotograf\u00edas en una sala a oscuras de <strong>Fer Zannol<\/strong>, son parte de un recorrido que tambi\u00e9n ofrece obras de <strong>Lala Bocci<\/strong>, que experimenta sobre la materialidad del papel; de<strong> Alicia Rasore<\/strong>, cuyas im\u00e1genes indagan sobre el silencio y la contemplaci\u00f3n, y de <strong>Carolina Quesada<\/strong> que juega con los l\u00edmites buscando desestructurar las im\u00e1genes.<\/p>\n<\/div>\n<div class=\"sc-98b114a2-0 bkqiHH image-embed image-embed \" id=\"element-body-8\"><picture class=\"sc-98b114a2-1 jRUlDm\"><source media=\"(min-width: 975px)\" width=\"720\" height=\"480\" srcset=\"http:\/\/cordobateve.net\/wp-content\/uploads\/2025\/08\/confluencias-siete-fotografos-exhiben-naturaleza-en-el-castillo-del-colegio-marin-3.jpg\"><img alt=\"D\u00edpticos de Paola Aranoa sobre el v\u00ednculo entre la naturaleza y la mujer, en Confluencias. Foto: gentileza.\" loading=\"eager\" width=\"720\" height=\"480\" decoding=\"async\" data-nimg=\"1\" src=\"http:\/\/cordobateve.net\/wp-content\/uploads\/2025\/08\/confluencias-siete-fotografos-exhiben-naturaleza-en-el-castillo-del-colegio-marin-3.jpg\"><span class=\"epigraphe\">D\u00edpticos de Paola Aranoa sobre el v\u00ednculo entre la naturaleza y la mujer, en Confluencias. Foto: gentileza.<\/span><span class=\"picture-open\"><button class=\"open-image\" aria-label=\"Open Image\"><\/button><\/span><\/picture><\/div>\n<div class=\"sc-45461e9c-0 eqiBeF container-text text-embed \" id=\"element-body-9\" readability=\"63\">\n<p>Conversamos con Medici, Medina, Behrensen, Aranoa y Zannol v\u00eda Zoom sobre la experiencia de reunirse en este proyecto com\u00fan, cuando cada uno tiene una trayectoria desarrollada en el arte fotogr\u00e1fico. Y<strong> \u201cconfluyeron\u201d en una experiencia que al p\u00fablico le vali\u00f3 la pena.<\/strong><\/p>\n<\/div>\n<div class=\"sc-45461e9c-0 eqiBeF container-text text-embed \" id=\"element-body-10\" readability=\"61\">\n<p>\u201cRodolfo ya ten\u00eda casi todo armado. Fui a conocer a los artistas y me propusieron la curadur\u00eda de ellos y el espacio. As\u00ed nos lanzamos\u201d, abre el di\u00e1logo Medici. Medina acota que es exalumno del Colegio Mar\u00edn y que el nuevo director<strong> \u201cha hecho cosas notables para darle una nueva dimensi\u00f3n al espacio\u201d<\/strong>. Hoy tiene un teatro donde se replica la cartelera de la avenida Corrientes y estas salas abiertas a exposiciones que se han estrenado con Confluencias.<\/p>\n<\/div>\n<div class=\"sc-98b114a2-0 bkqiHH image-embed image-embed \" id=\"element-body-11\"><picture class=\"sc-98b114a2-1 jRUlDm\"><source media=\"(min-width: 975px)\" width=\"720\" height=\"480\" srcset=\"http:\/\/cordobateve.net\/wp-content\/uploads\/2025\/08\/confluencias-siete-fotografos-exhiben-naturaleza-en-el-castillo-del-colegio-marin-4.jpg\"><img alt=\"D\u00edpticos de Paola Aranoa sobre el v\u00ednculo entre la naturaleza y la mujer, en Confluencias. Foto: gentileza.\" loading=\"eager\" width=\"720\" height=\"480\" decoding=\"async\" data-nimg=\"1\" src=\"http:\/\/cordobateve.net\/wp-content\/uploads\/2025\/08\/confluencias-siete-fotografos-exhiben-naturaleza-en-el-castillo-del-colegio-marin-4.jpg\"><span class=\"epigraphe\">D\u00edpticos de Paola Aranoa sobre el v\u00ednculo entre la naturaleza y la mujer, en Confluencias. Foto: gentileza.<\/span><span class=\"picture-open\"><button class=\"open-image\" aria-label=\"Open Image\"><\/button><\/span><\/picture><\/div>\n<div class=\"sc-45461e9c-0 eqiBeF container-text text-embed \" id=\"element-body-12\" readability=\"64\">\n<p>Behrensen y Aranoa conocieron el castillo y<strong> r\u00e1pidamente se familiarizaron con las diferentes salas<\/strong>, que vendr\u00edan a ser los cuartos originales del castillo. \u201cYo cuando entr\u00e9 al jard\u00edn de invierno, con ventanales y mucha luz, con vidrio repartido ah\u00ed visualic\u00e9 mi bosque\u201d, dice Claudia Behrensen.<\/p>\n<\/div>\n<div class=\"sc-45461e9c-0 eqiBeF container-text text-embed \" id=\"element-body-13\" readability=\"65\">\n<p>Paula Aranoa, que vive en Pilar, se deslumbr\u00f3 al conocer el espacio. \u201c<strong>Dej\u00e9 que viniera lo que ten\u00eda que venir. Yo quer\u00eda anidarlo y fui llevando mi alfombra<\/strong>, escrib\u00ed las paredes y quise hacer un espacio que fuese estudio, cobijo. Le puse mucho el cuerpo. Me anim\u00e9 luego con el patio de entrada. Luego se me ocurrieron unos lienzos gigantes de cuatro metros y quedaron muy bien. No quer\u00eda que fuera una imposici\u00f3n, porque mi obra es muy sutil. Y creo que lo logr\u00e9\u201d.<\/p>\n<\/div>\n<div class=\"sc-45461e9c-0 eqiBeF container-text text-embed \" id=\"element-body-14\" readability=\"65\">\n<p><strong>Fer Zannol eligi\u00f3 un lugar m\u00e1s cerrado, oscuro, para poder montar su obra<\/strong>. \u201cNo ten\u00eda una expectativa pero logr\u00e9 cerrar el espacio a los fines que necesitaba. La desarroll\u00e9 primero en el jard\u00edn de mi casa\u201d. Por su parte, Medina expone sobre dunas que, en alg\u00fan sentido, es lo que se mueve y no permanece.<\/p>\n<\/div>\n<p><h2>Naturaleza presente<\/h2>\n<\/p>\n<div class=\"sc-45461e9c-0 eqiBeF container-text text-embed \" id=\"element-body-16\" readability=\"60\">\n<p><strong>La naturaleza est\u00e1 presente en forma transversal<\/strong> en las obras de todos los artistas. En el caso de Zannol esa oscuridad que precisaba se relaciona con la etapa de la pandemia, que exime de cualquier otra explicaci\u00f3n.<\/p>\n<\/div>\n<div class=\"sc-45461e9c-0 eqiBeF container-text text-embed \" id=\"element-body-17\" readability=\"64\">\n<p>Medici confirma que en efecto<strong> la naturaleza es primordial en la obra de todos los fotoartistas<\/strong>. \u201cNo es por la fotograf\u00eda. Estos artistas trabajan en lo que hoy se conoce como fotograf\u00eda expandida. O sea que sus trabajos son interdisciplinarios. Por eso est\u00e1 la foto-instalaci\u00f3n, y tambi\u00e9n pintan, ocupan el espacio, y eso cautiv\u00f3 al p\u00fablico\u201d, se\u00f1ala el curador.<\/p>\n<\/div>\n<div class=\"sc-98b114a2-0 bkqiHH image-embed image-embed \" id=\"element-body-18\"><picture class=\"sc-98b114a2-1 jRUlDm\"><source media=\"(min-width: 975px)\" width=\"720\" height=\"480\" srcset=\"http:\/\/cordobateve.net\/wp-content\/uploads\/2025\/08\/confluencias-siete-fotografos-exhiben-naturaleza-en-el-castillo-del-colegio-marin-5.jpg\"><img alt=\"Constelaci\u00f3n de fotograf\u00edas en una sala a oscuras de Fer Zannol, en Confluencias. Foto: gentileza.\" loading=\"eager\" width=\"720\" height=\"480\" decoding=\"async\" data-nimg=\"1\" src=\"http:\/\/cordobateve.net\/wp-content\/uploads\/2025\/08\/confluencias-siete-fotografos-exhiben-naturaleza-en-el-castillo-del-colegio-marin-5.jpg\"><span class=\"epigraphe\">Constelaci\u00f3n de fotograf\u00edas en una sala a oscuras de Fer Zannol, en Confluencias. Foto: gentileza.<\/span><span class=\"picture-open\"><button class=\"open-image\" aria-label=\"Open Image\"><\/button><\/span><\/picture><\/div>\n<div class=\"sc-45461e9c-0 eqiBeF container-text text-embed \" id=\"element-body-19\" readability=\"63\">\n<p>Aranoa dice que \u201cel proyecto tuvo una sinton\u00eda inmediata\u201d. En el armado, dice Zannol,<strong> \u201cse potenci\u00f3 la naturaleza como hilo conductor\u201d.<\/strong> Para Behrensen, \u201ccada uno de los espacios invita a habitarlos. Y hay una conexi\u00f3n fuerte con habitar el lugar. Es como un refugio donde la naturaleza te abraza\u201d. Medina agrega que \u201cel espacio acababa de renovarse cuando empezamos a trabajar hace tres meses. Pongo \u00e9nfasis en destacar que siempre haya dos o tres artistas presentes para recibir al p\u00fablico. Destaco la integraci\u00f3n que se dio entre nosotros\u201d.<\/p>\n<\/div>\n<div class=\"sc-45461e9c-0 eqiBeF container-text text-embed \" id=\"element-body-20\" readability=\"64\">\n<p>En cuanto a la materialidad de la obra, <strong>Claudia Behrensen tiene a la fotograf\u00eda como una herramienta, tanto como le pas\u00f3 por la escultura<\/strong>. \u201cLa fotograf\u00eda m\u00e1s inmersiva, tridimensional, y la b\u00fasqueda creativa son lo que m\u00e1s me fascina. Necesito la interacci\u00f3n de otro lado con el p\u00fablico\u201d.<\/p>\n<\/div>\n<div class=\"sc-45461e9c-0 eqiBeF container-text text-embed \" id=\"element-body-21\" readability=\"60\">\n<p>Para Fer Zannol con la fotograf\u00eda que hace ya \u201cviene el soporte con que voy a montarla. <strong>Me gusta que la gente sea parte del montaje<\/strong>\u201d. Paula Aranoa pas\u00f3 de la fotograf\u00eda m\u00e1s cl\u00e1sica a lo que actualmente hace. \u201cLa fotograf\u00eda pas\u00f3 a ser soporte de otras expresiones. Escribir la pared es una forma. Y tambi\u00e9n tengo fotos intervenidas con la palabra escrita que hace m\u00e1s vulnerable a las im\u00e1genes y quer\u00eda que tuvieran vida m\u00eda\u201d.<\/p>\n<\/div>\n<div class=\"sc-98b114a2-0 bkqiHH image-embed image-embed \" id=\"element-body-22\"><picture class=\"sc-98b114a2-1 jRUlDm\"><source media=\"(min-width: 975px)\" width=\"720\" height=\"480\" srcset=\"http:\/\/cordobateve.net\/wp-content\/uploads\/2025\/08\/confluencias-siete-fotografos-exhiben-naturaleza-en-el-castillo-del-colegio-marin-6.jpg\"><img alt=\"Trabajos de Rodolfo Medina, fot\u00f3grafo art\u00edstico y documental, en Confluencias. Foto: gentileza.\" loading=\"eager\" width=\"720\" height=\"480\" decoding=\"async\" data-nimg=\"1\" src=\"http:\/\/cordobateve.net\/wp-content\/uploads\/2025\/08\/confluencias-siete-fotografos-exhiben-naturaleza-en-el-castillo-del-colegio-marin-6.jpg\"><span class=\"epigraphe\">Trabajos de Rodolfo Medina, fot\u00f3grafo art\u00edstico y documental, en Confluencias. Foto: gentileza.<\/span><span class=\"picture-open\"><button class=\"open-image\" aria-label=\"Open Image\"><\/button><\/span><\/picture><\/div>\n<div class=\"sc-45461e9c-0 eqiBeF container-text text-embed \" id=\"element-body-23\" readability=\"62\">\n<p>La muestra cerrar\u00e1 el domingo, de modo que a\u00fan hay tiempo de disfrutarla en la <strong>excepcional escenograf\u00eda de un castillo <\/strong>que alberga un colegio. Raro, s\u00ed, y providencial que semejante patrimonio haya sido restaurado para el arte y la cultura.<\/p>\n<\/div>\n","protected":false},"excerpt":{"rendered":"<p>La creatividad compartida rinde sus frutos. Esto ha quedado claro en la exitosa expo Confluencias, que concluir\u00e1 el domingo en el Espacio Cultural Mar\u00edn, en Beccar, partido de San Isidro. Siete fot\u00f3grafos de distintas trayectorias fusionaron sus miradas y llevaron sus obras, donde la naturaleza habla desde distintas perspectivas en el antiguo castillo g\u00f3tico, recientemente [&hellip;]<\/p>\n","protected":false},"author":1,"featured_media":112184,"comment_status":"closed","ping_status":"closed","sticky":false,"template":"","format":"standard","meta":[],"categories":[22],"tags":[],"_links":{"self":[{"href":"http:\/\/cordobateve.net\/index.php\/wp-json\/wp\/v2\/posts\/112183"}],"collection":[{"href":"http:\/\/cordobateve.net\/index.php\/wp-json\/wp\/v2\/posts"}],"about":[{"href":"http:\/\/cordobateve.net\/index.php\/wp-json\/wp\/v2\/types\/post"}],"author":[{"embeddable":true,"href":"http:\/\/cordobateve.net\/index.php\/wp-json\/wp\/v2\/users\/1"}],"replies":[{"embeddable":true,"href":"http:\/\/cordobateve.net\/index.php\/wp-json\/wp\/v2\/comments?post=112183"}],"version-history":[{"count":0,"href":"http:\/\/cordobateve.net\/index.php\/wp-json\/wp\/v2\/posts\/112183\/revisions"}],"wp:featuredmedia":[{"embeddable":true,"href":"http:\/\/cordobateve.net\/index.php\/wp-json\/wp\/v2\/media\/112184"}],"wp:attachment":[{"href":"http:\/\/cordobateve.net\/index.php\/wp-json\/wp\/v2\/media?parent=112183"}],"wp:term":[{"taxonomy":"category","embeddable":true,"href":"http:\/\/cordobateve.net\/index.php\/wp-json\/wp\/v2\/categories?post=112183"},{"taxonomy":"post_tag","embeddable":true,"href":"http:\/\/cordobateve.net\/index.php\/wp-json\/wp\/v2\/tags?post=112183"}],"curies":[{"name":"wp","href":"https:\/\/api.w.org\/{rel}","templated":true}]}}