{"id":11268,"date":"2021-03-23T17:30:00","date_gmt":"2021-03-23T17:30:00","guid":{"rendered":"http:\/\/cordobateve.net\/index.php\/2021\/03\/23\/tras-quedar-embarazada-de-su-segunda-hija-pampita-hablo-de-blanquita\/"},"modified":"2021-03-23T17:30:00","modified_gmt":"2021-03-23T17:30:00","slug":"tras-quedar-embarazada-de-su-segunda-hija-pampita-hablo-de-blanquita","status":"publish","type":"post","link":"http:\/\/cordobateve.net\/index.php\/2021\/03\/23\/tras-quedar-embarazada-de-su-segunda-hija-pampita-hablo-de-blanquita\/","title":{"rendered":"Tras quedar embarazada de su segunda hija, Pampita habl\u00f3 de Blanquita"},"content":{"rendered":"<div class=\"media_block\"><\/div>\n<p>Sin mencionar directamente a <strong>Blanquita<\/strong>,<strong>&nbsp;<a target=\"_blank\" href=\"https:\/\/caras.perfil.com\/noticias\/celebridades\/vicky-xipolitakis-sorprendio-a-pampita-con-un-gran-obsequio.phtml\" rel=\"noopener noreferrer\">Pampita<\/a>&nbsp;<\/strong>hizo referencia a lo dif\u00edcil que es su d\u00eda a d\u00eda tras su fallecimiento. En un intercambio con <strong>Leo Sbaraglia<\/strong> en <em>Podemos Hablar<\/em>, <strong>la conductora de 43 a\u00f1os&nbsp;<\/strong>habl\u00f3 del <strong>dolor <\/strong>que le genera&nbsp;su partida.<\/p>\n<p><strong>\u00ab<\/strong>\u00bfQu\u00e9 sent\u00eds que no te han preguntado tanto?, \u00bfQu\u00e9 sent\u00eds que es algo de tu <strong>vida<\/strong> que no ha entrado en el <strong>juego medi\u00e1tico<\/strong>, del cual todos participamos? \u00bfCu\u00e1l es esa Caro que no <strong>apareci\u00f3 <\/strong>tanto en los <strong>medios<\/strong>?\u00bb, le pregunt\u00f3<strong> el actor.&nbsp;<\/strong><\/p>\n<p>Entonces,<strong> la modelo <\/strong>respondi\u00f3: \u00abYo creo que siempre tengo como una <strong>muralla<\/strong>, doy hasta cierto punto y hay <strong>cosas <\/strong>que me <strong>gustan <\/strong>que <strong>queden <\/strong>entre los que me conocen, entre los m\u00e1s <strong>\u00edntimos<\/strong>\u00ab.&nbsp;<\/p>\n<p><img alt=\"Tras quedar embarazada de su segunda hija, Pampita habl\u00f3 de Blanquita\" src=\"http:\/\/cordobateve.net\/wp-content\/uploads\/2021\/03\/tras-quedar-embarazada-de-su-segunda-hija-pampita-hablo-de-blanquita.jpg\"><\/p>\n<p>\u00abNunca me sent\u00ed una abanderada de ciertas cosas. Eso me lo guard\u00e9 para m\u00ed,&nbsp;para la <strong>intimidad<\/strong>. Conocen una parte s\u00faper linda, pero hay todo un <strong>lado dif\u00edcil <\/strong>y duro del <strong>d\u00eda <\/strong>a <strong>d\u00eda<\/strong>, que no saben lo que es estar en esos zapatos\u00bb, cerr\u00f3<strong> la figura.<\/strong>&nbsp;<\/p>\n<p><img alt=\"El mensaje de Pampita a Blanquita: \" src=\"http:\/\/cordobateve.net\/wp-content\/uploads\/2021\/03\/tras-quedar-embarazada-de-su-segunda-hija-pampita-hablo-de-blanquita-1.jpg\"><\/p>\n<p>Cabe recordar que<strong> la hija<\/strong> que <strong>Carolina <\/strong>tuvo con<strong> <a target=\"_blank\" href=\"http:\/\/https:\/\/caras.perfil.com\/noticias\/celebridades\/benjamin-vicuna-hablo-de-la-vacunacion-vip-y-confirmo-que-sus-padres-recibieron-la-dosis.phtml\" rel=\"noopener noreferrer\">Benjam\u00edn Vicu\u00f1a<\/a><\/strong> <strong>falleci\u00f3 <\/strong>en el <strong>2012<\/strong>. Hoy, a casi 9 a\u00f1os de la tragedia, transita su <strong>quinto embarazo,<\/strong> el primero junto a <strong>Roberto Garc\u00eda Morit\u00e1n,<\/strong> su esposo desde fines del 2019.&nbsp;<\/p>\n<h2>Pampita cont\u00f3 c\u00f3mo fue cuando se enter\u00f3 del embarazo<\/h2>\n<p><a target=\"_blank\" href=\"http:\/\/https\/\/caras.perfil.com\/noticias\/celebridades\/pampita-y-otras-celebridades-volvieron-al-microteatro-en-la-rural.phtml\" rel=\"noopener noreferrer\"><strong>Pampita<\/strong><\/a>&nbsp;revel\u00f3 c\u00f3mo fue cuando se&nbsp;<strong>enter\u00f3<\/strong>&nbsp;del \u00faltimo&nbsp;<strong>embarazo<\/strong>. La celebridad argentina cont\u00f3 c\u00f3mo&nbsp;<strong>vivi\u00f3&nbsp;<\/strong>ese&nbsp;<strong>momento&nbsp;<\/strong>esperado junto a&nbsp;<strong>Roberto Garc\u00eda Morit\u00e1n<\/strong>&nbsp;a un a\u00f1o y casi cinco meses de su casamiento.&nbsp;<\/p>\n<p>\u00abIgual de&nbsp;<strong>m\u00e1gico&nbsp;<\/strong>que todos los otros hijos que tuve, muchos me dicen \u00b4bueno es el quinto\u00b4 y no, siempre tiene la misma magia, la misma sensaci\u00f3n de alegr\u00eda que vas por la calle con esa&nbsp;<strong>sonrisa&nbsp;<\/strong>en la&nbsp;<strong>cara<\/strong>\u00ab, expres\u00f3 en&nbsp;<em>Podemos Hablar.&nbsp;<\/em><\/p>\n<p>Luego,&nbsp;<strong>Carolina&nbsp;<\/strong>agreg\u00f3: \u00abNo importa cu\u00e1ntos&nbsp;<strong>hijos<\/strong>&nbsp;tengas, los que tienen varios me est\u00e1n entendiendo. Siempre tiene esa cosa&nbsp;<strong>sobrenatural<\/strong>, porque en un momento dec\u00eds \u00b4uy est\u00e1 ac\u00e1, est\u00e1&nbsp;<strong>creciendo<\/strong>\u00b4, de d\u00f3nde viene esta alma\u00bb.&nbsp;<\/p>\n<div class=\"embed-responsive embed-responsive-16by9 iframeContainer\">\n<div class=\"embed-responsive-item\">\n<figure class=\"video-img-replace\"> <a href=\"https:\/\/caras.perfil.com\/video\/celebridades\/tras-quedar-embarazada-de-su-segunda-hija-pampita-hablo-de-blanquita\/bLya8w\" title=\"Reproducir Video\"> <img src=\"http:\/\/cordobateve.net\/wp-content\/uploads\/2021\/03\/tras-quedar-embarazada-de-su-segunda-hija-pampita-hablo-de-blanquita-2.jpg\" alt=\"Pampita explic\u00f3 qu\u00e9 tiene de diferente su relaci\u00f3n con Roberto Garc\u00eda Morit\u00e1n\"> <\/a> <\/figure>\n<\/div>\n<\/div>\n<p>\u00abAs\u00ed&nbsp;que es una&nbsp;<strong>experiencia maravillosa<\/strong>,&nbsp;<strong>\u00fanica<\/strong>&nbsp;e&nbsp;<strong>irrepetible<\/strong>, a pesar de que uno sienta que el camino ya lo conoce con la experiencia de haber tenido otros hijos, vuelve a ser irrepetible porque cada hijo es especial, distinto, diferente, inclusive con los embarazos\u00bb, remat\u00f3&nbsp;<strong>la modelo.&nbsp;<\/strong><\/p>\n<div class=\" d-none \">\n<h3>Galer\u00eda de im\u00e1genes<\/h3>\n<div id=\"gallery-thumbnails\" class=\"bottom-gallery\"> <a href=\"https:\/\/fotos.perfil.com\/2021\/03\/23\/pampita-1149138.jpeg\" title=\"Pampita\"> <img class=\"lazyload\" data-src=\"http:\/\/cordobateve.net\/wp-content\/uploads\/2021\/03\/tras-quedar-embarazada-de-su-segunda-hija-pampita-hablo-de-blanquita-3.jpg\" alt=\"Pampita\"> <\/a> <\/div><\/div>\n<p> <!-- e-planning v3 - Comienzo espacio _ articulo _ teads --> <noscript><a href=\"https:\/\/ads.us.e-planning.net\/ei\/3\/279a3\/articulo\/teads?it=i&amp;rnd=$RANDOM\" target=\"_blank\" rel=\"noopener noreferrer\"><img loading=\"lazy\" width=\"1\" height=\"1\" alt=\"e-planning ad\" src=\"http:\/\/cordobateve.net\/wp-content\/uploads\/2021\/03\/tras-quedar-embarazada-de-su-segunda-hija-pampita-hablo-de-blanquita.gif\" border=\"0\"><\/a><\/noscript><br \/>\n<!-- e-planning v3 - Fin espacio _ articulo _ teads --> <\/p>\n","protected":false},"excerpt":{"rendered":"<p>Sin mencionar directamente a Blanquita,&nbsp;Pampita&nbsp;hizo referencia a lo dif\u00edcil que es su d\u00eda a d\u00eda tras su fallecimiento. En un intercambio con Leo Sbaraglia en Podemos Hablar, la conductora de 43 a\u00f1os&nbsp;habl\u00f3 del dolor que le genera&nbsp;su partida. \u00ab\u00bfQu\u00e9 sent\u00eds que no te han preguntado tanto?, \u00bfQu\u00e9 sent\u00eds que es algo de tu vida que [&hellip;]<\/p>\n","protected":false},"author":1,"featured_media":11269,"comment_status":"closed","ping_status":"closed","sticky":false,"template":"","format":"standard","meta":[],"categories":[22],"tags":[],"_links":{"self":[{"href":"http:\/\/cordobateve.net\/index.php\/wp-json\/wp\/v2\/posts\/11268"}],"collection":[{"href":"http:\/\/cordobateve.net\/index.php\/wp-json\/wp\/v2\/posts"}],"about":[{"href":"http:\/\/cordobateve.net\/index.php\/wp-json\/wp\/v2\/types\/post"}],"author":[{"embeddable":true,"href":"http:\/\/cordobateve.net\/index.php\/wp-json\/wp\/v2\/users\/1"}],"replies":[{"embeddable":true,"href":"http:\/\/cordobateve.net\/index.php\/wp-json\/wp\/v2\/comments?post=11268"}],"version-history":[{"count":0,"href":"http:\/\/cordobateve.net\/index.php\/wp-json\/wp\/v2\/posts\/11268\/revisions"}],"wp:featuredmedia":[{"embeddable":true,"href":"http:\/\/cordobateve.net\/index.php\/wp-json\/wp\/v2\/media\/11269"}],"wp:attachment":[{"href":"http:\/\/cordobateve.net\/index.php\/wp-json\/wp\/v2\/media?parent=11268"}],"wp:term":[{"taxonomy":"category","embeddable":true,"href":"http:\/\/cordobateve.net\/index.php\/wp-json\/wp\/v2\/categories?post=11268"},{"taxonomy":"post_tag","embeddable":true,"href":"http:\/\/cordobateve.net\/index.php\/wp-json\/wp\/v2\/tags?post=11268"}],"curies":[{"name":"wp","href":"https:\/\/api.w.org\/{rel}","templated":true}]}}