{"id":112797,"date":"2025-09-08T15:01:43","date_gmt":"2025-09-08T15:01:43","guid":{"rendered":"https:\/\/www.clarin.com\/cultura\/exposicion-centro-cultural-coreano-arte-migrante-nuevas-miradas-mujeres_0_bUmKsNkW1h.html"},"modified":"2025-09-08T15:01:43","modified_gmt":"2025-09-08T15:01:43","slug":"exposicion-en-el-centro-cultural-coreano-arte-migrante-y-nuevas-miradas-sobre-las-mujeres","status":"publish","type":"post","link":"http:\/\/cordobateve.net\/index.php\/2025\/09\/08\/exposicion-en-el-centro-cultural-coreano-arte-migrante-y-nuevas-miradas-sobre-las-mujeres\/","title":{"rendered":"Exposici\u00f3n en el Centro Cultural Coreano: arte migrante y nuevas miradas sobre las mujeres"},"content":{"rendered":"<p><img src=\"http:\/\/cordobateve.net\/wp-content\/uploads\/2025\/09\/exposicion-en-el-centro-cultural-coreano-arte-migrante-y-nuevas-miradas-sobre-las-mujeres.jpg\"><\/p>\n<div><img src=\"http:\/\/cordobateve.net\/wp-content\/uploads\/2025\/09\/exposicion-en-el-centro-cultural-coreano-arte-migrante-y-nuevas-miradas-sobre-las-mujeres-2.jpg\" class=\"ff-og-image-inserted\"><\/div>\n<div id=\"element-body-0\" readability=\"56.834482758621\">\n<p><strong><em><a href=\"https:\/\/www.instagram.com\/direct\/t\/111022953630153\/\" target=\"_blank\" title=\"Mujeres en movimiento\" alt=\"Mujeres en movimiento\" rel=\"noopener noreferrer\">Mujeres en movimiento<\/a><\/em><\/strong>, la exposici\u00f3n que acaba de inaugurar en el <strong><a href=\"https:\/\/www.clarin.com\/cultura\/centro-cultural-coreano-toda-tradicion-vanguardia-corea-sur-solo-lugar_0_Oy73jW3xgf.html\" target=\"_blank\" title=\"Centro Cultural Coreano\" alt=\"Centro Cultural Coreano\" rel=\"noopener noreferrer\">Centro Cultural Coreano<\/a> en Buenos Aires<\/strong>, con obras de <strong>tres artistas <a href=\"https:\/\/www.clarin.com\/cultura\/corea-instalan-centro-cultural-ultima-generacion-tradicional-palacio-bencich_0_SLDykMZc4.html\" target=\"_blank\" title=\"migrantes\" alt=\"migrantes\" rel=\"noopener noreferrer\">migrantes<\/a><\/strong>, busca deconstruir el t\u00e9rmino &#8216;<strong>ajumma<\/strong>&#8216;, que en <a href=\"https:\/\/www.clarin.com\/viva\/boom-coreano-comidas-series-pop-conquistaron-portenos_0_NcbKn9OJN6.html\" target=\"_blank\" title=\"Corea del Sur\" alt=\"Corea del Sur\" rel=\"noopener noreferrer\">Corea del Sur<\/a> est\u00e1 asociado a mujeres de mediana edad, generalmente casadas y con hijos. Para muchas j\u00f3venes, la palabra lleva consigo <strong>una carga negativa<\/strong>, ya que reduce a la mujer a su <strong>rol familiar y borra otras dimensiones de su identidad<\/strong>.<\/p>\n<\/div>\n<div id=\"element-body-1\" readability=\"64\">\n<p>Incluso, el imaginario lo asocia a<strong> cierto estereotipo que incluyen peinados con permanente y ropa floreada<\/strong>. Sin embargo, para la curadora de la exposici\u00f3n, <strong>Hwang Sukyung<\/strong>, es una palabra que se puede resignificar y tambi\u00e9n una identidad posible de habitar con orgullo. Esa idea es la que dio forma a esta muestra.<\/p>\n<\/div>\n<div id=\"element-body-3\" readability=\"64\">\n<p>\u00abQuise mostrar una nueva generaci\u00f3n de mujeres coreanas que, aun casadas y viviendo en otros pa\u00edses, <strong>siguen produciendo obra y rompen prejuicios<\/strong>\u00ab, afirm\u00f3 Hwang, de visita en la Argentina, para la inauguraci\u00f3n de la exposici\u00f3n.<\/p>\n<\/div>\n<div id=\"element-body-5\" readability=\"62\">\n<p>La muestra re\u00fane a <strong>tres artistas que dejaron Corea para acompa\u00f1ar a sus parejas y construir una vida en otros pa\u00edses<\/strong>: Kang Bora vive en M\u00e9xico, Kang Youjeong en India y Yuna Chun en Australia. \u00abConoc\u00ed a las tres hace diez a\u00f1os, cuando reci\u00e9n se graduaban y empezaban su carrera art\u00edstica \u2013record\u00f3 Hwang\u2013. Me preocupaba si podr\u00edan seguir trabajando y me preguntaba c\u00f3mo apoyarlas desde mi lugar en Se\u00fal\u00bb.<\/p>\n<\/div>\n<div id=\"element-body-7\" readability=\"64\">\n<p>De ese v\u00ednculo <strong>surgi\u00f3 un proyecto que desbord\u00f3 los formatos habituales<\/strong>. Durante un a\u00f1o, las cuatro se reunieron una vez al mes por Zoom para compartir procesos y experiencias. Cada encuentro era tambi\u00e9n una consigna: registrar en papel, dibujo o texto las vivencias cotidianas en sus nuevos pa\u00edses. As\u00ed naci\u00f3 la serie de <strong>zines \u2013abreviatura de fanzines, publicaciones caseras, libres y sin jerarqu\u00edas<\/strong>\u2013 que se convirtieron en el n\u00facleo de esta muestra.<\/p>\n<\/div>\n<div id=\"element-body-8\" readability=\"66\">\n<p>Lejos de ser un soporte menor, <strong>el zine funciona aqu\u00ed como una cartograf\u00eda \u00edntima y visual<\/strong>: entre sus p\u00e1ginas conviven recetas, registros m\u00e9dicos, anotaciones sensoriales, grabados y acuarelas. Para la curadora, esos fragmentos son \u00abtanto o m\u00e1s poderosos que la pintura o el grabado, porque transmiten la voz directa de cada artista\u00bb.<\/p>\n<\/div>\n<div id=\"element-body-9\" readability=\"67\">\n<p><strong>Esa intimidad tambi\u00e9n se traslada a la experiencia del p\u00fablico<\/strong>: una larga tarima, en el centro de la sala, permite acercarse a cada fanzine, sostenerlo entre las manos y hojearlo, lo que exige un gesto de cercan\u00eda que contrasta con la distancia habitual de la obra colgada en la pared. All\u00ed, las artistas narran peque\u00f1as an\u00e9cdotas de lo dom\u00e9stico, la maternidad, la migraci\u00f3n y los cambios vitales desde un lugar personal.<\/p>\n<\/div>\n<div id=\"element-body-12\" readability=\"69\">\n<p>Todas, de alg\u00fan modo,<strong> invitan a reflexionar sobre el ser \u00abajumma\u00bb<\/strong>, transform\u00e1ndolo en un s\u00edmbolo de poder, resistencia y solidaridad en contextos multiculturales. La artista Kang Bora imprime en sus grabados el color, la textura y<strong> el espacio del aire mexicano<\/strong>, mientras que Kang Youjeong <strong>traduce la India en s\u00edmbolos, animales y alimentos<\/strong>, y confiesa que la migraci\u00f3n la oblig\u00f3 a cambiar materiales y escalas: del \u00f3leo sobre lienzo a dibujos peque\u00f1os sobre papel, f\u00e1ciles de transportar y de enviar a Corea.<\/p>\n<\/div>\n<div id=\"element-body-14\" readability=\"62\">\n<p>Yuna Chun, en cambio, <strong>registra la maternidad y la adaptaci\u00f3n <\/strong>a la vastedad australiana desde la peque\u00f1a ciudad de Castlemaine, destacando las vivencias y emociones de una mujer que ha vivido el parto y la crianza.<\/p>\n<\/div>\n<div id=\"element-body-15\" readability=\"63\">\n<p>La artista Kang Youjeong, quien tambi\u00e9n viaj\u00f3 a Bueno Aires especialmente para la inauguraci\u00f3n, relat\u00f3 que<strong> participar en este proyecto fue un sost\u00e9n emocional<\/strong>: \u00abEn mi entorno en Bombay no hab\u00eda otras esposas de expatriados que fueran artistas, as\u00ed que no ten\u00eda con qui\u00e9n compartir mis preocupaciones. <strong>El grupo y las reuniones fueron un gran consuelo<\/strong>\u00ab. <\/p>\n<\/div>\n<div id=\"element-body-16\" readability=\"64\">\n<p>Mostrar esas obras en Argentina, asegura, tiene un sentido especial: \u00abEs una forma de expandir nuestro trabajo m\u00e1s all\u00e1 de Corea, M\u00e9xico, India o Australia, y de tender puentes con nuevas audiencias\u00bb.<\/p>\n<\/div>\n<div id=\"element-body-18\" readability=\"62\">\n<p>La inauguraci\u00f3n cont\u00f3 con<strong> un di\u00e1logo abierto entre la curadora, la artista invitada y referentes locales<\/strong>, en el que se abordaron temas como la identidad en movimiento, la solidaridad entre mujeres y la construcci\u00f3n de comunidad a trav\u00e9s del arte.<\/p>\n<\/div>\n<div id=\"element-body-20\" readability=\"64\">\n<p><strong>Organizada por el Centro Cultural Coreano, junto a Arts Council Korea (ARKO), Espacio Illi y Korea Foundation for International Cultural Exchange (KOFICE), la muestra <em>Mujeres en movimiento<\/em> forma parte del programa Touring K\u2013Arts y puede visitarse hasta el 26 de septiembre en Maip\u00fa 972, con entrada libre y gratuita.<\/strong><\/p>\n<\/div>\n","protected":false},"excerpt":{"rendered":"<p>Mujeres en movimiento, la exposici\u00f3n que acaba de inaugurar en el Centro Cultural Coreano en Buenos Aires, con obras de tres artistas migrantes, busca deconstruir el t\u00e9rmino &#8216;ajumma&#8216;, que en Corea del Sur est\u00e1 asociado a mujeres de mediana edad, generalmente casadas y con hijos. Para muchas j\u00f3venes, la palabra lleva consigo una carga negativa, [&hellip;]<\/p>\n","protected":false},"author":1,"featured_media":112798,"comment_status":"closed","ping_status":"closed","sticky":false,"template":"","format":"standard","meta":[],"categories":[22],"tags":[],"_links":{"self":[{"href":"http:\/\/cordobateve.net\/index.php\/wp-json\/wp\/v2\/posts\/112797"}],"collection":[{"href":"http:\/\/cordobateve.net\/index.php\/wp-json\/wp\/v2\/posts"}],"about":[{"href":"http:\/\/cordobateve.net\/index.php\/wp-json\/wp\/v2\/types\/post"}],"author":[{"embeddable":true,"href":"http:\/\/cordobateve.net\/index.php\/wp-json\/wp\/v2\/users\/1"}],"replies":[{"embeddable":true,"href":"http:\/\/cordobateve.net\/index.php\/wp-json\/wp\/v2\/comments?post=112797"}],"version-history":[{"count":0,"href":"http:\/\/cordobateve.net\/index.php\/wp-json\/wp\/v2\/posts\/112797\/revisions"}],"wp:featuredmedia":[{"embeddable":true,"href":"http:\/\/cordobateve.net\/index.php\/wp-json\/wp\/v2\/media\/112798"}],"wp:attachment":[{"href":"http:\/\/cordobateve.net\/index.php\/wp-json\/wp\/v2\/media?parent=112797"}],"wp:term":[{"taxonomy":"category","embeddable":true,"href":"http:\/\/cordobateve.net\/index.php\/wp-json\/wp\/v2\/categories?post=112797"},{"taxonomy":"post_tag","embeddable":true,"href":"http:\/\/cordobateve.net\/index.php\/wp-json\/wp\/v2\/tags?post=112797"}],"curies":[{"name":"wp","href":"https:\/\/api.w.org\/{rel}","templated":true}]}}