{"id":112799,"date":"2025-09-08T14:06:56","date_gmt":"2025-09-08T14:06:56","guid":{"rendered":"https:\/\/www.clarin.com\/cultura\/artistas-argentinos-trienal-aichi-mega-festival-vanguardia-japon_0_xYhYP9JSa5.html"},"modified":"2025-09-08T14:06:56","modified_gmt":"2025-09-08T14:06:56","slug":"dos-artistas-argentinos-en-la-trienal-de-aichi-un-mega-festival-de-vanguardia-en-japon","status":"publish","type":"post","link":"http:\/\/cordobateve.net\/index.php\/2025\/09\/08\/dos-artistas-argentinos-en-la-trienal-de-aichi-un-mega-festival-de-vanguardia-en-japon\/","title":{"rendered":"Dos artistas argentinos en la Trienal de Aichi, un mega festival de vanguardia en Jap\u00f3n"},"content":{"rendered":"<p><img src=\"http:\/\/cordobateve.net\/wp-content\/uploads\/2025\/09\/dos-artistas-argentinos-en-la-trienal-de-aichi-un-mega-festival-de-vanguardia-en-japon.jpg\"><\/p>\n<div><img src=\"http:\/\/cordobateve.net\/wp-content\/uploads\/2025\/09\/dos-artistas-argentinos-en-la-trienal-de-aichi-un-mega-festival-de-vanguardia-en-japon-2.jpg\" class=\"ff-og-image-inserted\"><\/div>\n<div id=\"element-body-0\" readability=\"64\">\n<p>Los argentinos<strong> Silvia Rivas<\/strong> y <strong>Adri\u00e1n Villar Rojas <\/strong>est\u00e1n entre los 60 artistas internacionales participantes de la sexta edici\u00f3n de la <strong>Trienal de Aichi<\/strong>, un mega festival que promete convertir a la prefectura de Aichi, en el centro geogr\u00e1fico de Jap\u00f3n, en un reducto de la vanguardia art\u00edstica global. De car\u00e1cter urbano, el festival tomar\u00e1 varios espacios p\u00fablicos desde el 13 de septiembre hasta el 30 de noviembre de este a\u00f1o.<\/p>\n<\/div>\n<div id=\"element-body-1\" readability=\"67\">\n<p>Dirigido por la curadora <strong>Hoor Al Qasimi<\/strong>, Sheika de Sharjah, uno de los emiratos, el evento convoc\u00f3 a un seleccionado de artistas de acuerdo a c\u00f3mo su trabajo se vincula con el concepto <em>Un tiempo entre cenizas y rosas<\/em>, tomado de un poema del poeta griego <strong>Adonis<\/strong>, que explora la condici\u00f3n humana en relaci\u00f3n con el amor, el dogma, la guerra y la ruina.<\/p>\n<\/div>\n<div id=\"element-body-3\" readability=\"63\">\n<p>\u00abEste enfoque curatorial se basa, a la vez que fomenta, <strong>una visi\u00f3n diferente sobre la concepci\u00f3n contempor\u00e1nea del medio ambiente<\/strong> como reflejo de la huella humana en \u00e9l, no con \u00e9l\u00bb, escribi\u00f3 Hoor Al Qasimi en su texto curatorial.<\/p>\n<\/div>\n<div id=\"element-body-4\" readability=\"69\">\n<p>Desde la Bienal de Sharjah 2015, <strong>Adri\u00e1n Villar Rojas<\/strong> captur\u00f3 la atenci\u00f3n de Sheika, al frente de la Sharjah Art Foundation. En esta oportunidad, el artista rosarino tom\u00f3 una escuela abandonada en <strong>Seto City<\/strong>, a pocos kil\u00f3metros del centro de Nagoya, con una instalaci\u00f3n titulada <em>Terrestrial Poems<\/em>, 2025, donde conviven los humanos m\u00e1s primitivos, entre ellos los Homo sapiens pero tambi\u00e9n el Hombre de Den\u00edsova y los primates de Neanderthal, con materia org\u00e1nica e inorg\u00e1nica.<\/p>\n<\/div>\n<div id=\"element-body-5\" readability=\"61\">\n<p>Dentro de su proyecto, el rosarino tiene a<strong> Graciela Sacco<\/strong> como \u00abartista invitada\u00bb, con varias de sus obras e \u00abinterferencias urbanas\u00bb, compartiendo el mismo espacio.<\/p>\n<\/div>\n<div id=\"element-body-7\" readability=\"65\">\n<p>Justo antes de anclar en Jap\u00f3n, Villar Rojas acaba de inaugurar una gran exposici\u00f3n en Corea del Sur. <em>The Language of the Enemy<\/em> (<em>El lenguaje del enemigo<\/em>), tom\u00f3 la sala central del Sonje Art Center, con una instalaci\u00f3n expansiva especialmente comisionada, que <strong>aborda con gran despliegue sus preocupaciones<\/strong> alrededor de la descomposici\u00f3n, mutaci\u00f3n y herencia.<\/p>\n<\/div>\n<div id=\"element-body-8\" readability=\"61.419023136247\">\n<p>Destacada por sus videoinstalaciones, <strong>Silvia Rivas<\/strong> fue convocada para presentar <em>Zumbido Dinamics<\/em>, una serie de piezas donde un enjambre de moscas emprende coreograf\u00edas que hablan del tiempo, lo incontrolable y de c\u00f3mo la vida se transita como un constante intercambio con el entorno. La serie, <a href=\"https:\/\/www.clarin.com\/arte\/silvia-rivas-zumbido_0_S1yXM5asPXx.html\" target=\"_blank\" title=\"presentada en Malba en 2010\" alt=\"presentada en Malba en 2010\" rel=\"noopener noreferrer\">presentada en Malba en 2010<\/a>, gest\u00f3 nuevas piezas, algunas in\u00e9ditas que se ver\u00e1n en Jap\u00f3n.<\/p>\n<\/div>\n<div id=\"element-body-10\" readability=\"64\">\n<p>\u00abEl hombre es una emanaci\u00f3n de la naturaleza con sus capacidades; no es que estamos nosotros y la naturaleza como cosas separadas\u00bb, cont\u00f3 desde Jap\u00f3n a <strong>Clar\u00edn<\/strong> Rivas, con m\u00e1s de 25 a\u00f1os de trayectoria. \u00abA veces nos pensamos m\u00e1s poderosos de lo que en realidad somos, pero si nos quedamos un poco quietos notamos c\u00f3mo la naturaleza tiene mucho poder, todo ese entorno natural tiene mucho poder de regeneraci\u00f3n\u00bb.<\/p>\n<\/div>\n<div id=\"element-body-11\" readability=\"65.307262569832\">\n<p>Rivas fue invitada por Hoor Al Qasimi, quien tom\u00f3 contacto con su obra en una reciente edici\u00f3n de arteba, en la galer\u00eda Rolf Art, que la representa. Recientemente, tuvo una exposici\u00f3n antol\u00f3gica en el Museo de Arte Moderno de Bogot\u00e1, curada por el italiano Eugenio Viola, antes de <a href=\"https:\/\/www.clarin.com\/revista-n\/silvia-rivas-muntref-umbral-fragilidad_0_snpNUlWQJw.html\" target=\"_blank\" title=\"su gran muestra en Muntref este a\u00f1o\" alt=\"su gran muestra en Muntref este a\u00f1o\" rel=\"noopener noreferrer\">su gran muestra en Muntref este a\u00f1o<\/a>, <em>Cronotop\u00edas<\/em>, donde aborda sus investigaciones sobre el espacio y el tiempo. Para diciembre, fue seleccionada para la secci\u00f3n Meridians de Art Basel Miami Beach, el sector de mega instalaciones de la gran feria.<\/p>\n<\/div>\n<div id=\"element-body-13\" readability=\"65\">\n<p>\u00abMe interesa, me da mucha curiosidad y me entusiasma conocer esta escena, que es muy desconocida para nosotros, y en este momento que se ha empezado a cruzar, a integrar&#8230;creo que podemos aprender mucho los unos de los otros, ver la parte auspiciosa de la globalizaci\u00f3n\u00bb, agreg\u00f3 Rivas.<\/p>\n<\/div>\n<div id=\"element-body-14\" readability=\"66\">\n<p>La trienal, que se realiza desde 2010, cuenta tambi\u00e9n entre sus invitados al d\u00fao de artistas palestinos <strong>Basel Abbas y Ruanne Abou-Rahme<\/strong>, la estadounidense <strong>Simone Leigh<\/strong>, el cineasta brit\u00e1nico-ghan\u00e9s <strong>John Akomfrah<\/strong>, la escultora Simone Fattal, la pintora sudanesa Kamala Ibrahim Ishag y el keniano-estadounidense Wangechi Mutu.<\/p>\n<\/div>\n<div id=\"element-body-15\" readability=\"58\">\n<p>Una mega muestra que marca el pulso de <strong>los temas que interesan en el arte contempor\u00e1neo <\/strong>y revelan los v\u00ednculos y relaciones que puede generar esta nueva etapa de cierta integraci\u00f3n global.<\/p>\n<\/div>\n","protected":false},"excerpt":{"rendered":"<p>Los argentinos Silvia Rivas y Adri\u00e1n Villar Rojas est\u00e1n entre los 60 artistas internacionales participantes de la sexta edici\u00f3n de la Trienal de Aichi, un mega festival que promete convertir a la prefectura de Aichi, en el centro geogr\u00e1fico de Jap\u00f3n, en un reducto de la vanguardia art\u00edstica global. De car\u00e1cter urbano, el festival tomar\u00e1 [&hellip;]<\/p>\n","protected":false},"author":1,"featured_media":112800,"comment_status":"closed","ping_status":"closed","sticky":false,"template":"","format":"standard","meta":[],"categories":[22],"tags":[],"_links":{"self":[{"href":"http:\/\/cordobateve.net\/index.php\/wp-json\/wp\/v2\/posts\/112799"}],"collection":[{"href":"http:\/\/cordobateve.net\/index.php\/wp-json\/wp\/v2\/posts"}],"about":[{"href":"http:\/\/cordobateve.net\/index.php\/wp-json\/wp\/v2\/types\/post"}],"author":[{"embeddable":true,"href":"http:\/\/cordobateve.net\/index.php\/wp-json\/wp\/v2\/users\/1"}],"replies":[{"embeddable":true,"href":"http:\/\/cordobateve.net\/index.php\/wp-json\/wp\/v2\/comments?post=112799"}],"version-history":[{"count":0,"href":"http:\/\/cordobateve.net\/index.php\/wp-json\/wp\/v2\/posts\/112799\/revisions"}],"wp:featuredmedia":[{"embeddable":true,"href":"http:\/\/cordobateve.net\/index.php\/wp-json\/wp\/v2\/media\/112800"}],"wp:attachment":[{"href":"http:\/\/cordobateve.net\/index.php\/wp-json\/wp\/v2\/media?parent=112799"}],"wp:term":[{"taxonomy":"category","embeddable":true,"href":"http:\/\/cordobateve.net\/index.php\/wp-json\/wp\/v2\/categories?post=112799"},{"taxonomy":"post_tag","embeddable":true,"href":"http:\/\/cordobateve.net\/index.php\/wp-json\/wp\/v2\/tags?post=112799"}],"curies":[{"name":"wp","href":"https:\/\/api.w.org\/{rel}","templated":true}]}}