{"id":113530,"date":"2025-09-21T15:46:24","date_gmt":"2025-09-21T15:46:24","guid":{"rendered":"https:\/\/www.clarin.com\/cultura\/millonaria-subasta-cuadro-frida-kahlo-puede-obra-cara-historia-artista-mujer_0_Dp8Z5RCdDF.html"},"modified":"2025-09-21T15:46:24","modified_gmt":"2025-09-21T15:46:24","slug":"millonaria-subasta-de-un-cuadro-de-frida-kahlo-puede-ser-la-obra-mas-cara-de-la-historia-de-una-artista-mujer","status":"publish","type":"post","link":"http:\/\/cordobateve.net\/index.php\/2025\/09\/21\/millonaria-subasta-de-un-cuadro-de-frida-kahlo-puede-ser-la-obra-mas-cara-de-la-historia-de-una-artista-mujer\/","title":{"rendered":"Millonaria subasta de un cuadro de Frida Kahlo: puede ser la obra m\u00e1s cara de la historia de una artista mujer"},"content":{"rendered":"<p><img src=\"http:\/\/cordobateve.net\/wp-content\/uploads\/2025\/09\/millonaria-subasta-de-un-cuadro-de-frida-kahlo-puede-ser-la-obra-mas-cara-de-la-historia-de-una-artista-mujer.jpg\"><\/p>\n<div><img src=\"http:\/\/cordobateve.net\/wp-content\/uploads\/2025\/09\/millonaria-subasta-de-un-cuadro-de-frida-kahlo-puede-ser-la-obra-mas-cara-de-la-historia-de-una-artista-mujer-2.jpg\" class=\"ff-og-image-inserted\"><\/div>\n<div id=\"element-body-0\" readability=\"61\">\n<p><strong>Sotheby&#8217;s<\/strong> subastar\u00e1 a principios de noviembre en Nueva York un cuadro de la mexicana <strong>Frida Kahlo<\/strong>, valorado entre <strong>cuarenta y sesenta millones de d\u00f3lares<\/strong>, y que puede convertirse en la obra m\u00e1s cara de la pintora surrealista e<strong> incluso de cualquier mujer artista.<\/strong><\/p>\n<\/div>\n<div id=\"element-body-1\" readability=\"64\">\n<p>El cuadro, llamado <strong>\u00abEl sue\u00f1o (La cama)<\/strong>\u00ab, retrata a Kahlo durmiendo, cubierta de ramas de \u00e1rbol, en una cama que flota entre las nubes, sobre la estructura de esa cama est\u00e1 tumbado un gran esqueleto rodeado de dinamita y que lleva un ramo de flores en la mano.<\/p>\n<\/div>\n<div id=\"element-body-2\" readability=\"63\">\n<p>\nSe trata de una de las piezas destacadas de una venta de arte surrealista que incluye a otros autores famosos como Salvador Dal\u00ed, Max Ernst, Ren\u00e9 Magritte e Yves Tanguy y se podr\u00e1 ver hasta el martes en la sede de Sotheby&#8217;s en Londres, antes de que viaje a otras ciudades, seg\u00fan un comunicado. <\/p>\n<\/div>\n<div id=\"element-body-3\" readability=\"60\">\n<p>\nLas obras de la venta surrealista se expondr\u00e1n en Nueva York a partir del 8 de noviembre, fecha en que la casa de subastas inaugura su nueva sede en el edificio de estilo brutalista creado por el arquitecto Marcel Breuer en la zona del Upper East Side de Manhattan. <\/p>\n<\/div>\n<div id=\"element-body-4\" readability=\"64\">\n<p>El actual r\u00e9cord para una obra de Kahlo lo ostenta el cuadro &#8216;Diego y yo&#8217;, por el que un comprador pag\u00f3 34,9 millones en 2021, y el r\u00e9cord para una mujer artista lo tiene Georgia O&#8217;Keefe, cuyo cuadro &#8216;Jimson Weed\/White Flower No.1&#8217; recaud\u00f3 44,4 millones en 2014.<\/p>\n<\/div>\n<div id=\"element-body-6\" readability=\"59\">\n<p><strong>\u00abEl Sue\u00f1o (o La Cama)\u00bb<\/strong> representa la relaci\u00f3n de la artista con la muerte y su propia mortalidad, mostrando su cama con dosel con un esqueleto sobre ella. Fue pintado en 1940.<\/p>\n<\/div>\n<div id=\"element-body-7\" readability=\"62\">\n<p>\u00abNo solo es una de las obras m\u00e1s importantes de Frida Kahlo\u00bb, explic\u00f3 Julian Dawes, vicepresidente y director de la divisi\u00f3n de Arte Impresionista y Moderno de Sotheby&#8217;s Am\u00e9ricas, \u00absino tambi\u00e9n<strong> una de las pocas que existen fuera de M\u00e9xico o que no forman parte de una colecci\u00f3n privada<\/strong>\u00ab.<\/p>\n<\/div>\n<div id=\"element-body-9\" readability=\"64\">\n<p>La pintura se exhibe actualmente en Londres, y luego viajar\u00e1 a Abu Dabi, Hong Kong, Par\u00eds y, finalmente, Nueva York, donde se realizar\u00e1 la subasta.<\/p>\n<\/div>\n<div id=\"element-body-10\" readability=\"61\">\n<p>Noviembre es un mes clave para las grandes casas de subastas en Nueva York, que re\u00fanen sus mejores objetos y recaudan millones de d\u00f3lares en las demandadas ventas de arte de los siglos XX y XXI, aunque est\u00e1n ganando atracci\u00f3n las categor\u00edas de art\u00edculos deportivos y de lujo. <\/p>\n<\/div>\n<div id=\"element-body-11\" readability=\"57\">\n<p><em>Con informaci\u00f3n de EFE y ANSA<\/em><\/p>\n<\/div>\n","protected":false},"excerpt":{"rendered":"<p>Sotheby&#8217;s subastar\u00e1 a principios de noviembre en Nueva York un cuadro de la mexicana Frida Kahlo, valorado entre cuarenta y sesenta millones de d\u00f3lares, y que puede convertirse en la obra m\u00e1s cara de la pintora surrealista e incluso de cualquier mujer artista. El cuadro, llamado \u00abEl sue\u00f1o (La cama)\u00ab, retrata a Kahlo durmiendo, cubierta [&hellip;]<\/p>\n","protected":false},"author":1,"featured_media":113531,"comment_status":"closed","ping_status":"closed","sticky":false,"template":"","format":"standard","meta":[],"categories":[22],"tags":[],"_links":{"self":[{"href":"http:\/\/cordobateve.net\/index.php\/wp-json\/wp\/v2\/posts\/113530"}],"collection":[{"href":"http:\/\/cordobateve.net\/index.php\/wp-json\/wp\/v2\/posts"}],"about":[{"href":"http:\/\/cordobateve.net\/index.php\/wp-json\/wp\/v2\/types\/post"}],"author":[{"embeddable":true,"href":"http:\/\/cordobateve.net\/index.php\/wp-json\/wp\/v2\/users\/1"}],"replies":[{"embeddable":true,"href":"http:\/\/cordobateve.net\/index.php\/wp-json\/wp\/v2\/comments?post=113530"}],"version-history":[{"count":0,"href":"http:\/\/cordobateve.net\/index.php\/wp-json\/wp\/v2\/posts\/113530\/revisions"}],"wp:featuredmedia":[{"embeddable":true,"href":"http:\/\/cordobateve.net\/index.php\/wp-json\/wp\/v2\/media\/113531"}],"wp:attachment":[{"href":"http:\/\/cordobateve.net\/index.php\/wp-json\/wp\/v2\/media?parent=113530"}],"wp:term":[{"taxonomy":"category","embeddable":true,"href":"http:\/\/cordobateve.net\/index.php\/wp-json\/wp\/v2\/categories?post=113530"},{"taxonomy":"post_tag","embeddable":true,"href":"http:\/\/cordobateve.net\/index.php\/wp-json\/wp\/v2\/tags?post=113530"}],"curies":[{"name":"wp","href":"https:\/\/api.w.org\/{rel}","templated":true}]}}