{"id":114787,"date":"2025-10-20T09:00:20","date_gmt":"2025-10-20T09:00:20","guid":{"rendered":"https:\/\/www.clarin.com\/cultura\/estreno-ilustrisimo-amigo-romance-emilia-pardo-bazan-benito-perez-galdos-llega-cine_0_jscDuGCVk9.html"},"modified":"2025-10-20T09:00:20","modified_gmt":"2025-10-20T09:00:20","slug":"estreno-de-mi-ilustrisimo-amigo-el-romance-entre-emilia-pardo-bazan-y-benito-perez-galdos-llega-al-cine","status":"publish","type":"post","link":"http:\/\/cordobateve.net\/index.php\/2025\/10\/20\/estreno-de-mi-ilustrisimo-amigo-el-romance-entre-emilia-pardo-bazan-y-benito-perez-galdos-llega-al-cine\/","title":{"rendered":"Estreno de \u2018Mi ilustr\u00edsimo amigo\u2019: el romance entre Emilia Pardo Baz\u00e1n y Benito P\u00e9rez Gald\u00f3s llega al cine"},"content":{"rendered":"<p><img src=\"http:\/\/cordobateve.net\/wp-content\/uploads\/2025\/10\/estreno-de-mi-ilustrisimo-amigo-el-romance-entre-emilia-pardo-bazan-y-benito-perez-galdos-llega-al-cine.jpg\"><\/p>\n<div class=\"sc-45461e9c-0 eqiBeF container-text text-embed \" id=\"element-body-0\" readability=\"57.463768115942\">\n<p>La directora gallega<strong> Paula Cons<\/strong> estrena su segundo <strong>largometraje<\/strong>, <strong><em>Mi ilustr\u00edsimo amigo<\/em><\/strong>, en el que que narra<strong> la relaci\u00f3n entre los escritores <a href=\"https:\/\/www.clarin.com\/viva\/emilia-pardo-bazan-escritora-feminista-desafio-tiempo_0_DMZ3WaWiaC.html\" target=\"_blank\" title=\"Emilia Pardo Baz\u00e1n\" alt=\"Emilia Pardo Baz\u00e1n\" rel=\"noopener noreferrer\">Emilia Pardo Baz\u00e1n<\/a> y <a href=\"https:\/\/www.clarin.com\/agencias\/efe-rescatan-178-cronicas-benito-perez-galdos-prensa-argentina_0_SsuYQfKwk.html\" target=\"_blank\" title=\"Benito P\u00e9rez Gald\u00f3s\" alt=\"Benito P\u00e9rez Gald\u00f3s\" rel=\"noopener noreferrer\">Benito P\u00e9rez Gald\u00f3s<\/a><\/strong>, un v\u00ednculo que desafi\u00f3 los convencionalismos de la \u00e9poca, y en el que no renuncia a retratar <strong>\u00abel amor, la pasi\u00f3n y el sexo\u00bb entre cuerpos \u00abno normativos\u00bb.<\/strong><\/p>\n<\/div>\n<div class=\"sc-98b114a2-0 bkqiHH image-embed image-embed \" id=\"element-body-1\"><picture class=\"sc-98b114a2-1 jRUlDm\"><source media=\"(min-width: 975px)\" width=\"720\" height=\"480\" srcset=\"http:\/\/cordobateve.net\/wp-content\/uploads\/2025\/10\/estreno-de-mi-ilustrisimo-amigo-el-romance-entre-emilia-pardo-bazan-y-benito-perez-galdos-llega-al-cine-2.jpg\"><img alt=\"Paula Cons posa durante la entrevista concedida a la Agencia EFE por el estreno de su segundo largometraje, \u2018Mi ilustr\u00edsimo amigo\u2019, que narra la relaci\u00f3n de amor entre los escritores Emilia Pardo Baz\u00e1n y Benito P\u00e9rez Gald\u00f3s \u00bb EFE\/Xo\u00e1n Rey\" loading=\"eager\" width=\"720\" height=\"480\" decoding=\"async\" data-nimg=\"1\" src=\"http:\/\/cordobateve.net\/wp-content\/uploads\/2025\/10\/estreno-de-mi-ilustrisimo-amigo-el-romance-entre-emilia-pardo-bazan-y-benito-perez-galdos-llega-al-cine-2.jpg\"><span class=\"epigraphe\">Paula Cons posa durante la entrevista concedida a la Agencia EFE por el estreno de su segundo largometraje, \u2018Mi ilustr\u00edsimo amigo\u2019, que narra la relaci\u00f3n de amor entre los escritores Emilia Pardo Baz\u00e1n y Benito P\u00e9rez Gald\u00f3s \u00bb EFE\/Xo\u00e1n Rey<\/span><span class=\"picture-open\"><button class=\"open-image\" aria-label=\"Open Image\"><\/button><\/span><\/picture><\/div>\n<div class=\"sc-45461e9c-0 eqiBeF container-text text-embed \" id=\"element-body-2\" readability=\"65\">\n<p>\u00abCuando vemos cine de \u00e9poca, nos imaginamos que las mujeres y los hombres eran de cart\u00f3n piedra. Pero mi pel\u00edcula cuenta lo que cuenta y en ese sentido<strong> quise hacerla m\u00e1s sensorial, con una mirada femenina y que aportara verdad<\/strong>\u00ab, afirma Cons (A Coru\u00f1a, 1976) en una entrevista, en la que confiesa que <strong>hab\u00eda \u00abalgo de v\u00e9rtigo\u00bb en llevar a la cama a dos grandes figuras de la literatura espa\u00f1ola.<\/strong><\/p>\n<\/div>\n<div class=\"sc-45461e9c-0 eqiBeF container-text text-embed \" id=\"element-body-3\" readability=\"64\">\n<p>La realizadora gallega asegura que<strong> su pel\u00edcula \u00abno es clasicona\u00bb <\/strong>y que en ella ha tomado ciertas decisiones \u00abarriesgadas\u00bb. Ninguna, sin embargo, que no correspondiera a la realidad de la estrecha relaci\u00f3n que un\u00eda ambos escritores espa\u00f1oles y que se manifest\u00f3 en decenas de cartas apasionadas, muchas de ellas clandestinas, pero que han llegado hasta nuestros d\u00edas.<\/p>\n<\/div>\n<div class=\"sc-45461e9c-0 eqiBeF container-text text-embed \" id=\"element-body-4\" readability=\"56.953757225434\">\n<p>\u00ab<strong>Las <a href=\"https:\/\/www.clarin.com\/agencias\/efe-cartas-amor-galdos-pardo-bazan-desaparecidas-destruidas_0_gLcQYNxnrb.html\" target=\"_blank\" title=\"cartas \" alt=\"cartas \" rel=\"noopener noreferrer\">cartas <\/a>son las fuentes de todo<\/strong>. Nosotros no escribimos semejantes maravillas. Las frases m\u00e1s bonitas de la pel\u00edcula parten de toda esa correspondencia\u00bb, explica Cons.<\/p>\n<\/div>\n<div class=\"sc-45461e9c-0 eqiBeF container-text text-embed \" id=\"element-body-5\" readability=\"57.75\">\n<p><strong><a href=\"https:\/\/www.clarin.com\/revista-n\/emilia-pardo-bazan-posmoderna-siglo-xix_0_QsV0e50iS.html\" target=\"_blank\" title=\"Emilia Pardo Baz\u00e1n\" alt=\"Emilia Pardo Baz\u00e1n\" rel=\"noopener noreferrer\">Emilia Pardo Baz\u00e1n<\/a>, mujer libre y anticonvencional<\/strong>, considerada la mejor novelista espa\u00f1ola del XIX y una avanzada de su tiempo, mantuvo una larga relaci\u00f3n con P\u00e9rez Gald\u00f3s, que pas\u00f3 de la admiraci\u00f3n a la pasi\u00f3n amorosa.<\/p>\n<\/div>\n<div class=\"sc-45461e9c-0 eqiBeF container-text text-embed \" id=\"element-body-6\" readability=\"63\">\n<p>Las <strong>m\u00e1s de 90 cartas publicadas<\/strong> pertenecientes a la autora gallega \u2013menos una, que pertenec\u00eda a Gald\u00f3s\u2013, suponen un testimonio hist\u00f3rico, literario y personal de la relaci\u00f3n que les un\u00eda y sirvieron a Cons como material para una pel\u00edcula que \u00abcomenz\u00f3 siendo un encargo para televisi\u00f3n\u00bb pero que ha ido creciendo cada vez m\u00e1s.<\/p>\n<\/div>\n<p><h2>Cuerpos \u00abfieles\u00bb a la realidad<\/h2>\n<\/p>\n<div class=\"sc-45461e9c-0 eqiBeF container-text text-embed \" id=\"element-body-8\" readability=\"61\">\n<p>A partir del guion de Javier Pascual, la directora trat\u00f3 de impregnar a la pel\u00edcula de una factura \u00abm\u00e1s cinematogr\u00e1fica\u00bb, con planos cortos, m\u00e1s cuidados y con <strong>cierto \u00abhalo po\u00e9tico\u00bb.<\/strong><\/p>\n<\/div>\n<div class=\"sc-45461e9c-0 eqiBeF container-text text-embed \" id=\"element-body-9\" readability=\"63\">\n<p>\u00ab<strong>No quer\u00eda ce\u00f1irme simplemente a la trama,<\/strong> sino tambi\u00e9n transmitir al espectador lo que ambos personajes sent\u00edan. Las mujeres no solemos aparecer como seres deseantes en las pel\u00edculas, pero Emilia era una mujer deseante que buscaba el acto. Incluso hay un gui\u00f1o que hace referencia a que ella siempre se colocaba arriba\u00bb, agrega la directora.<\/p>\n<\/div>\n<div class=\"sc-45461e9c-0 eqiBeF container-text text-embed \" id=\"element-body-10\" readability=\"61\">\n<p>Para Cons, su pel\u00edcula puede apelar a muchas mujeres j\u00f3venes de hoy en d\u00eda por <strong>c\u00f3mo la escritora gallega se sent\u00eda con su cuerpo, que \u00abno era normativo\u00bb <\/strong>y que quiso representar en pantalla con fidelidad.<\/p>\n<\/div>\n<div class=\"sc-45461e9c-0 eqiBeF container-text text-embed \" id=\"element-body-12\" readability=\"64\">\n<p><strong>\u00abNo he encontrado ninguna carta en la que ella estuviera lament\u00e1ndose o devalu\u00e1ndose f\u00edsicamente, sino al contrario\u00bb<\/strong>, explica Cons. Y pone como ejemplos que mientras el tambi\u00e9n escritor Leopoldo Alas Clar\u00edn la llamaba \u00abculona\u00bb, ella misma en una carta le ped\u00eda a Gald\u00f3s que se dispusiera a tomar sus \u00abaposentos escult\u00f3ricos\u00bb a su vez que aseguraba querer \u00abecharle encima la vista, los brazos y el cuerpote todo\u00bb.<\/p>\n<\/div>\n<div class=\"sc-45461e9c-0 eqiBeF container-text text-embed \" id=\"element-body-13\" readability=\"59\">\n<p><em>Mi ilustr\u00edsimo amigo<\/em> <strong>est\u00e1 interpretada por Luc\u00eda Veiga en el papel de Pardo Baz\u00e1n y Paco D\u00e9niz en el de Gald\u00f3s<\/strong>, dos int\u00e9rpretes \u00abmuy ligados a lo c\u00f3mico\u00bb pero que \u00abencajaban perfectamente\u00bb.<\/p>\n<\/div>\n<div class=\"sc-45461e9c-0 eqiBeF container-text text-embed \" id=\"element-body-14\" readability=\"60\">\n<p>\u00ab<strong>Era prioritario que la carne resultara hermosa<\/strong>. Le ped\u00ed a Luc\u00eda que no adelgazara hasta acabar de rodar y a Paco le dije que no se depilara la espalda. Esto va de lo que va a y va a resultar bonito\u00bb, asegura.<\/p>\n<\/div>\n<div class=\"sc-45461e9c-0 eqiBeF container-text text-embed \" id=\"element-body-15\" readability=\"61\">\n<p>La directora <strong>espera que su pel\u00edcula contribuya a acercar la figura de Emilia a la gente joven<\/strong>, que ya le ha dado feedback: \u00abEn IMDB me pusieron una rese\u00f1a fant\u00e1stica que dec\u00eda \u2018Emilia es ley\u2019. Es la \u2018first servidora de co\u00f1o en Spain'\u00bb, cuenta.<\/p>\n<\/div>\n<p><h2>Una pel\u00edcula de gran recorrido<\/h2>\n<\/p>\n<div class=\"sc-45461e9c-0 eqiBeF container-text text-embed \" id=\"element-body-17\" readability=\"63\">\n<p>El filme, que se estren\u00f3 en el Festival de Cine de Las Palmas, ha tenido ya un gran recorrido, con <strong>el premio a la mejor pel\u00edcula en el Berlin Women Cinema Festival<\/strong>; a mejor actriz para Luc\u00eda Veiga en el Festival de Cine de Ourense; el del p\u00fablico a mejor largometraje y una menci\u00f3n especial del jurado en el Festival de Cine de Madrid o el reconocimiento de mejor fotograf\u00eda en el Miami Women Film Festival y el Montreal Women\u2019s Film Festival.<\/p>\n<\/div>\n<div class=\"sc-45461e9c-0 eqiBeF container-text text-embed \" id=\"element-body-18\" readability=\"64\">\n<p>La realizadora se\u00f1ala que<strong> le han dado un gran recibimiento<\/strong>, especialmente en festivales de cine de mujeres. Para ella no se trata de una \u00abnueva ola\u00bb, sino de la llegada de \u00ablas cuotas en las ayudas p\u00fablicas\u00bb, que han permitido que por fin se deje a las mujeres hacer cine, demostrando que lo hacen \u00abmuy bien\u00bb.<\/p>\n<\/div>\n<div class=\"sc-98b114a2-0 bkqiHH image-embed image-embed \" id=\"element-body-19\"><picture class=\"sc-98b114a2-1 jRUlDm\"><source media=\"(min-width: 975px)\" width=\"720\" height=\"480\" srcset=\"http:\/\/cordobateve.net\/wp-content\/uploads\/2025\/10\/estreno-de-mi-ilustrisimo-amigo-el-romance-entre-emilia-pardo-bazan-y-benito-perez-galdos-llega-al-cine-3.jpg\"><img alt=\"Paula Cons posa durante la entrevista concedida a la Agencia EFE por el estreno de su segundo largometraje, \u2018Mi ilustr\u00edsimo amigo\u2019, que narra la relaci\u00f3n de amor entre los escritores Emilia Pardo Baz\u00e1n y Benito P\u00e9rez Gald\u00f3s \u00bb EFE\/Xo\u00e1n Rey\" loading=\"eager\" width=\"720\" height=\"480\" decoding=\"async\" data-nimg=\"1\" src=\"http:\/\/cordobateve.net\/wp-content\/uploads\/2025\/10\/estreno-de-mi-ilustrisimo-amigo-el-romance-entre-emilia-pardo-bazan-y-benito-perez-galdos-llega-al-cine-3.jpg\"><span class=\"epigraphe\">Paula Cons posa durante la entrevista concedida a la Agencia EFE por el estreno de su segundo largometraje, \u2018Mi ilustr\u00edsimo amigo\u2019, que narra la relaci\u00f3n de amor entre los escritores Emilia Pardo Baz\u00e1n y Benito P\u00e9rez Gald\u00f3s \u00bb EFE\/Xo\u00e1n Rey<\/span><span class=\"picture-open\"><button class=\"open-image\" aria-label=\"Open Image\"><\/button><\/span><\/picture><\/div>\n<div class=\"sc-45461e9c-0 eqiBeF container-text text-embed \" id=\"element-body-20\" readability=\"63\">\n<p>\u00abNo somos mejores, pero nos hemos esforzado m\u00e1s y hemos tenido que ser m\u00e1s aplicadas. Llegamos con los deberes muy hechos. Adem\u00e1s, <strong>las productoras se han dado cuenta que adem\u00e1s de hacer cine de autor, tambi\u00e9n vendemos<\/strong>. Ah\u00ed ya se cierra el c\u00edrculo\u00bb, afirma.<\/p>\n<\/div>\n<div class=\"sc-45461e9c-0 eqiBeF container-text text-embed \" id=\"element-body-21\" readability=\"59\">\n<p>\u00ab<strong>Muchas veces quienes sacan adelante la cultura son las se\u00f1oras<\/strong>. Y a las se\u00f1oras les va a interesar much\u00edsimo que una mujer les cuente una historia desde una mirada femenina y novedosa\u00bb, agrega.<\/p>\n<\/div>\n<div class=\"sc-45461e9c-0 eqiBeF container-text text-embed \" id=\"element-body-22\" readability=\"64\">\n<p><em>Mi ilustr\u00edsimo amigo<\/em> se estren\u00f3 el viernes en salas de Vigo, Coru\u00f1a, Santiago, Lugo y Ferrol; adem\u00e1s de en Sevilla, Valencia, Tenerife, Las Palmas o Madrid.<\/p>\n<\/div>\n<div class=\"sc-45461e9c-0 eqiBeF container-text text-embed \" id=\"element-body-24\">\n<p><em>Con informaci\u00f3n de EFE.<\/em><\/p>\n<\/div>\n","protected":false},"excerpt":{"rendered":"<p>La directora gallega Paula Cons estrena su segundo largometraje, Mi ilustr\u00edsimo amigo, en el que que narra la relaci\u00f3n entre los escritores Emilia Pardo Baz\u00e1n y Benito P\u00e9rez Gald\u00f3s, un v\u00ednculo que desafi\u00f3 los convencionalismos de la \u00e9poca, y en el que no renuncia a retratar \u00abel amor, la pasi\u00f3n y el sexo\u00bb entre cuerpos [&hellip;]<\/p>\n","protected":false},"author":1,"featured_media":114788,"comment_status":"closed","ping_status":"closed","sticky":false,"template":"","format":"standard","meta":[],"categories":[22],"tags":[],"_links":{"self":[{"href":"http:\/\/cordobateve.net\/index.php\/wp-json\/wp\/v2\/posts\/114787"}],"collection":[{"href":"http:\/\/cordobateve.net\/index.php\/wp-json\/wp\/v2\/posts"}],"about":[{"href":"http:\/\/cordobateve.net\/index.php\/wp-json\/wp\/v2\/types\/post"}],"author":[{"embeddable":true,"href":"http:\/\/cordobateve.net\/index.php\/wp-json\/wp\/v2\/users\/1"}],"replies":[{"embeddable":true,"href":"http:\/\/cordobateve.net\/index.php\/wp-json\/wp\/v2\/comments?post=114787"}],"version-history":[{"count":0,"href":"http:\/\/cordobateve.net\/index.php\/wp-json\/wp\/v2\/posts\/114787\/revisions"}],"wp:featuredmedia":[{"embeddable":true,"href":"http:\/\/cordobateve.net\/index.php\/wp-json\/wp\/v2\/media\/114788"}],"wp:attachment":[{"href":"http:\/\/cordobateve.net\/index.php\/wp-json\/wp\/v2\/media?parent=114787"}],"wp:term":[{"taxonomy":"category","embeddable":true,"href":"http:\/\/cordobateve.net\/index.php\/wp-json\/wp\/v2\/categories?post=114787"},{"taxonomy":"post_tag","embeddable":true,"href":"http:\/\/cordobateve.net\/index.php\/wp-json\/wp\/v2\/tags?post=114787"}],"curies":[{"name":"wp","href":"https:\/\/api.w.org\/{rel}","templated":true}]}}