{"id":11512,"date":"2021-03-27T22:55:00","date_gmt":"2021-03-27T22:55:00","guid":{"rendered":"https:\/\/womantime.com.ar\/?p=26246"},"modified":"2021-03-27T22:55:00","modified_gmt":"2021-03-27T22:55:00","slug":"plaza-sesamo-aborda-el-racismo-con-dos-nuevos-personajes","status":"publish","type":"post","link":"http:\/\/cordobateve.net\/index.php\/2021\/03\/27\/plaza-sesamo-aborda-el-racismo-con-dos-nuevos-personajes\/","title":{"rendered":"Plaza S\u00e9samo aborda el racismo con dos nuevos personajes"},"content":{"rendered":"<div><img src=\"http:\/\/cordobateve.net\/wp-content\/uploads\/2021\/03\/plaza-sesamo-aborda-el-racismo-con-dos-nuevos-personajes.jpg\" class=\"ff-og-image-inserted\"><\/div>\n<p><em>Wes y su padre Elijah se incorporan al programa infantil como parte de una iniciativa social para familiarizar a los ni\u00f1os con los distintos colores de piel llamada \u201cABCs of Racial Literacy\u201d<\/em><\/p>\n<p>El programa infantil&nbsp;<em>Plaza S\u00e9samo<\/em>&nbsp;abordar\u00e1 el racismo con la participaci\u00f3n de dos nuevos personajes negros. Se trata de Wes y su padre Elijah, como parte de una iniciativa social para familiarizar a los ni\u00f1os con los distintos colores de piel, informaron este viernes los medios locales.<\/p>\n<p>Seg\u00fan un&nbsp;<a href=\"https:\/\/www.sesameworkshop.org\/press-room\/press-releases\/sesame-workshop-continues-major-commitment-racial-justice-new-abcs-racial\">comunicado<\/a>&nbsp;de Sesame Workshop, la compa\u00f1\u00eda sin \u00e1nimo de lucro que est\u00e1 encargada de la producci\u00f3n de&nbsp;<em>Plaza S\u00e9samo<\/em>, se trata de una nueva serie de programas llamada \u201cABCs of Racial Literacy\u201d (El ABC de conocimientos raciales).<\/p>\n<p>El texto se\u00f1ala que tanto los beb\u00e9s como los ni\u00f1os \u201cnotan las diferencias f\u00edsicas\u201d. Y asegura que con estos nuevos personajes tratan de proveer las herramientas necesarias a los padres para convertirlo en una lecci\u00f3n.<\/p>\n<p>\u201cCreemos en un mundo en el que todos los ni\u00f1os pueden alcanzar su potencial y su humanidad m\u00e1xima. Hacerlo celebrando las razas, etnicidades y culturas\u201d, asegura el comunicado.<\/p>\n<p>En el programa, el personaje de Elmo dice que quiere saber \u201cpor qu\u00e9 la piel de Wes es marr\u00f3n\u201d. A ello, Elijah responde que es debido a la melanina. \u201cAlgo que todos llevamos dentro de nuestros cuerpos y que hacen que el exterior de nuestro cuerpo tenga el color de piel que tiene\u201d.<\/p>\n<p>Profundizando en la identidad racial, Elijah explica asimismo que \u201cel color de nuestra piel es una parte importante de quien somos. Pero todos debemos saber que est\u00e1 bien que todos tengamos aspectos distintos\u201d.<\/p>\n<p>No es la primera vez que este popular programa aborda complicadas conversaciones con las generaciones m\u00e1s j\u00f3venes. Tambi\u00e9n se ha hablado del autismo, los sintecho o la encarcelaci\u00f3n.<\/p>\n<p>En 2019, habl\u00f3 de la crisis de opioides que se ha desatado en Estados Unidos desde hace a\u00f1os con ayuda de Karli, una marioneta que revel\u00f3 que su madre ten\u00eda problemas de adicci\u00f3n.<\/p>\n<p>Elijah y Wes tampoco son las primeras marionetas negras en&nbsp;<em>Plaza S\u00e9samo<\/em>, sino que lo fue el personaje Roosevelt Franklin, que sin embargo fue apartado del programa infantil en 1975 tras cr\u00edticas de que perpetuaba los estereotipos negativos asociados con ni\u00f1os de esta raza, puesto que era revoltoso y se le castigaba con frecuencia en el colegio.<\/p>\n<p>FUENTE: EFE <\/p>\n<div class=\"sharedaddy sd-sharing-enabled\">\n<div class=\"robots-nocontent sd-block sd-social sd-social-icon sd-sharing\">\n<h3 class=\"sd-title\">Comparte esto:<\/h3>\n<\/div>\n<\/div>\n<div class=\"herald-ad\">\n<!-- A2 --><br \/>\n<ins class=\"adsbygoogle\" data-ad-client=\"ca-pub-7765853155711265\" data-ad-slot=\"4031281682\" data-ad-format=\"auto\"><\/ins>\n<\/div>\n","protected":false},"excerpt":{"rendered":"<p>Wes y su padre Elijah se incorporan al programa infantil como parte de una iniciativa social para familiarizar a los ni\u00f1os con los distintos colores de piel llamada \u201cABCs of Racial Literacy\u201d El programa infantil&nbsp;Plaza S\u00e9samo&nbsp;abordar\u00e1 el racismo con la participaci\u00f3n de dos nuevos personajes negros. Se trata de Wes y su padre Elijah, como [&hellip;]<\/p>\n","protected":false},"author":1,"featured_media":11513,"comment_status":"closed","ping_status":"closed","sticky":false,"template":"","format":"standard","meta":[],"categories":[2],"tags":[],"_links":{"self":[{"href":"http:\/\/cordobateve.net\/index.php\/wp-json\/wp\/v2\/posts\/11512"}],"collection":[{"href":"http:\/\/cordobateve.net\/index.php\/wp-json\/wp\/v2\/posts"}],"about":[{"href":"http:\/\/cordobateve.net\/index.php\/wp-json\/wp\/v2\/types\/post"}],"author":[{"embeddable":true,"href":"http:\/\/cordobateve.net\/index.php\/wp-json\/wp\/v2\/users\/1"}],"replies":[{"embeddable":true,"href":"http:\/\/cordobateve.net\/index.php\/wp-json\/wp\/v2\/comments?post=11512"}],"version-history":[{"count":0,"href":"http:\/\/cordobateve.net\/index.php\/wp-json\/wp\/v2\/posts\/11512\/revisions"}],"wp:featuredmedia":[{"embeddable":true,"href":"http:\/\/cordobateve.net\/index.php\/wp-json\/wp\/v2\/media\/11513"}],"wp:attachment":[{"href":"http:\/\/cordobateve.net\/index.php\/wp-json\/wp\/v2\/media?parent=11512"}],"wp:term":[{"taxonomy":"category","embeddable":true,"href":"http:\/\/cordobateve.net\/index.php\/wp-json\/wp\/v2\/categories?post=11512"},{"taxonomy":"post_tag","embeddable":true,"href":"http:\/\/cordobateve.net\/index.php\/wp-json\/wp\/v2\/tags?post=11512"}],"curies":[{"name":"wp","href":"https:\/\/api.w.org\/{rel}","templated":true}]}}