{"id":116819,"date":"2025-11-26T15:30:29","date_gmt":"2025-11-26T15:30:29","guid":{"rendered":"https:\/\/www.espinof.com\/actores-y-actrices\/gaten-matarazzo-todavia-admira-a-creadores-stranger-things-como-incorporaron-su-enfermedad-a-serie"},"modified":"2025-11-26T15:30:29","modified_gmt":"2025-11-26T15:30:29","slug":"gaten-matarazzo-todavia-admira-a-los-creadores-de-stranger-things-por-como-incorporaron-su-enfermedad-a-la-serie","status":"publish","type":"post","link":"http:\/\/cordobateve.net\/index.php\/2025\/11\/26\/gaten-matarazzo-todavia-admira-a-los-creadores-de-stranger-things-por-como-incorporaron-su-enfermedad-a-la-serie\/","title":{"rendered":"Gaten Matarazzo todav\u00eda admira a los creadores de &#8216;Stranger Things&#8217; por c\u00f3mo incorporaron su enfermedad a la serie"},"content":{"rendered":"<p>No solo es un fen\u00f3meno global por su <strong>mezcla irresistible de nostalgia ochentera, aventuras sobrenaturales y ecos del imaginario<\/strong> de <a class=\"text-outboundlink\" href=\"https:\/\/www.espinof.com\/directores-y-guionistas\/las-mejores-peliculas-de-steven-spielberg\" data-vars-post-title=\"Las 13 mejores pel\u00edculas de Steven Spielberg\" data-vars-post-url=\"https:\/\/www.espinof.com\/directores-y-guionistas\/las-mejores-peliculas-de-steven-spielberg\">Steven Spielberg<\/a> y <a class=\"text-outboundlink\" href=\"https:\/\/www.espinof.com\/directores-y-guionistas\/viva-el-rey-todas-las-peliculas-y-series-de-stephen-king-ordenadas-de-mejor-a-peor\" data-vars-post-title=\"\u00a1Viva el Rey! Todas las pel\u00edculas y series de Stephen King ordenadas de peor a mejor\" data-vars-post-url=\"https:\/\/www.espinof.com\/directores-y-guionistas\/viva-el-rey-todas-las-peliculas-y-series-de-stephen-king-ordenadas-de-mejor-a-peor\">Stephen King<\/a>. &#8216;<a class=\"text-outboundlink\" href=\"https:\/\/www.espinof.com\/criticas\/stranger-things-4-mejor-temporada-ahora-terror-se-aduena-serie-netflix-dejar-ser-ella\" data-vars-post-title=\"'Stranger Things 4' es la mejor temporada hasta ahora: el terror se adue\u00f1a de la serie de Netflix sin dejar de ser ella misma \" data-vars-post-url=\"https:\/\/www.espinof.com\/criticas\/stranger-things-4-mejor-temporada-ahora-terror-se-aduena-serie-netflix-dejar-ser-ella\">Stranger Things<\/a>&#8216; tambi\u00e9n ha tenido un \u00e9xito abrumador por su joven reparto, al que los hermanos Duffer escogieron con un cuidado extraordinario para dar vida a los personajes principales.&nbsp;<\/p>\n<p><!-- BREAK 1 --> <\/p>\n<p>Desde el principio, <strong>Matt y Ross Duffer quisieron que esos ni\u00f1os tuvieran voz<\/strong> en la construcci\u00f3n de sus propios personajes, permiti\u00e9ndoles aportar ideas, matices e incluso decisiones clave. Pero en el caso de <strong>Gaten Matarazzo<\/strong>, el querido Dustin Henderson, esa libertad creativa tuvo un impacto especialmente significativo: fue \u00e9l mismo quien decidi\u00f3 que su personaje tambi\u00e9n conviviera con la displasia cleidocraneal, la enfermedad que afecta al actor en la vida real.&nbsp;<\/p>\n<div class=\"video-boost-container article-asset-normal\">\n<div class=\"article-asset-video\">\n<div class=\"asset-content\">\n<p> <iframe width=\"650\" height=\"366\" src=\"https:\/\/www.youtube.com\/embed\/SxcFyMqU1ao\" allowfullscreen>[embedded content]<\/iframe> <\/p>\n<\/p><\/div><\/div>\n<p> <span class=\"video-boost-title\">LAS 10 MEJORES SERIES DE LA D\u00c9CADA (2010-2019)<\/span>\n<\/div>\n<h2>Un personaje m\u00e1s realista<\/h2>\n<p>Conocido por interpretar a Dustin con una<strong> mezcla de generosidad, humor y audacia<\/strong>, Matarazzo tambi\u00e9n <strong>habla abiertamente de la displasia cleidocraneal<\/strong>, una condici\u00f3n que afecta al desarrollo de huesos y dientes. En su caso, le provoc\u00f3 la falta de incisivos superiores, algo que podr\u00eda haberse ocultado con pr\u00f3tesis o maquillaje. Sin embargo, la serie decidi\u00f3 integrar esto en la trama, d\u00e1ndole un espacio natural y sin dramatismos, y permitiendo que el propio Matarazzo la usara para dar forma a su personaje sin limitaciones.<\/p>\n<p><!-- BREAK 2 --><\/p>\n<div class=\"article-asset article-asset-normal article-asset-center\">\n<div class=\"desvio-container\">\n<div class=\"desvio\">\n<div class=\"desvio-figure js-desvio-figure\"> <a href=\"https:\/\/www.espinof.com\/actores-y-actrices\/noah-schnapp-millie-bobby-brown-revelan-como-rejuvenecieron-a-sus-personajes-temporada-5-stranger-things-dificil-que-se-vea-perfecto\" class=\"pivot-outboundlink\" data-vars-post-title=\"Noah Schnapp y Millie Bobby Brown revelan c\u00f3mo rejuvenecieron a sus personajes en la temporada 5 de 'Stranger Things': &quot;Es dif\u00edcil que se vea perfecto&quot;\"> <img loading=\"lazy\" alt=\"Noah Schnapp y Millie Bobby Brown revelan c\u00f3mo rejuvenecieron a sus personajes en la temporada 5 de 'Stranger Things': &quot;Es dif\u00edcil que se vea perfecto&quot;\" width=\"375\" height=\"142\" src=\"http:\/\/cordobateve.net\/wp-content\/uploads\/2025\/11\/gaten-matarazzo-todavia-admira-a-los-creadores-de-stranger-things-por-como-incorporaron-su-enfermedad-a-la-serie.jpg\"> <\/a> <\/div><\/div><\/div>\n<\/div>\n<p>La inclusi\u00f3n de la displasia en la serie contribuy\u00f3 a visibilizar una condici\u00f3n poco conocida, pero no condiciona al personaje. <strong>Dustin no es un personaje definido por su enfermedad<\/strong>, pero tampoco la esconde: forma parte de \u00e9l, de su identidad y de su encanto. Y ese equilibrio fue posible porque los Duffer depositaron plena confianza en el actor y en su criterio para decidir c\u00f3mo quer\u00eda abordar un rasgo tan personal.<\/p>\n<p><!-- BREAK 3 --> <\/p>\n<p>En una entrevista con <a rel=\"noopener, noreferrer\" href=\"https:\/\/variety.com\/2025\/tv\/features\/stranger-things-5-duffer-bros-ending-spinoffs-1236551615\/\"><em>Variety<\/em><\/a> sobre la quinta temporada, Matarazzo explic\u00f3 <strong>c\u00f3mo se dio esa conversaci\u00f3n con los showrunners<\/strong>:&nbsp;<\/p>\n<blockquote><p>\u00abHabl\u00e9 abiertamente de ello. Pero me lo preguntaron espec\u00edficamente. Dijeron que hab\u00edan elegido a los ni\u00f1os para la serie por sus necesidades especiales, no a pesar de ellas. Pero lo que realmente me impact\u00f3 -y me sigue impactando- fue lo importante que era mi bienestar para ellos\u00bb<\/p><\/blockquote>\n<div class=\"article-asset-image article-asset-normal article-asset-center\">\n<div class=\"asset-content\"> <img class=\"centro_sinmarco\" height=\"600\" width=\"1066\" loading=\"lazy\" decoding=\"async\" sizes=\"100vw\" fetchpriority=\"high\" srcset=\"http:\/\/cordobateve.net\/wp-content\/uploads\/2025\/11\/gaten-matarazzo-todavia-admira-a-los-creadores-de-stranger-things-por-como-incorporaron-su-enfermedad-a-la-serie-1.jpg 450w, http:\/\/cordobateve.net\/wp-content\/uploads\/2025\/11\/gaten-matarazzo-todavia-admira-a-los-creadores-de-stranger-things-por-como-incorporaron-su-enfermedad-a-la-serie-3.jpg 681w, http:\/\/cordobateve.net\/wp-content\/uploads\/2025\/11\/gaten-matarazzo-todavia-admira-a-los-creadores-de-stranger-things-por-como-incorporaron-su-enfermedad-a-la-serie-4.jpg 1024w, http:\/\/cordobateve.net\/wp-content\/uploads\/2025\/11\/gaten-matarazzo-todavia-admira-a-los-creadores-de-stranger-things-por-como-incorporaron-su-enfermedad-a-la-serie-5.jpg 1366w\" src=\"http:\/\/cordobateve.net\/wp-content\/uploads\/2025\/11\/gaten-matarazzo-todavia-admira-a-los-creadores-de-stranger-things-por-como-incorporaron-su-enfermedad-a-la-serie-1.jpg\" alt=\"Gaten Matarazzo en 'Stranger Things'\"> <noscript><img alt=\"Gaten Matarazzo en 'Stranger Things'\" class=\"centro_sinmarco\" src=\"http:\/\/cordobateve.net\/wp-content\/uploads\/2025\/11\/gaten-matarazzo-todavia-admira-a-los-creadores-de-stranger-things-por-como-incorporaron-su-enfermedad-a-la-serie-1.jpg\"><\/noscript> <\/div>\n<\/div>\n<p>El actor destaca que nunca se sinti\u00f3 presionado, sino acompa\u00f1ado, y que esa sensibilidad marc\u00f3 tanto su experiencia en el rodaje como su desarrollo personal. Esa libertad para decidir le ayud\u00f3 a afrontar su situaci\u00f3n a su propio ritmo y con una honestidad admirable. Lejos de ocultarla, Matarazzo la convirti\u00f3 en una pieza m\u00e1s de su trabajo. Gracias a su elecci\u00f3n, <strong>Dustin Henderson se convirti\u00f3 en uno de los personajes m\u00e1s carism\u00e1ticos y entra\u00f1ables<\/strong> de la serie.<\/p>\n<p><!-- BREAK 4 --><\/p>\n<p>En Espinof | <a class=\"text-outboundlink\" href=\"https:\/\/www.espinof.com\/actores-y-actrices\/david-harbour-impacto-stranger-things-cambio-totalmente-mi-vida\" data-vars-post-title=\"David Harbour, sobre el impacto de 'Stranger Things': &quot;Cambi\u00f3 totalmente mi vida&quot; \" data-vars-post-url=\"https:\/\/www.espinof.com\/actores-y-actrices\/david-harbour-impacto-stranger-things-cambio-totalmente-mi-vida\">David Harbour, sobre el impacto de &#8216;Stranger Things&#8217;: \u00abCambi\u00f3 totalmente mi vida\u00bb<\/a><\/p>\n<p>En Espinof | <a class=\"text-outboundlink\" href=\"https:\/\/www.espinof.com\/series-de-ficcion\/pennywise-me-marco-verdad-fans-encontraron-razones-para-pensar-que-stranger-things-esta-conectada-universo-it\" data-vars-post-title=\"Los fans de 'Stranger Things' tienen razones para creer que est\u00e1 conectada con el universo de Stephen King: &quot;Pennywise me marc\u00f3 de verdad&quot;\" data-vars-post-url=\"https:\/\/www.espinof.com\/series-de-ficcion\/pennywise-me-marco-verdad-fans-encontraron-razones-para-pensar-que-stranger-things-esta-conectada-universo-it\">Los fans de &#8216;Stranger Things&#8217; tienen razones para creer que est\u00e1 conectada con el universo de Stephen King: \u00abPennywise me marc\u00f3 de verdad\u00bb<\/a><\/p>\n<p><!-- BREAK 5 --> <\/p>\n","protected":false},"excerpt":{"rendered":"<p>No solo es un fen\u00f3meno global por su mezcla irresistible de nostalgia ochentera, aventuras sobrenaturales y ecos del imaginario de Steven Spielberg y Stephen King. &#8216;Stranger Things&#8216; tambi\u00e9n ha tenido un \u00e9xito abrumador por su joven reparto, al que los hermanos Duffer escogieron con un cuidado extraordinario para dar vida a los personajes principales.&nbsp; Desde [&hellip;]<\/p>\n","protected":false},"author":1,"featured_media":116820,"comment_status":"closed","ping_status":"closed","sticky":false,"template":"","format":"standard","meta":[],"categories":[24],"tags":[],"_links":{"self":[{"href":"http:\/\/cordobateve.net\/index.php\/wp-json\/wp\/v2\/posts\/116819"}],"collection":[{"href":"http:\/\/cordobateve.net\/index.php\/wp-json\/wp\/v2\/posts"}],"about":[{"href":"http:\/\/cordobateve.net\/index.php\/wp-json\/wp\/v2\/types\/post"}],"author":[{"embeddable":true,"href":"http:\/\/cordobateve.net\/index.php\/wp-json\/wp\/v2\/users\/1"}],"replies":[{"embeddable":true,"href":"http:\/\/cordobateve.net\/index.php\/wp-json\/wp\/v2\/comments?post=116819"}],"version-history":[{"count":0,"href":"http:\/\/cordobateve.net\/index.php\/wp-json\/wp\/v2\/posts\/116819\/revisions"}],"wp:featuredmedia":[{"embeddable":true,"href":"http:\/\/cordobateve.net\/index.php\/wp-json\/wp\/v2\/media\/116820"}],"wp:attachment":[{"href":"http:\/\/cordobateve.net\/index.php\/wp-json\/wp\/v2\/media?parent=116819"}],"wp:term":[{"taxonomy":"category","embeddable":true,"href":"http:\/\/cordobateve.net\/index.php\/wp-json\/wp\/v2\/categories?post=116819"},{"taxonomy":"post_tag","embeddable":true,"href":"http:\/\/cordobateve.net\/index.php\/wp-json\/wp\/v2\/tags?post=116819"}],"curies":[{"name":"wp","href":"https:\/\/api.w.org\/{rel}","templated":true}]}}