{"id":117581,"date":"2025-12-10T17:08:33","date_gmt":"2025-12-10T17:08:33","guid":{"rendered":"https:\/\/www.espinof.com\/trailers\/james-cameron-estrena-increible-trailer-su-nueva-pelicula-despues-avatar-3-protagoniza-billie-eilish-utiliza-tecnologia-que-nadie-ha-usado-antes"},"modified":"2025-12-10T17:08:33","modified_gmt":"2025-12-10T17:08:33","slug":"james-cameron-estrena-el-increible-trailer-de-su-nueva-pelicula-despues-de-avatar-3-la-protagoniza-billie-eilish-y-utiliza-tecnologia-que-nadie-ha-usado-antes","status":"publish","type":"post","link":"http:\/\/cordobateve.net\/index.php\/2025\/12\/10\/james-cameron-estrena-el-increible-trailer-de-su-nueva-pelicula-despues-de-avatar-3-la-protagoniza-billie-eilish-y-utiliza-tecnologia-que-nadie-ha-usado-antes\/","title":{"rendered":"James Cameron estrena el incre\u00edble tr\u00e1iler de su nueva pel\u00edcula despu\u00e9s de &#8216;Avatar 3&#8217;. La protagoniza Billie Eilish y utiliza tecnolog\u00eda \u00abque nadie ha usado antes\u00bb"},"content":{"rendered":"<p>Billie Eilish tiene 23 a\u00f1os y ya se ha comido el mundo: tiene en su estanter\u00eda dos \u00d3scar, dos Globos de Oro (ambos por &#8216;Sin tiempo para morir&#8217; y &#8216;Barbie&#8217;) y nueve Grammys, entre much\u00edsimos m\u00e1s galardones. Y ahora, por fin, <strong>ha llegado el momento de estrenarse como co-directora con la pel\u00edcula de su \u00faltima gira de conciertos<\/strong>, en la que comparte el m\u00e9rito con el mism\u00edsimo James Cameron.&nbsp;<\/p>\n<p><!-- BREAK 1 --> <\/p>\n<h2>Como Camer\u00f3n<\/h2>\n<p>&#8216;Hit me hard and soft: The tour&#8217;, tal como leemos en <a rel=\"noopener, noreferrer\" href=\"https:\/\/deadline.com\/2025\/12\/billie-eilish-hit-me-hard-and-soft-concert-film-trailer-1236644289\/\">Deadline<\/a>, se estrenar\u00e1 en cines estadounidenses el 20 de marzo de 2026 y tendr\u00e1 la particularidad de estar rodado en 3D y con la firma de un genio como Cameron, que en el tr\u00e1iler ya afirma que <strong><em>\u00abnadie ha rodado un concierto a esta escala, estamos utilizando tecnolog\u00eda que nadie ha usado antes\u00bb<\/em><\/strong>. La verdad es que nunca he escuchado a Eilish (lo reconozco), pero tienen todo mi inter\u00e9s.<\/p>\n<p><!-- BREAK 2 --><\/p>\n<p>M\u00e1s que basarse en las canciones de esta gira, la pel\u00edcula se promociona como <em>\u00abuna experiencia innovadora\u00bb<\/em> que tratar\u00e1 de ir m\u00e1s all\u00e1 de lo que hicieron las anteriores de la artista, el concierto &#8216;Happier than ever&#8217; y el documental &#8216;The world&#8217;s a little blurry&#8217;. Tras el \u00e9xito de los experimentos de <a class=\"text-outboundlink\" href=\"https:\/\/www.espinof.com\/estrenos\/the-eras-tour-a-examen-taylor-swift-ha-desafiado-a-industria-podria-marcar-antes-despues-formula-dista-mucho-ser-perfecta\" data-vars-post-title=\"C\u00f3mo Taylor Swift ha desafiado a la industria del cine. 'The Eras Tour' revoluciona la taquilla y Christopher Nolan lo tiene claro: &quot;Va a ganar una cantidad enorme de dinero&quot;\" data-vars-post-url=\"https:\/\/www.espinof.com\/estrenos\/the-eras-tour-a-examen-taylor-swift-ha-desafiado-a-industria-podria-marcar-antes-despues-formula-dista-mucho-ser-perfecta\">Taylor Swift<\/a>, <strong>\u00bfalguien dudaba de que iban a tratar de repetirlo, de alguna manera, por todo lo alto?<\/strong>&nbsp;<\/p>\n<div class=\"article-asset-image article-asset-large article-asset-center\">\n<div class=\"asset-content\"> <img class height=\"901\" width=\"1602\" loading=\"lazy\" decoding=\"async\" sizes=\"100vw\" fetchpriority=\"high\" srcset=\"http:\/\/cordobateve.net\/wp-content\/uploads\/2025\/12\/james-cameron-estrena-el-increible-trailer-de-su-nueva-pelicula-despues-de-avatar-3-la-protagoniza-billie-eilish-y-utiliza-tecnologia-que-nadie-ha-usado-antes.jpg 450w, http:\/\/cordobateve.net\/wp-content\/uploads\/2025\/12\/james-cameron-estrena-el-increible-trailer-de-su-nueva-pelicula-despues-de-avatar-3-la-protagoniza-billie-eilish-y-utiliza-tecnologia-que-nadie-ha-usado-antes-1.jpg 681w, http:\/\/cordobateve.net\/wp-content\/uploads\/2025\/12\/james-cameron-estrena-el-increible-trailer-de-su-nueva-pelicula-despues-de-avatar-3-la-protagoniza-billie-eilish-y-utiliza-tecnologia-que-nadie-ha-usado-antes-2.jpg 1024w, http:\/\/cordobateve.net\/wp-content\/uploads\/2025\/12\/james-cameron-estrena-el-increible-trailer-de-su-nueva-pelicula-despues-de-avatar-3-la-protagoniza-billie-eilish-y-utiliza-tecnologia-que-nadie-ha-usado-antes-3.jpg 1366w\" src=\"http:\/\/cordobateve.net\/wp-content\/uploads\/2025\/12\/james-cameron-estrena-el-increible-trailer-de-su-nueva-pelicula-despues-de-avatar-3-la-protagoniza-billie-eilish-y-utiliza-tecnologia-que-nadie-ha-usado-antes.jpg\" alt=\"Billie\"> <noscript><img alt=\"Billie\" class src=\"http:\/\/cordobateve.net\/wp-content\/uploads\/2025\/12\/james-cameron-estrena-el-increible-trailer-de-su-nueva-pelicula-despues-de-avatar-3-la-protagoniza-billie-eilish-y-utiliza-tecnologia-que-nadie-ha-usado-antes.jpg\"><\/noscript> <\/div>\n<\/div>\n<p>Todos sabemos que Cameron est\u00e1 ahora totalmente centrado en la promoci\u00f3n de <a class=\"text-outboundlink\" href=\"https:\/\/www.espinof.com\/todo-lo-que-sabemos\/avatar-3-fecha-estreno-trailer-reparto-todo-que-sabemos-pelicula-ciencia-ficcion-dirigida-james-cameron\" data-vars-post-title=\"'Avatar 3', fecha de estreno, tr\u00e1iler y todo lo que sabemos sobre la tercera pel\u00edcula de ciencia ficci\u00f3n de la saga de James Cameron\" data-vars-post-url=\"https:\/\/www.espinof.com\/todo-lo-que-sabemos\/avatar-3-fecha-estreno-trailer-reparto-todo-que-sabemos-pelicula-ciencia-ficcion-dirigida-james-cameron\">&#8216;Avatar: Fuego y Ceniza&#8217;<\/a>, y, francamente, <strong>nunca es mala noticia que haga cosas fuera de Pandora<\/strong>, aunque solo sea para hacernos bailar.<\/p>\n<p><!-- BREAK 3 --> <\/p>\n<p>En Espinof |&nbsp;<a class=\"text-outboundlink\" href=\"https:\/\/www.espinof.com\/listas\/mejores-peliculas-conciertos\" data-vars-post-title=\"Las 14 mejores pel\u00edculas de conciertos para calmar el ansia de m\u00fasica en directo\" data-vars-post-url=\"https:\/\/www.espinof.com\/listas\/mejores-peliculas-conciertos\">Las 14 mejores pel\u00edculas de conciertos para calmar el ansia de m\u00fasica en directo<\/a><\/p>\n<p>En Espinof | <a class=\"text-outboundlink\" href=\"https:\/\/www.espinof.com\/listas\/mejores-peliculas-2025\" data-vars-post-title=\"Las 15 mejores pel\u00edculas de 2025 (por ahora)\" data-vars-post-url=\"https:\/\/www.espinof.com\/listas\/mejores-peliculas-2025\">Las mejores pel\u00edculas de 2025<\/a><\/p>\n","protected":false},"excerpt":{"rendered":"<p>Billie Eilish tiene 23 a\u00f1os y ya se ha comido el mundo: tiene en su estanter\u00eda dos \u00d3scar, dos Globos de Oro (ambos por &#8216;Sin tiempo para morir&#8217; y &#8216;Barbie&#8217;) y nueve Grammys, entre much\u00edsimos m\u00e1s galardones. Y ahora, por fin, ha llegado el momento de estrenarse como co-directora con la pel\u00edcula de su \u00faltima [&hellip;]<\/p>\n","protected":false},"author":1,"featured_media":117582,"comment_status":"closed","ping_status":"closed","sticky":false,"template":"","format":"standard","meta":[],"categories":[24],"tags":[],"_links":{"self":[{"href":"http:\/\/cordobateve.net\/index.php\/wp-json\/wp\/v2\/posts\/117581"}],"collection":[{"href":"http:\/\/cordobateve.net\/index.php\/wp-json\/wp\/v2\/posts"}],"about":[{"href":"http:\/\/cordobateve.net\/index.php\/wp-json\/wp\/v2\/types\/post"}],"author":[{"embeddable":true,"href":"http:\/\/cordobateve.net\/index.php\/wp-json\/wp\/v2\/users\/1"}],"replies":[{"embeddable":true,"href":"http:\/\/cordobateve.net\/index.php\/wp-json\/wp\/v2\/comments?post=117581"}],"version-history":[{"count":0,"href":"http:\/\/cordobateve.net\/index.php\/wp-json\/wp\/v2\/posts\/117581\/revisions"}],"wp:featuredmedia":[{"embeddable":true,"href":"http:\/\/cordobateve.net\/index.php\/wp-json\/wp\/v2\/media\/117582"}],"wp:attachment":[{"href":"http:\/\/cordobateve.net\/index.php\/wp-json\/wp\/v2\/media?parent=117581"}],"wp:term":[{"taxonomy":"category","embeddable":true,"href":"http:\/\/cordobateve.net\/index.php\/wp-json\/wp\/v2\/categories?post=117581"},{"taxonomy":"post_tag","embeddable":true,"href":"http:\/\/cordobateve.net\/index.php\/wp-json\/wp\/v2\/tags?post=117581"}],"curies":[{"name":"wp","href":"https:\/\/api.w.org\/{rel}","templated":true}]}}