{"id":119717,"date":"2026-01-16T21:17:27","date_gmt":"2026-01-16T21:17:27","guid":{"rendered":"https:\/\/www.clarin.com\/cultura\/museo-memoria-chile-gano-premio-rey-espana-derechos-humanos_0_hs6ayZiDn0.html"},"modified":"2026-01-16T21:17:27","modified_gmt":"2026-01-16T21:17:27","slug":"el-museo-de-la-memoria-de-chile-gano-el-premio-rey-de-espana-de-derechos-humanos","status":"publish","type":"post","link":"http:\/\/cordobateve.net\/index.php\/2026\/01\/16\/el-museo-de-la-memoria-de-chile-gano-el-premio-rey-de-espana-de-derechos-humanos\/","title":{"rendered":"El Museo de la Memoria de Chile gan\u00f3 el Premio Rey de Espa\u00f1a de Derechos Humanos"},"content":{"rendered":"<p><img src=\"http:\/\/cordobateve.net\/wp-content\/uploads\/2026\/01\/el-museo-de-la-memoria-de-chile-gano-el-premio-rey-de-espana-de-derechos-humanos.jpg\"><\/p>\n<div><img src=\"http:\/\/cordobateve.net\/wp-content\/uploads\/2026\/01\/el-museo-de-la-memoria-de-chile-gano-el-premio-rey-de-espana-de-derechos-humanos-2.jpg\" class=\"ff-og-image-inserted\"><\/div>\n<div id=\"element-body-0\" readability=\"48.198795180723\">\n<p>El<strong> <a href=\"https:\/\/www.clarin.com\/mundo\/fotogalerias-chile-museo-memoria-derechos-humanos_5_HkmB2emUX.html\" target=\"_blank\" title=\"Museo de la Memoria y Derechos Humanos de Chile\" alt=\"Museo de la Memoria y Derechos Humanos de Chile\" rel=\"noopener noreferrer\">Museo de la Memoria y Derechos Humanos de Chile<\/a> (<a href=\"https:\/\/www.clarin.com\/ediciones-anteriores\/bachelet-inauguro-museo-memoria-dias-balotaje_0_SJQEiYDC6te.html\" target=\"_blank\" title=\"MMDH\" alt=\"MMDH\" rel=\"noopener noreferrer\">MMDH<\/a>)<\/strong>, que da visibilidad a las <strong>violaciones sistem\u00e1ticas de los <a href=\"https:\/\/www.clarin.com\/cultura\/santiago-ilumino-edificios-recordar-victimas-dictadura-pinochet_0_Uu5FH2rXJO.html\" target=\"_blank\" title=\"derechos humanos\" alt=\"derechos humanos\" rel=\"noopener noreferrer\">derechos humanos<\/a><\/strong> cometidas en ese pa\u00eds entre <a href=\"https:\/\/www.clarin.com\/mundo\/lecciones-dejo-golpe-militar-73-director-museo-memoria-chile_0_SyUllLB_m.html\" target=\"_blank\" title=\"1973 y 1990\" alt=\"1973 y 1990\" rel=\"noopener noreferrer\">1973 y 1990<\/a>, ha sido galardonado con el <strong>X Premio de Derechos Humanos Rey de Espa\u00f1a<\/strong>, que conceden el Defensor del Pueblo y la Universidad de Alcal\u00e1 de Henares (Madrid).<\/p>\n<\/div>\n<div id=\"element-body-2\" readability=\"64\">\n<p>Este galard\u00f3n reconoce la labor de las entidades e instituciones, privadas o p\u00fablicas, de Espa\u00f1a, Portugal y resto de pa\u00edses iberoamericanos que se distingan en <strong>la defensa y promoci\u00f3n de los derechos humanos y los valores democr\u00e1ticos<\/strong>, o que impulsen la investigaci\u00f3n y la puesta en pr\u00e1ctica de programas de actuaci\u00f3n dirigidos a promover estos valores.<\/p>\n<\/div>\n<div id=\"element-body-3\" readability=\"61\">\n<p><strong>El jurado ha valorado la \u00abingente actividad memor\u00edstica\u00bb<\/strong> de esta instituci\u00f3n fundada en 2010, \u00abcomo una garant\u00eda de futuro para la democracia y los derechos humanos\u00bb, seg\u00fan han informado este viernes ambas instituciones en un comunicado.<\/p>\n<\/div>\n<div id=\"element-body-5\" readability=\"62\">\n<p>Asimismo, ha destacado que \u00aben el contexto dram\u00e1tico de las dictaduras militares del Cono Sur, ya superadas, este reconocimiento <strong>aspira a convertirse en una herramienta y un aval sin retrocesos para la democracia y los derechos humanos en Chile y en el mundo<\/strong>\u0094.<\/p>\n<\/div>\n<div id=\"element-body-6\" readability=\"67\">\n<p>El patrimonio de sus archivos contempla<strong> testimonios orales y escritos, documentos jur\u00eddicos, cartas, relatos, producci\u00f3n literaria, material de prensa escrita, audiovisual y radial, largometrajes,<\/strong> material hist\u00f3rico y fotograf\u00edas documentales.<\/p>\n<\/div>\n<div id=\"element-body-7\" readability=\"67\">\n<p>A trav\u00e9s de su labor educativa y su trabajo con comunidades, investigadores, docentes y estudiantes, <strong>el MMDH promueve activamente la ense\u00f1anza de los derechos humanos como pr\u00e1ctica ciudadana cotidiana<\/strong>, \u00abintegrando los lenguajes del arte, la investigaci\u00f3n, la educaci\u00f3n y la tecnolog\u00eda para estimular la reflexi\u00f3n cr\u00edtica en torno a la dignidad humana y la convivencia democr\u00e1tica\u00bb, a\u00f1ade la nota.<\/p>\n<\/div>\n<div id=\"element-body-9\" readability=\"63\">\n<p>El premio, con <strong>una dotaci\u00f3n econ\u00f3mica de 25.000 euros<\/strong>, ser\u00e1 entregado por el rey de Espa\u00f1a, Felipe VI, el pr\u00f3ximo mes de mayo en un acto en la Capilla de San Ildefonso de la Universidad de Alcal\u00e1.<\/p>\n<\/div>\n<div id=\"element-body-10\" readability=\"69\">\n<p>El jurado, compuesto por el propio defensor del Pueblo, \u00c1ngel Gabilondo; el rector de la Universidad de Alcal\u00e1, Jos\u00e9 Vicente Saz; el presidente de la Agencia EFE, Miguel \u00c1ngel Oliver; el director de la Real Academia Espa\u00f1ola (RAE), Santiago Mu\u00f1oz Machado, o la vocal del Observatorio contra la Violencia Dom\u00e9stica y de G\u00e9nero del CGPJ, Esther Erice, entre otros, ha valorado el trabajo del MMDH junto con otras 57 candidaturas de catorce pa\u00edses distintos.<\/p>\n<\/div>\n<div id=\"element-body-11\" readability=\"63\">\n<p><strong>En la anterior edici\u00f3n fue premiada la ONG mexicana Colectivo Familiares por Nuestros Desaparecidos de Jalisco (FUNDEJ)<\/strong>, dedicada a la b\u00fasqueda de personas desaparecidas en este estado mexicano y a formar una red de apoyo, orientaci\u00f3n y acompa\u00f1amiento a los familiares en el proceso de denuncia, b\u00fasqueda y localizaci\u00f3n de personas desaparecidas.<\/p>\n<\/div>\n<div id=\"element-body-13\" readability=\"61\">\n<p>Las autoridades del museo agradecieron el premio y dijeron que<strong> el reconocimiento \u00abllega en un momento pol\u00edtico interesante\u00bb<\/strong>, a menos de dos meses de que asuma como presidente el ultraderechista<strong> Jos\u00e9 Antonio Kast<\/strong>, simpatizante de la dictadura chilena.<\/p>\n<\/div>\n<div id=\"element-body-15\" readability=\"65\">\n<p>\u00abLlega en un momento pol\u00edtico interesante en que <strong>necesitamos a\u00fan m\u00e1s estos respaldos<\/strong>. Pero, la verdad, es que el Museo ha trabajado con distintos Gobiernos. Aunque somos una fundaci\u00f3n privada, el Museo es una reparaci\u00f3n del Estado que tiene financiamiento y vocaci\u00f3n p\u00fablica\u00bb, asegur\u00f3 su directora, Mar\u00eda Fernanda Garc\u00eda.<\/p>\n<\/div>\n<div id=\"element-body-16\" readability=\"58\">\n<p>Agreg\u00f3 que<strong> van \u00aba seguir colaborando con los distintos Gobiernos <\/strong>porque es un acto del Estado y es de todo Chile\u00bb.<\/p>\n<\/div>\n<div id=\"element-body-17\" readability=\"61\">\n<p>Inaugurado en enero de 2010 y ubicado en el barrio capitalino de Quinta Normal, <strong>el MMDH est\u00e1 dedicado a conmemorar a las v\u00edctimas de la dictadura de Augusto Pinochet (1973-1990)<\/strong> y a exponer las sistem\u00e1ticas violaciones a los derechos humanos que ocurrieron durante ese periodo con el objetivo de que nunca m\u00e1s vuelvan a ocurrir.<\/p>\n<\/div>\n<div id=\"element-body-19\" readability=\"61\">\n<p>\u00abEs una instituci\u00f3n que <strong>se ha construido con la memoria colectiva de todas las personas que sufrieron durante la dictadura<\/strong>, pero tambi\u00e9n con la memoria de toda una sociedad. (Con el premio) se reconoce el trabajo que hacemos en pedagog\u00eda en derechos humanos\u00bb, indic\u00f3 Garc\u00eda.<\/p>\n<\/div>\n<div id=\"element-body-20\" readability=\"60\">\n<p>Para Garc\u00eda, el MMDH es una instituci\u00f3n \u00abmuy particular\u00bb y muy \u00fanica en la regi\u00f3n porque \u00abno solo es un museo de memoria, sino que es un museo vivo\u00bb.<\/p>\n<\/div>\n<div id=\"element-body-21\" readability=\"63\">\n<p>\u00ab<strong>Tambi\u00e9n trabajamos con los derechos humanos de nueva generaci\u00f3n.<\/strong> Nos importa lo que pasa con el cambio clim\u00e1tico, con la desinformaci\u00f3n, con la violaci\u00f3n de derechos humanos en otros lugares del mundo hoy. Nos importa esa conexi\u00f3n con el pasado y los distintos pa\u00edses y sociedades\u00bb, a\u00f1adi\u00f3.<\/p>\n<\/div>\n","protected":false},"excerpt":{"rendered":"<p>El Museo de la Memoria y Derechos Humanos de Chile (MMDH), que da visibilidad a las violaciones sistem\u00e1ticas de los derechos humanos cometidas en ese pa\u00eds entre 1973 y 1990, ha sido galardonado con el X Premio de Derechos Humanos Rey de Espa\u00f1a, que conceden el Defensor del Pueblo y la Universidad de Alcal\u00e1 de [&hellip;]<\/p>\n","protected":false},"author":1,"featured_media":119718,"comment_status":"closed","ping_status":"closed","sticky":false,"template":"","format":"standard","meta":[],"categories":[22],"tags":[],"_links":{"self":[{"href":"http:\/\/cordobateve.net\/index.php\/wp-json\/wp\/v2\/posts\/119717"}],"collection":[{"href":"http:\/\/cordobateve.net\/index.php\/wp-json\/wp\/v2\/posts"}],"about":[{"href":"http:\/\/cordobateve.net\/index.php\/wp-json\/wp\/v2\/types\/post"}],"author":[{"embeddable":true,"href":"http:\/\/cordobateve.net\/index.php\/wp-json\/wp\/v2\/users\/1"}],"replies":[{"embeddable":true,"href":"http:\/\/cordobateve.net\/index.php\/wp-json\/wp\/v2\/comments?post=119717"}],"version-history":[{"count":0,"href":"http:\/\/cordobateve.net\/index.php\/wp-json\/wp\/v2\/posts\/119717\/revisions"}],"wp:featuredmedia":[{"embeddable":true,"href":"http:\/\/cordobateve.net\/index.php\/wp-json\/wp\/v2\/media\/119718"}],"wp:attachment":[{"href":"http:\/\/cordobateve.net\/index.php\/wp-json\/wp\/v2\/media?parent=119717"}],"wp:term":[{"taxonomy":"category","embeddable":true,"href":"http:\/\/cordobateve.net\/index.php\/wp-json\/wp\/v2\/categories?post=119717"},{"taxonomy":"post_tag","embeddable":true,"href":"http:\/\/cordobateve.net\/index.php\/wp-json\/wp\/v2\/tags?post=119717"}],"curies":[{"name":"wp","href":"https:\/\/api.w.org\/{rel}","templated":true}]}}