{"id":125524,"date":"2026-04-26T11:01:09","date_gmt":"2026-04-26T11:01:09","guid":{"rendered":"https:\/\/www.clarin.com\/cultura\/feria-libro-2026-recomendados-hoy-26-abril_0_xj6OPVL25W.html"},"modified":"2026-04-26T11:01:09","modified_gmt":"2026-04-26T11:01:09","slug":"feria-del-libro-2026-los-recomendados-de-hoy-26-de-abril","status":"publish","type":"post","link":"http:\/\/cordobateve.net\/index.php\/2026\/04\/26\/feria-del-libro-2026-los-recomendados-de-hoy-26-de-abril\/","title":{"rendered":"Feria del Libro 2026: los recomendados de hoy 26 de abril"},"content":{"rendered":"<p><img src=\"http:\/\/cordobateve.net\/wp-content\/uploads\/2026\/04\/feria-del-libro-2026-los-recomendados-de-hoy-26-de-abril.jpg\"><\/p>\n<div><img src=\"http:\/\/cordobateve.net\/wp-content\/uploads\/2026\/04\/feria-del-libro-2026-los-recomendados-de-hoy-26-de-abril-2.jpg\" class=\"ff-og-image-inserted\"><\/div>\n<div id=\"element-body-0\" readability=\"66\">\n<p>Para el <strong>cierre de su primer fin de semana<\/strong>, la Feria del Libro de Buenos Aires despliega esta tarde una programaci\u00f3n diversa que cruza la literatura con la ciencia, la historia reciente y la cultura contempor\u00e1nea. Figuras como <strong>Marcelo R. Ceberio<\/strong>, <strong>Pacho O\u2019Donnell y Laura Ramos<\/strong> dir\u00e1n presente en distintas salas, mientras que tambi\u00e9n habr\u00e1 <strong>propuestas ligadas a la memoria, la divulgaci\u00f3n cient\u00edfica y los cruces entre arte, moda y pol\u00edtica.<\/strong> La jornada suma adem\u00e1s actividades sobre el universo de Gabriel Garc\u00eda M\u00e1rquez y un nuevo encuentro del <strong>Festival Internacional de Poes\u00eda.<\/strong><\/p>\n<\/div>\n<div id=\"element-body-2\" readability=\"63\">\n<p>En el <strong>espacio cultural de Clar\u00edn y revista \u00d1<\/strong>, la periodista y guionista <strong>Teresa Donato<\/strong> recorrer\u00e1 a las 13.30 las claves de su libro <em>Desaparecida dos veces<\/em> y tambi\u00e9n las de su obra <em>Mi vida anterior<\/em>, <strong>ambas basadas en la vida de Ana Mar\u00edas Massochi, oficial segunda de Montoneros<\/strong> que sobrevivi\u00f3 al cautiverio y silenci\u00f3 su historia durante treinta a\u00f1os.<\/p>\n<\/div>\n<div id=\"element-body-3\" readability=\"61\">\n<p>A las 16, <strong>tres de los editores m\u00e1s importantes del pa\u00eds<\/strong> revelar\u00e1n c\u00f3mo es <strong>editar libros en tiempos de inteligencia artificial<\/strong>. Ser\u00e1n de la partida <strong>Leonora Djament (Eterna Cadencia), Maxi Papandrea (Sigilo) y Paula P\u00e9rez Alonso (Planeta). <\/strong><\/p>\n<\/div>\n<div id=\"element-body-5\" readability=\"65\">\n<p>Por \u00faltimo a las 17, <strong>el extraordinario dramaturgo y director de teatro Mauricio Kart\u00fan<\/strong>, autor de piezas memorables como <em>El ni\u00f1o argentino, Sacco y Vanzetti, La Madonnita <\/em>y <em>Terrenal<\/em>, entre muchas otras, dialogar\u00e1 con la cr\u00edtica Alejandra Rodr\u00edguez Ballester.<\/p>\n<\/div>\n<div id=\"element-body-7\" readability=\"61\">\n<p>A las 14:30, el psic\u00f3logo <strong>Marcelo R. Ceberio<\/strong> encabezar\u00e1 la presentaci\u00f3n de su libro <strong><em>Amor sin cerrojo<\/em><\/strong> en la sala Alejandra Pizarnik del Pabell\u00f3n Amarillo, en una charla coordinada por Jessica Gualco donde abordar\u00e1 los distintos <strong>tipos de v\u00ednculos amorosos desde su experiencia cl\u00ednica. <\/strong><\/p>\n<\/div>\n<div id=\"element-body-8\" readability=\"64\">\n<p>A esa misma hora, en la Zona Explora,<strong> el Grupo de Estudio del Mar Profundo Argentino (GEMPA) propone el taller \u201cExpedici\u00f3n al fondo del mar\u201d, con cient\u00edficos que participaron en la campa\u00f1a Talud Continental IV<\/strong>: habr\u00e1 im\u00e1genes in\u00e9ditas, r\u00e9plicas 3D de especies y observaciones con microscopio para acercar al p\u00fablico a la vida en el ca\u00f1\u00f3n submarino Mar del Plata.<\/p>\n<\/div>\n<div id=\"element-body-10\" readability=\"65\">\n<p>A las 15:00, la memoria reciente ser\u00e1 eje de la mesa redonda<strong> \u201cA 50 a\u00f1os de nuestra noche m\u00e1s oscura\u201d <\/strong>en la Zona Futuro, donde Andrea Su\u00e1rez C\u00f3rica, Ana Silvia Gal\u00e1n y Pablo Torres <strong>debatir\u00e1n sobre las formas actuales de representar el pasado<\/strong>, con foco en identidad, exilio y las historias de hijos de desaparecidos. <\/p>\n<\/div>\n<div id=\"element-body-12\" readability=\"66\">\n<p>M\u00e1s tarde, a las 16:00, el historiador<strong> Pacho O\u2019Donnell <\/strong>presentar\u00e1 <strong><em>El arte de envejecer <\/em><\/strong>en la sala Julio Cort\u00e1zar, mientras que en simult\u00e1neo, en la sala Ernesto Sabato, Emilia Frigerio y Violeta Santamarina compartir\u00e1n el detr\u00e1s de escena de <strong><em>Madres de<\/em><\/strong>, un libro que reconstruye<strong> la crianza de figuras del f\u00fatbol argentino a<\/strong> partir de entrevistas con sus madres.<\/p>\n<\/div>\n<div id=\"element-body-14\" readability=\"66\">\n<p>Desde las 17:30, la periodista y escritora <strong>Laura Ramos presentar\u00e1 <em>La ni\u00f1era de la KGB<\/em> <\/strong>en la sala Victoria Ocampo, una obra que combina investigaci\u00f3n hist\u00f3rica y relato biogr\u00e1fico. A las 18:30, en la Zona Futuro, la soci\u00f3loga <strong>Daniela Lucena<\/strong> impulsar\u00e1 el debate<strong> \u201cArte y moda en la Argentina\u201d <\/strong>a partir de su libro <strong><em>\u00bfPor qu\u00e9 son tan geniales?<\/em><\/strong>, proponiendo una mirada sobre los cruces entre vanguardia, pol\u00edtica y cultura under.<\/p>\n<\/div>\n<div id=\"element-body-16\" readability=\"65\">\n<p>A las 19:00 habr\u00e1 dos propuestas en paralelo: por un lado, en la sala Victoria Ocampo,<strong> la mesa \u201cCien a\u00f1os de soledad: del papel a la pantalla\u201d<\/strong> abordar\u00e1 el desaf\u00edo de adaptar el universo de Gabriel Garc\u00eda M\u00e1rquez junto a la Fundaci\u00f3n El Libro y Netflix; por otro, en la sala Alejandra Pizarnik,<strong> Lucas Botta presentar\u00e1 <em>Chamuyos de la historia<\/em><\/strong>, con un enfoque divulgativo sobre episodios del pasado.<\/p>\n<\/div>\n<div id=\"element-body-18\" readability=\"63\">\n<p>El cierre llegar\u00e1 a las 20:30 con la Mesa VII del <strong>XIX Festival Internacional de Poes\u00eda <\/strong>en la sala Victoria Ocampo, donde leer\u00e1n sus obras Frank B\u00e1ez, <strong>la escritora y cantante Adriana Calcanhotto <\/strong>y Carlos L\u00f3pez Beltr\u00e1n, en un encuentro que reunir\u00e1 voces destacadas de la poes\u00eda latinoamericana contempor\u00e1nea.<\/p>\n<\/div>\n","protected":false},"excerpt":{"rendered":"<p>Para el cierre de su primer fin de semana, la Feria del Libro de Buenos Aires despliega esta tarde una programaci\u00f3n diversa que cruza la literatura con la ciencia, la historia reciente y la cultura contempor\u00e1nea. Figuras como Marcelo R. Ceberio, Pacho O\u2019Donnell y Laura Ramos dir\u00e1n presente en distintas salas, mientras que tambi\u00e9n habr\u00e1 [&hellip;]<\/p>\n","protected":false},"author":1,"featured_media":125525,"comment_status":"closed","ping_status":"closed","sticky":false,"template":"","format":"standard","meta":[],"categories":[22],"tags":[],"_links":{"self":[{"href":"http:\/\/cordobateve.net\/index.php\/wp-json\/wp\/v2\/posts\/125524"}],"collection":[{"href":"http:\/\/cordobateve.net\/index.php\/wp-json\/wp\/v2\/posts"}],"about":[{"href":"http:\/\/cordobateve.net\/index.php\/wp-json\/wp\/v2\/types\/post"}],"author":[{"embeddable":true,"href":"http:\/\/cordobateve.net\/index.php\/wp-json\/wp\/v2\/users\/1"}],"replies":[{"embeddable":true,"href":"http:\/\/cordobateve.net\/index.php\/wp-json\/wp\/v2\/comments?post=125524"}],"version-history":[{"count":0,"href":"http:\/\/cordobateve.net\/index.php\/wp-json\/wp\/v2\/posts\/125524\/revisions"}],"wp:featuredmedia":[{"embeddable":true,"href":"http:\/\/cordobateve.net\/index.php\/wp-json\/wp\/v2\/media\/125525"}],"wp:attachment":[{"href":"http:\/\/cordobateve.net\/index.php\/wp-json\/wp\/v2\/media?parent=125524"}],"wp:term":[{"taxonomy":"category","embeddable":true,"href":"http:\/\/cordobateve.net\/index.php\/wp-json\/wp\/v2\/categories?post=125524"},{"taxonomy":"post_tag","embeddable":true,"href":"http:\/\/cordobateve.net\/index.php\/wp-json\/wp\/v2\/tags?post=125524"}],"curies":[{"name":"wp","href":"https:\/\/api.w.org\/{rel}","templated":true}]}}