{"id":125526,"date":"2026-04-26T08:53:05","date_gmt":"2026-04-26T08:53:05","guid":{"rendered":"https:\/\/www.clarin.com\/cultura\/historia-secreta-cuadro-goya-franco-quiso-regalar-hitler-hoy-ve-prado_0_AXJZRkmX2Q.html"},"modified":"2026-04-26T08:53:05","modified_gmt":"2026-04-26T08:53:05","slug":"la-historia-secreta-del-cuadro-de-goya-que-franco-quiso-regalar-a-hitler-y-hoy-se-ve-en-el-prado","status":"publish","type":"post","link":"http:\/\/cordobateve.net\/index.php\/2026\/04\/26\/la-historia-secreta-del-cuadro-de-goya-que-franco-quiso-regalar-a-hitler-y-hoy-se-ve-en-el-prado\/","title":{"rendered":"La historia secreta del cuadro de Goya que Franco quiso regalar a Hitler y hoy se ve en el Prado"},"content":{"rendered":"<p><img src=\"http:\/\/cordobateve.net\/wp-content\/uploads\/2026\/04\/la-historia-secreta-del-cuadro-de-goya-que-franco-quiso-regalar-a-hitler-y-hoy-se-ve-en-el-prado.jpg\"><\/p>\n<div><img src=\"http:\/\/cordobateve.net\/wp-content\/uploads\/2026\/04\/la-historia-secreta-del-cuadro-de-goya-que-franco-quiso-regalar-a-hitler-y-hoy-se-ve-en-el-prado-2.jpg\" class=\"ff-og-image-inserted\"><\/div>\n<div id=\"element-body-0\" readability=\"61.853658536585\">\n<p>El <strong>Museo del Prado<\/strong> cuenta una de las historias m\u00e1s singulares del patrimonio espa\u00f1ol, el <a href=\"https:\/\/www.clarin.com\/cultura\/goya-cazador-tendencias-muestra-explora-moda-retratada-pintor_0_lt4eksIeyb.html\" target=\"_blank\" title=\"retrato \" alt=\"retrato \" rel=\"noopener noreferrer\">retrato <\/a>de <strong>&#8216;La marquesa de Santa Cruz&#8217;, de Francisco de <a href=\"https:\/\/www.clarin.com\/rn\/arte\/Goya-artista-rebelde-corte_0_r1v8Qo_w7l.html\" target=\"_blank\" title=\"Goya\" alt=\"Goya\" rel=\"noopener noreferrer\">Goya<\/a><\/strong>, expuesta por primera vez con <strong>una de las copias encargadas por Franco<\/strong> cuando quiso <strong>regalarle el original a Hitler<\/strong>; una historia de intriga, exportaci\u00f3n ilegal y recuperaci\u00f3n.<\/p>\n<\/div>\n<div id=\"element-body-2\" readability=\"59.110169491525\">\n<p>La marquesa <strong>fue <a href=\"https:\/\/www.clarin.com\/tema\/francisco-de-goya.html\" target=\"_blank\" title=\"pintada \" alt=\"pintada \" rel=\"noopener noreferrer\">pintada <\/a>por <a href=\"https:\/\/www.clarin.com\/cultura\/goya-artista-espanol-tragedia-grotesco_0_4y8at6-7b.html\" target=\"_blank\" title=\"Goya \" alt=\"Goya \" rel=\"noopener noreferrer\">Goya <\/a>(1746-1828) en 1805 <\/strong>y el dictador espa\u00f1ol, <strong>Francisco Franco, encarg\u00f3 tres copias a otro pintor <\/strong>para compensar a los due\u00f1os del cuadro y as\u00ed <strong>regalarle el original a Adolf Hitler, algo que no ocurri\u00f3.<\/strong><\/p>\n<\/div>\n<div id=\"element-body-3\" readability=\"59\">\n<p>Ahora, <strong>el original y una copia posan juntas<\/strong> en una muestra organizada por el Prado con motivo del 40 aniversario del regreso del cuadro a Espa\u00f1a.<\/p>\n<\/div>\n<div id=\"element-body-5\" readability=\"68\">\n<p>La historia del <strong>retrato de Joaquina T\u00e9llez, una arist\u00f3crata ilustrada del siglo XVIII<\/strong>, tiene mucho de historia \u00abcon may\u00fascula\u00bb, dijo el director adjunto de Conservaci\u00f3n e Investigaci\u00f3n del museo, Alfonso Palacio, porque se adentr\u00f3 en <strong>la pol\u00edtica internacional en 1941<\/strong>, cuando Franco tuvo la intenci\u00f3n de ofrec\u00e9rsela a Hitler porque entre ellos, cont\u00f3 el experto, se intercambiaban regalos.<\/p>\n<\/div>\n<div id=\"element-body-6\" readability=\"68\">\n<p><strong>El inter\u00e9s nazi surgi\u00f3 un a\u00f1o antes<\/strong>, cuando el jefe de las SS, Heinrich Himmler, recorri\u00f3 el Museo del Prado y se fij\u00f3 en la pintura, <strong>un retrato \u00aboriginal\u00edsimo\u00bb<\/strong>, como subraya el experto, en el que la marquesa posa como una musa de la m\u00fasica y el baile, aunque no fue eso lo que le atrajo, sino un adorno que tiene la lira que ella sostiene.<\/p>\n<\/div>\n<div id=\"element-body-7\" readability=\"61\">\n<p><strong>Era algo que aparentaba ser un s\u00edmbolo que los nazis <\/strong>interpretaron como una cruz gamada, aunque en realidad se trata de un adorno que procede de las tradiciones decorativas de los etruscos y que puede verse en los enterramientos y en las tumbas escult\u00f3ricas de los mismos. <strong>Es como un s\u00edmbolo solar.<\/strong><\/p>\n<\/div>\n<div id=\"element-body-8\" readability=\"62\">\n<p><strong>El regalo no se materializ\u00f3, pese a haber pagado un mill\u00f3n y medio de pesetas a la familia propietaria<\/strong> y de hacer esas tres copias, pintadas por Francisco N\u00fa\u00f1ez Losada, de las que solo se conserva fehacientemente la que se expone.<\/p>\n<\/div>\n<div id=\"element-body-10\" readability=\"59\">\n<p>La documentaci\u00f3n del Museo constata que <strong>la obra estuvo en el Prado hasta 1944<\/strong>, cuando se devolvi\u00f3 a los due\u00f1os.<\/p>\n<\/div>\n<div id=\"element-body-11\" readability=\"60\">\n<p>En 1983, <strong>los entonces propietarios la vendieron con la condici\u00f3n de que no saliera de Espa\u00f1a<\/strong>, pero no se cumpli\u00f3 y <strong>sali\u00f3 clandestinamente del pa\u00eds.<\/strong><\/p>\n<\/div>\n<div id=\"element-body-12\" readability=\"62\">\n<p><strong>Fue a Z\u00farich y desde all\u00ed pas\u00f3 a manos de un empresario brit\u00e1nico, Lord Wimborne,<\/strong> que la ofreci\u00f3 al Museo Getty de Los \u00c1ngeles por doce millones de d\u00f3lares, aunque no la compraron al conocer que hab\u00eda salido de Espa\u00f1a de forma ilegal.<\/p>\n<\/div>\n<div id=\"element-body-14\" readability=\"60\">\n<p>De eso tuvo conocimiento <strong>el Ministerio de Cultura espa\u00f1ol, que inici\u00f3 una compleja batalla legal internacional que termin\u00f3 en 1986, cuando volvi\u00f3 al Prado.<\/strong><\/p>\n<\/div>\n<div id=\"element-body-15\" readability=\"61\">\n<p>El Ministerio de Cultura de la \u00e9poca se enter\u00f3 de que iba a subastarse en Christie&#8217;s, <strong>recurri\u00f3 a los tribunales brit\u00e1nicos y logr\u00f3 demostrar que los permisos de exportaci\u00f3n eran falsos<\/strong>, lo que permiti\u00f3 negociar su adquisici\u00f3n por seis millones de d\u00f3lares.<\/p>\n<\/div>\n<div id=\"element-body-17\" readability=\"61\">\n<p>Cuarenta a\u00f1os despu\u00e9s,<strong> la marquesa de Goya se muestra resplandeciente gracias a las manos de los restauradores<\/strong>, junto a una de sus copias, que evidencia el paso del tiempo.<\/p>\n<\/div>\n<div id=\"element-body-18\" readability=\"60\">\n<p>Pero las dos ense\u00f1an a una mujer recostada y elegante, reflejo de una \u00e9poca en la que parte de la nobleza quiso identificarse con la cultura y la m\u00fasica. Una mujer serena ajena al revuelo que siglos despu\u00e9s provocar\u00eda su imagen.<\/p>\n<\/div>\n","protected":false},"excerpt":{"rendered":"<p>El Museo del Prado cuenta una de las historias m\u00e1s singulares del patrimonio espa\u00f1ol, el retrato de &#8216;La marquesa de Santa Cruz&#8217;, de Francisco de Goya, expuesta por primera vez con una de las copias encargadas por Franco cuando quiso regalarle el original a Hitler; una historia de intriga, exportaci\u00f3n ilegal y recuperaci\u00f3n. La marquesa [&hellip;]<\/p>\n","protected":false},"author":1,"featured_media":125527,"comment_status":"closed","ping_status":"closed","sticky":false,"template":"","format":"standard","meta":[],"categories":[22],"tags":[],"_links":{"self":[{"href":"http:\/\/cordobateve.net\/index.php\/wp-json\/wp\/v2\/posts\/125526"}],"collection":[{"href":"http:\/\/cordobateve.net\/index.php\/wp-json\/wp\/v2\/posts"}],"about":[{"href":"http:\/\/cordobateve.net\/index.php\/wp-json\/wp\/v2\/types\/post"}],"author":[{"embeddable":true,"href":"http:\/\/cordobateve.net\/index.php\/wp-json\/wp\/v2\/users\/1"}],"replies":[{"embeddable":true,"href":"http:\/\/cordobateve.net\/index.php\/wp-json\/wp\/v2\/comments?post=125526"}],"version-history":[{"count":0,"href":"http:\/\/cordobateve.net\/index.php\/wp-json\/wp\/v2\/posts\/125526\/revisions"}],"wp:featuredmedia":[{"embeddable":true,"href":"http:\/\/cordobateve.net\/index.php\/wp-json\/wp\/v2\/media\/125527"}],"wp:attachment":[{"href":"http:\/\/cordobateve.net\/index.php\/wp-json\/wp\/v2\/media?parent=125526"}],"wp:term":[{"taxonomy":"category","embeddable":true,"href":"http:\/\/cordobateve.net\/index.php\/wp-json\/wp\/v2\/categories?post=125526"},{"taxonomy":"post_tag","embeddable":true,"href":"http:\/\/cordobateve.net\/index.php\/wp-json\/wp\/v2\/tags?post=125526"}],"curies":[{"name":"wp","href":"https:\/\/api.w.org\/{rel}","templated":true}]}}