{"id":125582,"date":"2026-04-27T13:01:23","date_gmt":"2026-04-27T13:01:23","guid":{"rendered":"https:\/\/www.clarin.com\/cultura\/autor-juan-esteban-constain-elogia-leon-xiv-define-unico-enfrenta-trump_0_jV1fXQ3iH6.html"},"modified":"2026-04-27T13:01:23","modified_gmt":"2026-04-27T13:01:23","slug":"el-autor-juan-esteban-constain-elogia-a-leon-xiv-y-lo-define-como-el-unico-que-enfrenta-a-trump","status":"publish","type":"post","link":"http:\/\/cordobateve.net\/index.php\/2026\/04\/27\/el-autor-juan-esteban-constain-elogia-a-leon-xiv-y-lo-define-como-el-unico-que-enfrenta-a-trump\/","title":{"rendered":"El autor Juan Esteban Consta\u00edn elogia a Le\u00f3n XIV y lo define como \u201cel \u00fanico que enfrenta a Trump\u201d"},"content":{"rendered":"<p><img src=\"http:\/\/cordobateve.net\/wp-content\/uploads\/2026\/04\/el-autor-juan-esteban-constain-elogia-a-leon-xiv-y-lo-define-como-el-unico-que-enfrenta-a-trump.jpg\"><\/p>\n<div><img src=\"http:\/\/cordobateve.net\/wp-content\/uploads\/2026\/04\/el-autor-juan-esteban-constain-elogia-a-leon-xiv-y-lo-define-como-el-unico-que-enfrenta-a-trump-2.jpg\" class=\"ff-og-image-inserted\"><\/div>\n<div id=\"element-body-0\" readability=\"50.769230769231\">\n<p>El <strong>autor colombiano <a href=\"https:\/\/www.clarin.com\/cultura\/miguel-bose-libro-cuenta-padres-animales-raza-egocentricos-dominantes-_0_juimxCu05.html\" target=\"_blank\" title=\"Juan Esteban Consta\u00edn\" alt=\"Juan Esteban Consta\u00edn\" rel=\"noopener noreferrer\">Juan Esteban Consta\u00edn<\/a><\/strong>, que presenta estos d\u00edas en Espa\u00f1a su ensayo hist\u00f3rico y literario sobre los <strong>or\u00edgenes del <a href=\"https:\/\/www.clarin.com\/tema\/cristianismo.html\" target=\"_blank\" title=\"cristianismo\" alt=\"cristianismo\" rel=\"noopener noreferrer\">cristianismo<\/a><\/strong>, <strong><em>El hijo del hombre<\/em><\/strong> (Debate), aplaudi\u00f3 la \u00abvalent\u00eda\u00bb del <strong><a href=\"https:\/\/www.clarin.com\/tema\/papa-leon-xiv.html\" target=\"_blank\" title=\"Papa Le\u00f3n XIV\" alt=\"Papa Le\u00f3n XIV\" rel=\"noopener noreferrer\">Papa Le\u00f3n XIV<\/a><\/strong>, \u00abel \u00fanico que le est\u00e1 plantando cara a <a href=\"https:\/\/www.clarin.com\/mundo\/donald-trump-anuncio-delegacion-estados-unidos-vuelve-pakistan-negociar-amenazo-destruir-iran-llegan-acuerdo-acabo-amabilidad_0_dJVdpdluwb.html\" target=\"_blank\" title=\"Trump\" alt=\"Trump\" rel=\"noopener noreferrer\">Trump<\/a>\u00ab.<\/p>\n<\/div>\n<div id=\"element-body-2\" readability=\"62\">\n<p>\u00abHa habido muchos papas en la historia que se han plegado al poder y han preferido evitar los conflictos; \u00e9ste no lo est\u00e1 haciendo y <strong>me parece que es muy, muy valiente<\/strong>\u00ab, dijo en una entrevista en la que augur\u00f3 que <strong>Le\u00f3n XIV va a ser \u00abm\u00e1s importante\u00bb que el Papa Francisco<\/strong> en t\u00e9rminos religiosos y pol\u00edticos.<\/p>\n<\/div>\n<div id=\"element-body-3\" readability=\"66\">\n<p>Escritor, traductor, columnista en el peri\u00f3dico &#8216;El Tiempo&#8217; y profesor en la Universidad del Rosario de Bogot\u00e1, Consta\u00edn (Popay\u00e1, Colombia, 1979) recuerda que <strong>buena parte de los que apoyan a Trump son \u00abfan\u00e1ticos religiosos cristianos\u00bb<\/strong>, muchos de ellos cat\u00f3licos y que Le\u00f3n XIV defiende un mensaje \u00abcontrario al fanatismo\u00bb.<\/p>\n<\/div>\n<div id=\"element-body-4\" readability=\"62\">\n<p>\u00ab<strong>El Papa est\u00e1 reivindicando una idea de respeto por el derecho internacional<\/strong>, por los derechos humanos, una idea pacifista frente a un orate t\u00f3xico y peligros\u00edsimo que le est\u00e1 haciendo mucho da\u00f1o al mundo\u00bb, se\u00f1ala.<\/p>\n<\/div>\n<div id=\"element-body-6\" readability=\"61\">\n<p>En el libro, que <strong>va por su segunda edici\u00f3n en Colombia<\/strong> y se public\u00f3 tambi\u00e9n en el resto de Am\u00e9rica Latina, <strong>el autor reconstruye el mundo en ebullici\u00f3n anterior a Jesucristo <\/strong>para explicar el origen de la religi\u00f3n que acab\u00f3 transformando la historia de Occidente.<\/p>\n<\/div>\n<div id=\"element-body-7\" readability=\"65\">\n<p>La idea surgi\u00f3 durante un viaje a Roma con sus hijas, justo despu\u00e9s de la pandemia cuando, <strong>recorriendo las catacumbas de la ciudad<\/strong>, una de ellas le pregunt\u00f3 qu\u00e9 hac\u00eda all\u00ed, en una pared, una figura de Orfeo, el semidi\u00f3s de la mitolog\u00eda griega.<\/p>\n<\/div>\n<div id=\"element-body-9\" readability=\"63\">\n<p>\u00abEstamos obsesionados con reivindicar la condici\u00f3n jud\u00eda de Cristo, pero realmente <strong>la esencia del cristianismo sale del \u00e1mbito jud\u00edo<\/strong> y tiene sentido cuando lo acogen los gentiles, los paganos, los griegos y los romanos\u00bb, explica.<\/p>\n<\/div>\n<div id=\"element-body-10\" readability=\"62\">\n<p>Aunque <strong>prefiere evitar los paralelismos con el mundo actual<\/strong> \u2013\u00bbsi uno pone empe\u00f1o siempre los encuentra\u00bb, dice\u2013 Consta\u00edn ve imposible sustraerse al hecho de que <strong>el escenario es el mismo que el de los grandes conflictos de hoy<\/strong>, m\u00e1s relacionados con \u00abla identidad y la soberan\u00eda\u00bb que con la religi\u00f3n.<\/p>\n<\/div>\n<div id=\"element-body-11\" readability=\"63\">\n<p>En el libro narra un episodio en el que uno de los reyes jud\u00edos asmoneos \u00abentra a saco\u00bb en Gaza porque los gazat\u00edes apoyaron a un rey egipcio. \u00ab<strong>Si le quitas los nombres, el relato de la destrucci\u00f3n de Gaza es muy parecido al relato de horror actual,<\/strong> el paralelismo es la infamia inagotable de los seres humanos, que aparecer\u00e1 siempre en todo momento de la historia\u00bb.<\/p>\n<\/div>\n<div id=\"element-body-13\" readability=\"60\">\n<p>El escritor es consciente de que s<strong>u libro llega en un momento de aparente \u00abreverdecimiento\u00bb de las inquietudes espirituales<\/strong> y religiosas, pero tambi\u00e9n defiende que se trata de un tema universal que siempre suscita inter\u00e9s y curiosidad.<\/p>\n<\/div>\n<div id=\"element-body-15\" readability=\"61\">\n<p>\u00abEso que se llama espiritualidad a veces es un suced\u00e1neo frente a inquietudes m\u00e1s profundas\u00bb, sostiene. \u00ab<strong>La gente le llama espiritualidad a cualquier cosa<\/strong>, desde la orinoterapia hasta el yoga. Hay una obsesi\u00f3n por el bienestar\u00bb.<\/p>\n<\/div>\n<div id=\"element-body-16\" readability=\"62\">\n<p>Consta\u00edn <strong>relaciona ese auge de la espiritualidad con la vivencia de un mundo ca\u00f3tico<\/strong>. \u00abAnte la perspectiva apocal\u00edptica que tuvimos despu\u00e9s de la pandemia, las guerras, lo que est\u00e1 pasando con la pol\u00edtica, la gente de pronto necesita asideros un poco m\u00e1s s\u00f3lidos\u00bb.<\/p>\n<\/div>\n<div id=\"element-body-17\" readability=\"62\">\n<p>Y <strong>reconoce que la idea del mesianismo en pol\u00edtica es peligrosa<\/strong>. \u00abCuando el mesianismo se encarna en esos caudillos que se proclaman de manera arbitraria como los administradores de la salvaci\u00f3n de sus pueblos, ah\u00ed empieza el infierno, el mesianismo pol\u00edtico es m\u00e1s bien la antesala del infierno\u00bb.<\/p>\n<\/div>\n","protected":false},"excerpt":{"rendered":"<p>El autor colombiano Juan Esteban Consta\u00edn, que presenta estos d\u00edas en Espa\u00f1a su ensayo hist\u00f3rico y literario sobre los or\u00edgenes del cristianismo, El hijo del hombre (Debate), aplaudi\u00f3 la \u00abvalent\u00eda\u00bb del Papa Le\u00f3n XIV, \u00abel \u00fanico que le est\u00e1 plantando cara a Trump\u00ab. \u00abHa habido muchos papas en la historia que se han plegado al [&hellip;]<\/p>\n","protected":false},"author":1,"featured_media":125583,"comment_status":"closed","ping_status":"closed","sticky":false,"template":"","format":"standard","meta":[],"categories":[22],"tags":[],"_links":{"self":[{"href":"http:\/\/cordobateve.net\/index.php\/wp-json\/wp\/v2\/posts\/125582"}],"collection":[{"href":"http:\/\/cordobateve.net\/index.php\/wp-json\/wp\/v2\/posts"}],"about":[{"href":"http:\/\/cordobateve.net\/index.php\/wp-json\/wp\/v2\/types\/post"}],"author":[{"embeddable":true,"href":"http:\/\/cordobateve.net\/index.php\/wp-json\/wp\/v2\/users\/1"}],"replies":[{"embeddable":true,"href":"http:\/\/cordobateve.net\/index.php\/wp-json\/wp\/v2\/comments?post=125582"}],"version-history":[{"count":0,"href":"http:\/\/cordobateve.net\/index.php\/wp-json\/wp\/v2\/posts\/125582\/revisions"}],"wp:featuredmedia":[{"embeddable":true,"href":"http:\/\/cordobateve.net\/index.php\/wp-json\/wp\/v2\/media\/125583"}],"wp:attachment":[{"href":"http:\/\/cordobateve.net\/index.php\/wp-json\/wp\/v2\/media?parent=125582"}],"wp:term":[{"taxonomy":"category","embeddable":true,"href":"http:\/\/cordobateve.net\/index.php\/wp-json\/wp\/v2\/categories?post=125582"},{"taxonomy":"post_tag","embeddable":true,"href":"http:\/\/cordobateve.net\/index.php\/wp-json\/wp\/v2\/tags?post=125582"}],"curies":[{"name":"wp","href":"https:\/\/api.w.org\/{rel}","templated":true}]}}