{"id":125584,"date":"2026-04-27T10:53:22","date_gmt":"2026-04-27T10:53:22","guid":{"rendered":"https:\/\/www.clarin.com\/cultura\/feria-libro-2026-recomendados-hoy-27-abril_0_d0HMOVqf9U.html"},"modified":"2026-04-27T10:53:22","modified_gmt":"2026-04-27T10:53:22","slug":"feria-del-libro-2026-los-recomendados-de-hoy-27-de-abril","status":"publish","type":"post","link":"http:\/\/cordobateve.net\/index.php\/2026\/04\/27\/feria-del-libro-2026-los-recomendados-de-hoy-27-de-abril\/","title":{"rendered":"Feria del Libro 2026: los recomendados de hoy 27 de abril"},"content":{"rendered":"<p><img src=\"http:\/\/cordobateve.net\/wp-content\/uploads\/2026\/04\/feria-del-libro-2026-los-recomendados-de-hoy-27-de-abril.jpg\"><\/p>\n<div><img src=\"http:\/\/cordobateve.net\/wp-content\/uploads\/2026\/04\/feria-del-libro-2026-los-recomendados-de-hoy-27-de-abril-2.jpg\" class=\"ff-og-image-inserted\"><\/div>\n<div id=\"element-body-0\" readability=\"62\">\n<p>La <strong>segunda semana de la Feria del Libro de Buenos Aires <\/strong>comienza esta tarde con un recorrido intenso por la <strong>memoria reciente<\/strong>, la <strong>narrativa latinoamericana<\/strong> y los cruces entre cultura y pol\u00edtica global. El soci\u00f3logo <strong>Daniel Feierstein<\/strong> dir\u00e1 presente con una reflexi\u00f3n sobre derechos humanos y lenguaje visual, mientras que <strong>nuevas voces de la literatura peruana<\/strong> compartir\u00e1n escena con debates sobre China y el espa\u00f1ol rioplatense. Tambi\u00e9n habr\u00e1 espacio para la diplomacia cultural europea y para <strong>revisitar la guerra de Malvinas<\/strong> desde la literatura de la mano del historiador <strong>Federico Lorenz<\/strong>.<\/p>\n<\/div>\n<div id=\"element-body-3\" readability=\"65\">\n<p>A las 15:00, <strong>el soci\u00f3logo Daniel Feierstein y el ilustrador Juan Soto <\/strong>protagonizar\u00e1n la mesa \u201cMurales: memoria, arte y derechos humanos\u201d en la Zona Futuro del Pabell\u00f3n Amarillo, coordinada por Julieta Rojas. El encuentro pondr\u00e1 en foco el proceso de <strong>creaci\u00f3n de una novela gr\u00e1fica<\/strong>, articulando investigaci\u00f3n hist\u00f3rica, memoria reciente y lenguaje visual para reinterpretar un episodio clave de la vida p\u00fablica argentina.<\/p>\n<\/div>\n<div id=\"element-body-5\" readability=\"67\">\n<p>A las 17:00, en la misma sala, ser\u00e1 el turno de la mesa <strong>\u201cNarrativa peruana contempor\u00e1nea: tres voces de una generaci\u00f3n\u201d<\/strong>, con los escritores Stuart Flores, Sophia G\u00f3mez Carde\u00f1a y Yasser Zola, moderados por Enzo Maqueira. Cada autor presentar\u00e1 su universo narrativo: desde atm\u00f3sferas inquietantes y exploraciones del yo creador hasta relatos sobre la locura, el deseo y la disidencia, en un mapa diverso de la nueva literatura peruana.<\/p>\n<\/div>\n<div id=\"element-body-7\" readability=\"65\">\n<p>A las 17:30, la Sala Carlos Gorostiza del Pabell\u00f3n Amarillo ser\u00e1 escenario de la inauguraci\u00f3n del <strong>stand de la Uni\u00f3n Europea en la Feria<\/strong>, bajo el lema \u201cEuropa se lee, la cultura nos acerca\u201d. El acto contar\u00e1 con la presencia de embajadores y representantes diplom\u00e1ticos, y buscar\u00e1 fortalecer los v\u00ednculos entre Europa y Argentina a trav\u00e9s de la lectura, destacando la diversidad ling\u00fc\u00edstica y cultural.<\/p>\n<\/div>\n<div id=\"element-body-8\" readability=\"69\">\n<p>M\u00e1s tarde, a las 18:30, en la Zona Futuro, el eje se desplazar\u00e1 hacia la geopol\u00edtica con<strong> \u201cChina, el gigante que lee el futuro\u201d<\/strong>, una mesa coordinada por Camila Quian que reunir\u00e1 a especialistas como Wang Wei, Dario Kusinsky, Sabino Vaca Narvaja, Carlos Moneta, N\u00e9stor Restivo y Paula Pampin. El encuentro propondr\u00e1 pensar el ascenso de China a partir de su producci\u00f3n intelectual y su lugar en el mundo contempor\u00e1neo.<\/p>\n<\/div>\n<div id=\"element-body-10\" readability=\"63\">\n<p>A las 19:00, la Sala Alejandra Pizarnik reunir\u00e1 a la ling\u00fcista uruguaya Magdalena Coll, la investigadora argentina Gabriela Resnik y el escritor Laureano Gonz\u00e1lez para debatir sobre <strong>\u201cDel champi\u00f3n a la zapatilla: el hablar rioplatense\u201d<\/strong>. La mesa explorar\u00e1 los cambios l\u00e9xicos y las particularidades del espa\u00f1ol en ambas orillas del R\u00edo de la Plata, en un cruce entre academia y literatura.<\/p>\n<\/div>\n<div id=\"element-body-11\" readability=\"63\">\n<p>El cierre llegar\u00e1 a las 20:30 en la Sala Ernesto Sabato del Pabell\u00f3n Azul, con la presentaci\u00f3n de <strong><em>Fantasmas de Malvinas<\/em><\/strong>, el nuevo libro del historiador <strong>Federico Lorenz<\/strong>, acompa\u00f1ado por Andr\u00e9s Telesca. La actividad propone revisitar la guerra desde una perspectiva narrativa que indaga en sus huellas persistentes en la memoria colectiva argentina.<\/p>\n<\/div>\n","protected":false},"excerpt":{"rendered":"<p>La segunda semana de la Feria del Libro de Buenos Aires comienza esta tarde con un recorrido intenso por la memoria reciente, la narrativa latinoamericana y los cruces entre cultura y pol\u00edtica global. El soci\u00f3logo Daniel Feierstein dir\u00e1 presente con una reflexi\u00f3n sobre derechos humanos y lenguaje visual, mientras que nuevas voces de la literatura [&hellip;]<\/p>\n","protected":false},"author":1,"featured_media":125585,"comment_status":"closed","ping_status":"closed","sticky":false,"template":"","format":"standard","meta":[],"categories":[22],"tags":[],"_links":{"self":[{"href":"http:\/\/cordobateve.net\/index.php\/wp-json\/wp\/v2\/posts\/125584"}],"collection":[{"href":"http:\/\/cordobateve.net\/index.php\/wp-json\/wp\/v2\/posts"}],"about":[{"href":"http:\/\/cordobateve.net\/index.php\/wp-json\/wp\/v2\/types\/post"}],"author":[{"embeddable":true,"href":"http:\/\/cordobateve.net\/index.php\/wp-json\/wp\/v2\/users\/1"}],"replies":[{"embeddable":true,"href":"http:\/\/cordobateve.net\/index.php\/wp-json\/wp\/v2\/comments?post=125584"}],"version-history":[{"count":0,"href":"http:\/\/cordobateve.net\/index.php\/wp-json\/wp\/v2\/posts\/125584\/revisions"}],"wp:featuredmedia":[{"embeddable":true,"href":"http:\/\/cordobateve.net\/index.php\/wp-json\/wp\/v2\/media\/125585"}],"wp:attachment":[{"href":"http:\/\/cordobateve.net\/index.php\/wp-json\/wp\/v2\/media?parent=125584"}],"wp:term":[{"taxonomy":"category","embeddable":true,"href":"http:\/\/cordobateve.net\/index.php\/wp-json\/wp\/v2\/categories?post=125584"},{"taxonomy":"post_tag","embeddable":true,"href":"http:\/\/cordobateve.net\/index.php\/wp-json\/wp\/v2\/tags?post=125584"}],"curies":[{"name":"wp","href":"https:\/\/api.w.org\/{rel}","templated":true}]}}