{"id":125644,"date":"2026-04-28T08:43:32","date_gmt":"2026-04-28T08:43:32","guid":{"rendered":"https:\/\/www.clarin.com\/cultura\/feria-libro-2026-recomendados-hoy-28-abril_0_3OyTLFwZRI.html"},"modified":"2026-04-28T08:43:32","modified_gmt":"2026-04-28T08:43:32","slug":"feria-del-libro-2026-los-recomendados-de-hoy-28-de-abril","status":"publish","type":"post","link":"http:\/\/cordobateve.net\/index.php\/2026\/04\/28\/feria-del-libro-2026-los-recomendados-de-hoy-28-de-abril\/","title":{"rendered":"Feria del Libro 2026: los recomendados de hoy 28 de abril"},"content":{"rendered":"<p><img src=\"http:\/\/cordobateve.net\/wp-content\/uploads\/2026\/04\/feria-del-libro-2026-los-recomendados-de-hoy-28-de-abril.jpg\"><\/p>\n<div><img src=\"http:\/\/cordobateve.net\/wp-content\/uploads\/2026\/04\/feria-del-libro-2026-los-recomendados-de-hoy-28-de-abril-2.jpg\" class=\"ff-og-image-inserted\"><\/div>\n<div id=\"element-body-0\" readability=\"70\">\n<p>El martes, dicen los que saben, <strong>es el mejor d\u00eda para recorrer la Feria del Libro de Buenos Aires<\/strong>, sin tanta gente y con espacio para detenerse delante de los stands y encontrar las mejores promociones. Esta tarde, adem\u00e1s, se despliega una programaci\u00f3n que cruza la <strong>divulgaci\u00f3n cient\u00edfica, la gran literatura internacional y ejercicios de memoria colectiva<\/strong>. Habr\u00e1 un <strong>homenaje al Nobel Mario Vargas Llosa<\/strong>, y estar\u00e1n la escritora india <strong>Kiran Desai<\/strong>, que obtuvo en 2006 el Premio Man Booker por su novela <em>El legado de la p\u00e9rdida<\/em>, y el genial dramaturgo <strong>Mauricio Kart\u00fan<\/strong>, en una jornada que tambi\u00e9n invita a experimentar la ciencia en primera persona.<\/p>\n<\/div>\n<div id=\"element-body-3\" readability=\"64\">\n<p>A las 14:30, el Instituto de <strong>Investigaci\u00f3n en Biomedicina de Buenos Aires<\/strong> abrir\u00e1 las puertas de la ciencia con <strong>\u201cLaboratorios Itinerantes\u201d<\/strong> en la Zona Explora del Pabell\u00f3n Amarillo. Se trata de un taller participativo impulsado por el IBioBA (CONICET\u2013Max Planck), donde el p\u00fablico podr\u00e1 conocer <strong>c\u00f3mo funciona un laboratorio neurocient\u00edfico<\/strong>, observar organismos bajo lupa y comprender temas como el sue\u00f1o, el reloj biol\u00f3gico y la biomedicina aplicada a enfermedades humanas.<\/p>\n<\/div>\n<div id=\"element-body-5\" readability=\"63\">\n<p>A las 17:30, en la Sala Domingo Faustino Sarmiento del Pabell\u00f3n Blanco, <strong>el Instituto Cervantes presentar\u00e1 el <em>Diccionario Mario Vargas Llosa. Habit\u00f3 las palabras<\/em><\/strong>, con la participaci\u00f3n del poeta <strong>Luis Garc\u00eda Montero y Morgana Vargas Llosa<\/strong>. El volumen colectivo propone un recorrido original por el universo del Nobel peruano a trav\u00e9s de voces que evocan su obra y su vida. <\/p>\n<\/div>\n<div id=\"element-body-6\" readability=\"62\">\n<p>A esa misma hora, en la Sala Julio Cort\u00e1zar del Pabell\u00f3n Amarillo, el periodista e historiador <strong>Juan Bautista Yofre<\/strong> presentar\u00e1 su libro <em>Los generales<\/em>, centrado en figuras clave de la historia pol\u00edtica argentina reciente.<\/p>\n<\/div>\n<div id=\"element-body-8\" readability=\"62\">\n<p>A las 19:00, la escritora <strong>Kiran Desai <\/strong>llegar\u00e1 a la Sala Tulio Halper\u00edn Donghi del Pabell\u00f3n Azul para presentar <em>La soledad de Sonia y Sunny<\/em>, una novela que explora los v\u00ednculos, la identidad y la experiencia migrante con sensibilidad contempor\u00e1nea. <\/p>\n<\/div>\n<div id=\"element-body-10\" readability=\"70\">\n<p>Adem\u00e1s, a esa misma hora en la Zona Futuro del Pabell\u00f3n Amarillo, se desarrollar\u00e1 la<strong> \u201cMarat\u00f3n de la Lectura: Textos Prohibidos\u201d<\/strong>, coordinada por Alejandra Rodr\u00edguez Ballester, con la participaci\u00f3n de referentes como <strong>Mauricio Kart\u00fan, Iv\u00e1n Moschner, Ingrid Pelicori, Luis Gusm\u00e1n y F\u00e9lix Bruzzone, entre otros.<\/strong> La actividad recupera textos censurados por la \u00faltima dictadura, en un cruce entre literatura, memoria y m\u00fasica en vivo.<\/p>\n<\/div>\n<div id=\"element-body-12\" readability=\"65\">\n<p>El cierre llegar\u00e1 a las 20:30 en la Sala Alfonsina Storni del Pabell\u00f3n Blanco, donde la escritora espa\u00f1ola del momento, <strong>Luc\u00eda Solla Sobral,<\/strong> presentar\u00e1 <em>Comer\u00e1s flores<\/em>. <strong>La novela de la que todos hablan<\/strong> aborda una relaci\u00f3n desigual atravesada por violencias sutiles, explorando con intensidad l\u00edrica los procesos de maduraci\u00f3n, identidad y los v\u00ednculos afectivos en clave contempor\u00e1nea.<\/p>\n<\/div>\n","protected":false},"excerpt":{"rendered":"<p>El martes, dicen los que saben, es el mejor d\u00eda para recorrer la Feria del Libro de Buenos Aires, sin tanta gente y con espacio para detenerse delante de los stands y encontrar las mejores promociones. Esta tarde, adem\u00e1s, se despliega una programaci\u00f3n que cruza la divulgaci\u00f3n cient\u00edfica, la gran literatura internacional y ejercicios de [&hellip;]<\/p>\n","protected":false},"author":1,"featured_media":125645,"comment_status":"closed","ping_status":"closed","sticky":false,"template":"","format":"standard","meta":[],"categories":[22],"tags":[],"_links":{"self":[{"href":"http:\/\/cordobateve.net\/index.php\/wp-json\/wp\/v2\/posts\/125644"}],"collection":[{"href":"http:\/\/cordobateve.net\/index.php\/wp-json\/wp\/v2\/posts"}],"about":[{"href":"http:\/\/cordobateve.net\/index.php\/wp-json\/wp\/v2\/types\/post"}],"author":[{"embeddable":true,"href":"http:\/\/cordobateve.net\/index.php\/wp-json\/wp\/v2\/users\/1"}],"replies":[{"embeddable":true,"href":"http:\/\/cordobateve.net\/index.php\/wp-json\/wp\/v2\/comments?post=125644"}],"version-history":[{"count":0,"href":"http:\/\/cordobateve.net\/index.php\/wp-json\/wp\/v2\/posts\/125644\/revisions"}],"wp:featuredmedia":[{"embeddable":true,"href":"http:\/\/cordobateve.net\/index.php\/wp-json\/wp\/v2\/media\/125645"}],"wp:attachment":[{"href":"http:\/\/cordobateve.net\/index.php\/wp-json\/wp\/v2\/media?parent=125644"}],"wp:term":[{"taxonomy":"category","embeddable":true,"href":"http:\/\/cordobateve.net\/index.php\/wp-json\/wp\/v2\/categories?post=125644"},{"taxonomy":"post_tag","embeddable":true,"href":"http:\/\/cordobateve.net\/index.php\/wp-json\/wp\/v2\/tags?post=125644"}],"curies":[{"name":"wp","href":"https:\/\/api.w.org\/{rel}","templated":true}]}}