{"id":125702,"date":"2026-04-29T12:59:49","date_gmt":"2026-04-29T12:59:49","guid":{"rendered":"https:\/\/www.clarin.com\/cultura\/400-piezas-revelan-vida-obra-elena-poniatowska-gran-muestra-mexico_0_Qoqh4qImR2.html"},"modified":"2026-04-29T12:59:49","modified_gmt":"2026-04-29T12:59:49","slug":"mas-de-400-piezas-revelan-la-vida-y-obra-de-elena-poniatowska-en-una-gran-muestra-en-mexico","status":"publish","type":"post","link":"http:\/\/cordobateve.net\/index.php\/2026\/04\/29\/mas-de-400-piezas-revelan-la-vida-y-obra-de-elena-poniatowska-en-una-gran-muestra-en-mexico\/","title":{"rendered":"M\u00e1s de 400 piezas revelan la vida y obra de Elena Poniatowska en una gran muestra en M\u00e9xico"},"content":{"rendered":"<p><img src=\"http:\/\/cordobateve.net\/wp-content\/uploads\/2026\/04\/mas-de-400-piezas-revelan-la-vida-y-obra-de-elena-poniatowska-en-una-gran-muestra-en-mexico.jpg\"><\/p>\n<div><img src=\"http:\/\/cordobateve.net\/wp-content\/uploads\/2026\/04\/mas-de-400-piezas-revelan-la-vida-y-obra-de-elena-poniatowska-en-una-gran-muestra-en-mexico-2.jpg\" class=\"ff-og-image-inserted\"><\/div>\n<div id=\"element-body-0\" readability=\"54.762645914397\">\n<p>M\u00e1s de 400 piezas, entre fotograf\u00edas, libros, pinturas y objetos personales componen la <a href=\"https:\/\/www.clarin.com\/cultura\/40-anos-terremoto-elena-poniatowska-revive-historias-humanas-1985_0_D8OD3kb2Dn.html\" target=\"_blank\" title=\"exposici\u00f3n \" alt=\"exposici\u00f3n \" rel=\"noopener noreferrer\">exposici\u00f3n <\/a><strong><em>Elena Poniatowska Amor. Archivo personal<\/em><\/strong> con la que el <strong>Museo del Estanquillo<\/strong> de la Ciudad de <strong>M\u00e9xico <\/strong>busca homenajear a la <strong><a href=\"https:\/\/www.clarin.com\/tema\/elena-poniatowska.html\" target=\"_blank\" title=\"escritora \" alt=\"escritora \" rel=\"noopener noreferrer\">escritora <\/a>y <a href=\"https:\/\/www.clarin.com\/cultura\/victima-sepulturero-famosos-ahora-dio-muerta-escritora-mexicana-elena-poniatowska_0_ANIBj73YqH.html\" target=\"_blank\" title=\"periodista \" alt=\"periodista \" rel=\"noopener noreferrer\">periodista <\/a>mexicana.<\/strong><\/p>\n<\/div>\n<div id=\"element-body-2\" readability=\"67.545180722892\">\n<p>\u00abEs <strong>un <a href=\"https:\/\/www.clarin.com\/cultura\/desamor-real-cartas-inventadas-novela-triste-elena-poniatowska_0_OLRKO2oAk9.html\" target=\"_blank\" title=\"archivo \" alt=\"archivo \" rel=\"noopener noreferrer\">archivo <\/a>enormemente rico<\/strong>, enormemente diverso, fotograf\u00edas, documentos, cartas, premios, libros, es un archivo inagotable\u00bb, dijo en conferencia de prensa <strong>Mois\u00e9s Rojas, curador de la muestra<\/strong> que se presentar\u00e1 a partir del s\u00e1bado como parte del vig\u00e9simo aniversario del recinto ubicado en el centro de la capital mexicana.<\/p>\n<\/div>\n<div id=\"element-body-3\" readability=\"63\">\n<p>La exposici\u00f3n, construida sobre tres ejes principales <strong>\u00abperiodismo cultural, literatura y memoria social\u00bb<\/strong>, exhibe una parte significativa de su archivo personal, dando cuenta de su influencia en la vida cultural y literaria del pa\u00eds.<\/p>\n<\/div>\n<div id=\"element-body-4\" readability=\"60\">\n<p>\u00abDesde mi punto de vista <strong>el archivo es un patrimonio cultural para M\u00e9xico<\/strong>. Riqu\u00edsimo, extraordinario\u00bb, se\u00f1al\u00f3 Rojas.<\/p>\n<\/div>\n<div id=\"element-body-6\" readability=\"64\">\n<p>La muestra est\u00e1 dividida a su vez en nueve n\u00facleos, que recorren <strong>desde la infancia de la escritora, hasta uno de los aspectos m\u00e1s personales, como la pintura que estudia<\/strong>, seg\u00fan revel\u00f3 Rojas, todos los s\u00e1bados.<\/p>\n<\/div>\n<div id=\"element-body-8\" readability=\"60\">\n<p>En la exhibici\u00f3n, <strong>el p\u00fablico podr\u00e1 por primera vez adentrarse en el acervo de la escritora <\/strong>que incluye el vestido que utiliz\u00f3 durante la entrega del premio Cervantes (2013) y de la medalla Belisario Dom\u00ednguez (2022).<\/p>\n<\/div>\n<div id=\"element-body-10\" readability=\"58\">\n<p>El proyecto se realiza en colaboraci\u00f3n con la Fundaci\u00f3n Elena Poniatowska Amor A. C. y cuenta con la curadur\u00eda de Rosas.<\/p>\n<\/div>\n<div id=\"element-body-11\" readability=\"60\">\n<p>Con esta exposici\u00f3n, <strong>el Museo del Estanquillo se suma a los homenajes a una de las figuras m\u00e1s representativas de la cultura mexicana<\/strong>, cuya obra ha marcado generaciones de lectores y periodistas.<\/p>\n<\/div>\n<div id=\"element-body-12\" readability=\"62\">\n<p>Felipe Haro, hijo de Elena Poniatowska y director de la Fundaci\u00f3n Elena Poniatowska Amor, <strong>subray\u00f3 la urgencia de consolidar un espacio permanente para resguardar el archivo de la escritora<\/strong>, al que defini\u00f3 como parte fundamental de la memoria hist\u00f3rica y cultural de M\u00e9xico.<\/p>\n<\/div>\n<div id=\"element-body-13\" readability=\"64\">\n<p>Durante su intervenci\u00f3n, Haro destac\u00f3 que <strong>la fundaci\u00f3n trabaja desde hace a\u00f1os en la b\u00fasqueda de una sede propia<\/strong> donde puedan conservarse cartas, fotograf\u00edas, manuscritos, obras teatrales y colecciones art\u00edsticas vinculadas a la autora, as\u00ed como materiales de figuras como Francisco Toledo.<\/p>\n<\/div>\n<div id=\"element-body-16\" readability=\"64\">\n<p>\u00abLlevarse el archivo es llevarse la memoria. Hay gente que podemos trabajar con una mano. Hay gente que podemos trabajar con un pie. En el caso de Elena, ella sigue escribiendo y nada m\u00e1s tiene un pie con un ojo. Pero <strong>si perdemos la memoria, nos perdemos a nosotros mismos<\/strong>\u00ab, dijo Haro, quien record\u00f3 que varios archivos de intelectuales mexicanos se encuentran fuera del pa\u00eds.<\/p>\n<\/div>\n<div id=\"element-body-17\" readability=\"60\">\n<p>En ese sentido, insisti\u00f3 en <strong>la necesidad de mantener el legado de Poniatowska en M\u00e9xico<\/strong> para que pueda ser consultado, estudiado y enriquecido por nuevas generaciones.<\/p>\n<\/div>\n<div id=\"element-body-19\" readability=\"58\">\n<p>Adelant\u00f3 que ya existen conversaciones con el Gobierno de M\u00e9xico para concretar una \u00abcasa\u00bb para la fundaci\u00f3n.<\/p>\n<\/div>\n<div id=\"element-body-20\" readability=\"59\">\n<p>\u00ab(La presidenta) <strong>Claudia Sheinbaum est\u00e1 muy preocupada por el archivo <\/strong>y por muchos m\u00e1s archivos y es una preocupaci\u00f3n genuina. Por eso yo creo que s\u00ed se va a dar\u00bb, zanj\u00f3 Haro.<\/p>\n<\/div>\n","protected":false},"excerpt":{"rendered":"<p>M\u00e1s de 400 piezas, entre fotograf\u00edas, libros, pinturas y objetos personales componen la exposici\u00f3n Elena Poniatowska Amor. Archivo personal con la que el Museo del Estanquillo de la Ciudad de M\u00e9xico busca homenajear a la escritora y periodista mexicana. \u00abEs un archivo enormemente rico, enormemente diverso, fotograf\u00edas, documentos, cartas, premios, libros, es un archivo inagotable\u00bb, [&hellip;]<\/p>\n","protected":false},"author":1,"featured_media":125703,"comment_status":"closed","ping_status":"closed","sticky":false,"template":"","format":"standard","meta":[],"categories":[22],"tags":[],"_links":{"self":[{"href":"http:\/\/cordobateve.net\/index.php\/wp-json\/wp\/v2\/posts\/125702"}],"collection":[{"href":"http:\/\/cordobateve.net\/index.php\/wp-json\/wp\/v2\/posts"}],"about":[{"href":"http:\/\/cordobateve.net\/index.php\/wp-json\/wp\/v2\/types\/post"}],"author":[{"embeddable":true,"href":"http:\/\/cordobateve.net\/index.php\/wp-json\/wp\/v2\/users\/1"}],"replies":[{"embeddable":true,"href":"http:\/\/cordobateve.net\/index.php\/wp-json\/wp\/v2\/comments?post=125702"}],"version-history":[{"count":0,"href":"http:\/\/cordobateve.net\/index.php\/wp-json\/wp\/v2\/posts\/125702\/revisions"}],"wp:featuredmedia":[{"embeddable":true,"href":"http:\/\/cordobateve.net\/index.php\/wp-json\/wp\/v2\/media\/125703"}],"wp:attachment":[{"href":"http:\/\/cordobateve.net\/index.php\/wp-json\/wp\/v2\/media?parent=125702"}],"wp:term":[{"taxonomy":"category","embeddable":true,"href":"http:\/\/cordobateve.net\/index.php\/wp-json\/wp\/v2\/categories?post=125702"},{"taxonomy":"post_tag","embeddable":true,"href":"http:\/\/cordobateve.net\/index.php\/wp-json\/wp\/v2\/tags?post=125702"}],"curies":[{"name":"wp","href":"https:\/\/api.w.org\/{rel}","templated":true}]}}