{"id":125704,"date":"2026-04-29T12:25:05","date_gmt":"2026-04-29T12:25:05","guid":{"rendered":"https:\/\/www.clarin.com\/cultura\/presentaron-diccionario-mario-vargas-llosa-homenaje-coral-nobel-peruano_0_ekbXK9Gnlx.html"},"modified":"2026-04-29T12:25:05","modified_gmt":"2026-04-29T12:25:05","slug":"presentaron-el-diccionario-mario-vargas-llosa-un-homenaje-coral-al-nobel-peruano","status":"publish","type":"post","link":"http:\/\/cordobateve.net\/index.php\/2026\/04\/29\/presentaron-el-diccionario-mario-vargas-llosa-un-homenaje-coral-al-nobel-peruano\/","title":{"rendered":"Presentaron el Diccionario Mario Vargas Llosa, un homenaje coral al Nobel peruano"},"content":{"rendered":"<p><img src=\"http:\/\/cordobateve.net\/wp-content\/uploads\/2026\/04\/presentaron-el-diccionario-mario-vargas-llosa-un-homenaje-coral-al-nobel-peruano.jpg\"><\/p>\n<div class=\"sc-45461e9c-0 eqiBeF container-text text-embed \" id=\"element-body-0\" readability=\"51.853293413174\">\n<p>\u00bfQu\u00e9 tienen en com\u00fan \u201cCivilizaci\u00f3n, \u201cCatedral\u201d, \u201cMadre\u201d, \u201cHuachafo\u201d, \u201cArequipa\u201d, \u201cMadrid\u201d, \u201cParis\u201d, \u201cRealidad\u201d y \u201cFragilidad\u201d, entre tantas otras palabras? Todas confluyen en un mismo lugar: el <strong><em><a href=\"https:\/\/www.clarin.com\/cultura\/vargas-llosa-cien-palabras-z-mapa-simbolico-afectivo-nobel_0_P8FCF1Nnvm.html\" target=\"_blank\" title=\"Diccionario Mario Vargas Llosa. Habit\u00f3 las palabras\" alt=\"Diccionario Mario Vargas Llosa. Habit\u00f3 las palabras\" rel=\"noopener noreferrer\">Diccionario Mario Vargas Llosa. Habit\u00f3 las palabras<\/a><\/em><\/strong>, publicado por el <strong><a href=\"https:\/\/www.instagram.com\/p\/DXQ6QoaDNVh\/?img_index=5\" target=\"_blank\" title=\"Instituto Cervantes de Espa\u00f1a. \" alt=\"Instituto Cervantes de Espa\u00f1a. \" rel=\"noopener noreferrer\">Instituto Cervantes de Espa\u00f1a<\/a><\/strong><a href=\"https:\/\/www.instagram.com\/p\/DXQ6QoaDNVh\/?img_index=5\" target=\"_blank\" title=\"Instituto Cervantes de Espa\u00f1a. \" alt=\"Instituto Cervantes de Espa\u00f1a. \" rel=\"noopener noreferrer\">. <\/a><\/p>\n<\/div>\n<div class=\"sc-98b114a2-0 bkqiHH image-embed image-embed \" id=\"element-body-1\"><picture class=\"sc-98b114a2-1 jRUlDm\"><source media=\"(min-width: 975px)\" width=\"720\" height=\"480\" srcset=\"http:\/\/cordobateve.net\/wp-content\/uploads\/2026\/04\/presentaron-el-diccionario-mario-vargas-llosa-un-homenaje-coral-al-nobel-peruano-2.jpg\"><img alt=\"Luis Garc\u00eda Montero, director del Instituto Cervantes; Raquel Caleya Ca\u00f1a, directora de Cultura del Cervantes, y Ezequiel Mart\u00ednez, director de la Feria del Libro de Buenos Aires presentaron el Diccionario Mario Vargas Llosa. Habit\u00f3 las palabras. Foto: Sebastia\u00b4n Motta, gentileza.\" loading=\"eager\" width=\"720\" height=\"480\" decoding=\"async\" data-nimg=\"1\" src=\"http:\/\/cordobateve.net\/wp-content\/uploads\/2026\/04\/presentaron-el-diccionario-mario-vargas-llosa-un-homenaje-coral-al-nobel-peruano-2.jpg\"><span class=\"epigraphe\" aria-hidden=\"true\">Luis Garc\u00eda Montero, director del Instituto Cervantes; Raquel Caleya Ca\u00f1a, directora de Cultura del Cervantes, y Ezequiel Mart\u00ednez, director de la Feria del Libro de Buenos Aires presentaron el Diccionario Mario Vargas Llosa. Habit\u00f3 las palabras. Foto: Sebastia\u00b4n Motta, gentileza.<\/span><span class=\"picture-open\"><button class=\"open-image\" aria-label=\"Open Image\"><\/button><\/span><\/picture><\/div>\n<div class=\"sc-45461e9c-0 eqiBeF container-text text-embed \" id=\"element-body-2\" readability=\"57.840375586854\">\n<p>Una idea que <strong>surgi\u00f3 a partir del X Congreso Internacional de la Lengua Espa\u00f1ola<\/strong>, celebrado en Arequipa (Per\u00fa), como <strong>homenaje coral y panhisp\u00e1nico al c\u00e9lebre escritor peruano<\/strong>, ganador del <strong>Premio Nobel de Literatura 2010<\/strong> y que anoche se present\u00f3 en la<strong> 50\u00b0 edici\u00f3n de la <a href=\"https:\/\/www.clarin.com\/cultura\/feria-libro-homenajeo-mario-vargas-llosa-voces-anecdotas_0_xMh6hxEsGU.html\" target=\"_blank\" title=\"Feria Internacional del Libro de Buenos Aires\" alt=\"Feria Internacional del Libro de Buenos Aires\" rel=\"noopener noreferrer\">Feria Internacional del Libro de Buenos Aires<\/a><\/strong> \u2013que tiene a <strong><a href=\"https:\/\/www.clarin.com\/cultura\/festejo-recargado-multitud-noche-feria-libro-2026_0_rJlzb039RE.html\" target=\"_blank\" title=\"Per\u00fa como pa\u00eds Invitado de Honor\" alt=\"Per\u00fa como pa\u00eds Invitado de Honor\" rel=\"noopener noreferrer\">Per\u00fa como pa\u00eds Invitado de Honor<\/a><\/strong>\u2013 al cumplirse el primer aniversario del fallecimiento del autor de <em>La ciudad de los perros<\/em> y <em>Conversaci\u00f3n en La Catedral<\/em>, entre tantos otros cl\u00e1sicos, ocurrido el 13 de abril de 2025 en su residencia en Barranco (Lima). Por entonces, Vargas Llosa ten\u00eda 89 a\u00f1os.<\/p>\n<\/div>\n<div class=\"sc-45461e9c-0 eqiBeF container-text text-embed \" id=\"element-body-3\" readability=\"71\">\n<p>La sala Domingo Faustino Sarmiento, ubicada en el Pabellon Blanco de la Feria, tuvo una nutrida concurrencia de p\u00fablico<strong> interesado en conocer el universo vargallosiano<\/strong>. Cada palabra de este diccionario ha sido confiado a un centenar de \u201cescribidores\u201d, como sol\u00eda decir el consagrado escritor peruano: <strong>familiares, amigos, fil\u00f3sofos, poetas, profesores y lectores<\/strong> configuraron este singular repertorio en el que habitan las palabras que forman parte del lenguaje de Vargas Llosa que, en lugar de definirlas, evocan su vida y , por supuesto, su inconmensurable obra.<\/p>\n<\/div>\n<div class=\"sc-45461e9c-0 eqiBeF container-text text-embed \" id=\"element-body-4\" readability=\"66\">\n<p>Este recorrido de la \u201cA\u201d a la \u201cZ\u201d atraviesa obras cumbre como <em>La Ciudad de los perros; La Casa Verde; Conversaci\u00f3n en La Catedral, La Guerra del fin del mundo, La Fiesta del Chivo<\/em> y <em>Tiempos recios<\/em>, <strong>acompa\u00f1ada por sus ensayos, cr\u00f3nicas, reflexiones de intelectuales y pol\u00edticas<\/strong>. Es que las palabras de Vargas Llosa no s\u00f3lo permanecen en su vida y en sus obras, sino tambi\u00e9n en quienes lo leen y lo piensan.<\/p>\n<\/div>\n<div class=\"sc-45461e9c-0 eqiBeF container-text text-embed \" id=\"element-body-5\" readability=\"66\">\n<p>El acto cont\u00f3 con la participaci\u00f3n de <strong>Luis Garc\u00eda Montero<\/strong>, director del Instituto Cervantes; <strong>Raquel Caleya Ca\u00f1a<\/strong>, directora de Cultura del Cervantes, y <strong>Ezequiel Mart\u00ednez<\/strong>, director de la Feria del Libro de Buenos Aires. Rafael Oteri\u00f1o, presidente de la Academia Argentina de Letras (AAL), estuvo entre los presentes.<\/p>\n<\/div>\n<div class=\"sc-45461e9c-0 eqiBeF container-text text-embed \" id=\"element-body-6\" readability=\"61\">\n<p>\u201cSe cumple un a\u00f1o de la muerte de Vargas Llosa, un gran amigo de esta Feria quien ha venido muchas veces. <strong>Aqu\u00ed se ha presentado y ha sido una relaci\u00f3n de afecto y tambi\u00e9n de pol\u00e9mica<\/strong>. Siempre lo hemos recibido con los brazos abiertos\u201d, abri\u00f3 la presentaci\u00f3n Ezequiel Mart\u00ednez.<\/p>\n<\/div>\n<div class=\"sc-45461e9c-0 eqiBeF container-text text-embed \" id=\"element-body-7\" readability=\"61\">\n<p>El director de la Feria tambi\u00e9n record\u00f3 que este a\u00f1o es una edici\u00f3n especial al cumplirse el 50\u00b0 aniversario de la Feria del Libro en Buenos Aires. Tambi\u00e9n <strong>record\u00f3 que Per\u00fa es el primer pa\u00eds Invitado de Honor. De ah\u00ed tambi\u00e9n surgi\u00f3 el tributo a Vargas Llosa con una serie de eventos<\/strong>, una lectura de la C\u00e1tedra Vargas Llosa y una muestra para evocar su figura en Pabell\u00f3n 9 de La Rural.<\/p>\n<\/div>\n<p><h2>Diccionario de amigos<\/h2>\n<\/p>\n<div class=\"sc-45461e9c-0 eqiBeF container-text text-embed \" id=\"element-body-10\" readability=\"64\">\n<p>\u201c<strong>Este es un diccionario de amigos ya que Mario, a lo largo de su vida construy\u00f3 muchos amigos, admiradores y gente que tiene alguna an\u00e9cdota<\/strong>. Tuve el privilegio de entrevistarlo muchas veces y en muchas ciudades cuando era periodista. Recuerdo que una vez me dedic\u00f3 un libro poniendo: \u2018Al amigo, el periodista itinerante\u2019\u201d, coment\u00f3 Ezequiel Mart\u00ednez.<\/p>\n<\/div>\n<div class=\"sc-45461e9c-0 eqiBeF container-text text-embed \" id=\"element-body-11\" readability=\"61\">\n<p>A continuaci\u00f3n, Raquel Caleya Ca\u00f1a se refiri\u00f3 a la confecci\u00f3n del Diccionario Vargas Llosa. \u201cEsta es una obra que nace de esta idea de comunidad y de circulaci\u00f3n de la literatura en espa\u00f1ol. Este diccionario comenz\u00f3 a prepararse en febrero del a\u00f1o pasado <strong>cuando iniciamos la invitaci\u00f3n a autores y autoras y les ofrecimos las primeras palabras<\/strong>. La respuesta fue inmediata y entusiasta por parte de todos\u201d.<\/p>\n<\/div>\n<div class=\"sc-45461e9c-0 eqiBeF container-text text-embed \" id=\"element-body-12\" readability=\"62\">\n<p>Y ampli\u00f3: \u201cLamentablemente, el 13 de abril, cuando muri\u00f3 Mario, detuvimos el proceso de edici\u00f3n. Pero <strong>pronto entendimos que la mejor manera de rendirle homenaje no era interrumpiendo el proceso sino continuarlo.<\/strong> As\u00ed lo hicimos\u201d.<\/p>\n<\/div>\n<div class=\"sc-45461e9c-0 eqiBeF container-text text-embed \" id=\"element-body-13\" readability=\"63\">\n<p>\u201cMario Vargas Llosa encarna de manera muy precisa esta pretensi\u00f3n compartida de nuestra lengua. <strong>Fue un escritor profundamente peruano pero tambi\u00e9n universal<\/strong>, tuvo nacionalidad espa\u00f1ola y siempre mantuvo una relaci\u00f3n muy intensa y muy estrecha con el Espa\u00f1a. Tambi\u00e9n tuvo mucha participaci\u00f3n en el instituto Cervantes. <strong>\u00c9l entend\u00eda muy bien defender la lengua como espacio de creaci\u00f3n, de pensamiento y de libertad<\/strong>\u201d, complet\u00f3 Caleya Ca\u00f1a.<\/p>\n<\/div>\n<p><h2>\u00bfDiccionario o DiccioMario?<\/h2>\n<\/p>\n<div class=\"sc-45461e9c-0 eqiBeF container-text text-embed \" id=\"element-body-15\" readability=\"61\">\n<p>\u201cAlgunos amigos lo llaman <strong><em>diccciomario<\/em> Vargas Llosa<\/strong>\u201d, brome\u00f3 Luis Garc\u00eda Montero, y continu\u00f3: <strong>\u201cLas palabras est\u00e1n vivas y en las palabras caben muchas cosas. \u00c9se era el sentido del libro\u201d.<\/strong><\/p>\n<\/div>\n<div class=\"sc-45461e9c-0 eqiBeF container-text text-embed \" id=\"element-body-16\" readability=\"66\">\n<p>Adem\u00e1s, el director del Instituto Cervantes remarc\u00f3 que el Congreso de la Lengua en Arequipa, ciudad donde naci\u00f3 el escritor peruano, se ha puesto en marcha este homenaje relacionado con las palabras. \u201cSu familia, sus amigos y los escritores que lo rodeaban conformar\u00edan un diccionario <strong>eligiendo una palabra que tuviese que ver no solo la obra de Vargas Llosa, sino tambi\u00e9n su lectura<\/strong>\u201d, desliz\u00f3.<\/p>\n<\/div>\n<div class=\"sc-45461e9c-0 eqiBeF container-text text-embed \" id=\"element-body-17\" readability=\"62\">\n<p>\u201cLa met\u00e1fora, el s\u00edmbolo m\u00e1s importante que permanece sobre el contrato social es el hecho de la lectura. Es la posibilidad o la experiencia de que un autor se desarrolle en un espacio que pueda despu\u00e9s ser habitado por distintos lectores\u201d, remarc\u00f3 Garc\u00eda Montero. Y cerr\u00f3: este diccionario \u201c<strong>es un sentido de admiraci\u00f3n a Mario a la literatura y de reflexi\u00f3n sobre la importancia de la literatura\u201d.<\/strong><\/p>\n<\/div>\n<div class=\"sc-98b114a2-0 bkqiHH image-embed image-embed \" id=\"element-body-18\"><picture class=\"sc-98b114a2-1 jRUlDm\"><source media=\"(min-width: 975px)\" width=\"720\" height=\"480\" srcset=\"http:\/\/cordobateve.net\/wp-content\/uploads\/2026\/04\/presentaron-el-diccionario-mario-vargas-llosa-un-homenaje-coral-al-nobel-peruano-3.jpg\"><img alt=\"Luis Garc\u00eda Montero, director del Instituto Cervantes; Raquel Caleya Ca\u00f1a, directora de Cultura del Cervantes, y Ezequiel Mart\u00ednez, director de la Feria del Libro de Buenos Aires presentaron el Diccionario Mario Vargas Llosa. Habit\u00f3 las palabras. Foto: Sebastia\u00b4n Motta, gentileza.\" loading=\"eager\" width=\"720\" height=\"480\" decoding=\"async\" data-nimg=\"1\" src=\"http:\/\/cordobateve.net\/wp-content\/uploads\/2026\/04\/presentaron-el-diccionario-mario-vargas-llosa-un-homenaje-coral-al-nobel-peruano-3.jpg\"><span class=\"epigraphe\" aria-hidden=\"true\">Luis Garc\u00eda Montero, director del Instituto Cervantes; Raquel Caleya Ca\u00f1a, directora de Cultura del Cervantes, y Ezequiel Mart\u00ednez, director de la Feria del Libro de Buenos Aires presentaron el Diccionario Mario Vargas Llosa. Habit\u00f3 las palabras. Foto: Sebastia\u00b4n Motta, gentileza.<\/span><span class=\"picture-open\"><button class=\"open-image\" aria-label=\"Open Image\"><\/button><\/span><\/picture><\/div>\n<p><h2>\u201cCivilizaci\u00f3n del espect\u00e1culo\u201d<\/h2>\n<\/p>\n<div class=\"sc-45461e9c-0 eqiBeF container-text text-embed \" id=\"element-body-20\" readability=\"60\">\n<p>En el diccionario, <strong>Garc\u00eda Montero le dedic\u00f3 la palabra \u201cEspect\u00e1culo\u201d <\/strong>en alusi\u00f3n al ensayo \u201cLa civilizaci\u00f3n del espect\u00e1culo\u201d, de Vargas Llosa.<\/p>\n<\/div>\n<div class=\"sc-45461e9c-0 eqiBeF container-text text-embed \" id=\"element-body-21\" readability=\"63\">\n<p>Seg\u00fan el director del Instituto Cervantes, esta palabra \u201cme invita a pensar en la sociedad en la que vivimos. <strong>Una sociedad de prisa donde los valores culturales que relaciono con el contrato social, con mi conciencia con la lectura, se ven sometidos a la prisa que nos provoca una falta de reflexi\u00f3n <\/strong>y hace que no seamos due\u00f1os de nuestra propia conciencia. Entonces vemos c\u00f3mo la realidad se convierte en un espect\u00e1culo. Nos encontramos en una realidad que cada vez m\u00e1s se parece a un circo con unos protagonistas de la realidad que cada vez se parecen m\u00e1s a unos payasos\u201d.<\/p>\n<\/div>\n<div class=\"sc-45461e9c-0 eqiBeF container-text text-embed \" id=\"element-body-22\" readability=\"63\">\n<p>Luego, ley\u00f3 parte de lo que escribi\u00f3 en el Diccionario Vargas Llosa. \u201cLa palabra espect\u00e1culo sirve para nombrar las diversiones p\u00fablicas celebradas en un teatro o un circo. <strong>Pero las palabras son en s\u00ed mismas un espect\u00e1culo a la hora de moverse en nuestros pensamientos <\/strong>y dan verdaderos saltos, o hace movimientos sutiles, para ponernos en contacto con la realidad que nos habita y habitamos\u201d.<\/p>\n<\/div>\n<div class=\"sc-45461e9c-0 eqiBeF container-text text-embed \" id=\"element-body-23\" readability=\"64\">\n<p><strong>Morgana, hija de Mario Vargas Llosa, estuvo ausente en la presentaci\u00f3n <\/strong>del diccionario que evoca a su padre ya que debi\u00f3 viajar a Per\u00fa. Sin embargo, <strong>particip\u00f3 en esta obra con la palabra \u201cMadre\u201d<\/strong>, como tambi\u00e9n lo hicieron sus hermanos \u00c1lvaro (\u201cTiempo\u201d) y Gonzalo Vargas Llosa (\u201cPer\u00fa\u201d).<\/p>\n<\/div>\n<div class=\"sc-45461e9c-0 eqiBeF container-text text-embed \" id=\"element-body-24\" readability=\"62\">\n<p>En ese sentido, <strong>la actriz y escritora espa\u00f1ola Carmen De La Osa, residente en la Argentina, ley\u00f3 el texto \u201cMadre\u201d<\/strong>, de Morgana Vargas Llosa.<\/p>\n<\/div>\n<div class=\"sc-98b114a2-0 bkqiHH image-embed image-embed \" id=\"element-body-25\"><picture class=\"sc-98b114a2-1 jRUlDm\"><source media=\"(min-width: 975px)\" width=\"720\" height=\"480\" srcset=\"http:\/\/cordobateve.net\/wp-content\/uploads\/2026\/04\/presentaron-el-diccionario-mario-vargas-llosa-un-homenaje-coral-al-nobel-peruano-4.jpg\"><img alt=\"Luis Garc\u00eda Montero, director del Instituto Cervantes; Raquel Caleya Ca\u00f1a, directora de Cultura del Cervantes, y Ezequiel Mart\u00ednez, director de la Feria del Libro de Buenos Aires presentaron el Diccionario Mario Vargas Llosa. Habit\u00f3 las palabras. Foto: gentileza.\" loading=\"eager\" width=\"720\" height=\"480\" decoding=\"async\" data-nimg=\"1\" src=\"http:\/\/cordobateve.net\/wp-content\/uploads\/2026\/04\/presentaron-el-diccionario-mario-vargas-llosa-un-homenaje-coral-al-nobel-peruano-4.jpg\"><span class=\"epigraphe\" aria-hidden=\"true\">Luis Garc\u00eda Montero, director del Instituto Cervantes; Raquel Caleya Ca\u00f1a, directora de Cultura del Cervantes, y Ezequiel Mart\u00ednez, director de la Feria del Libro de Buenos Aires presentaron el Diccionario Mario Vargas Llosa. Habit\u00f3 las palabras. Foto: gentileza.<\/span><span class=\"picture-open\"><button class=\"open-image\" aria-label=\"Open Image\"><\/button><\/span><\/picture><\/div>\n<div class=\"sc-45461e9c-0 eqiBeF container-text text-embed \" id=\"element-body-26\" readability=\"62\">\n<p>\u201cLa palabra madre para Mario es sin\u00f3nimo de refugio. Fue la presencia estable en una presencia marcada primero por la ausencia del padre y luego por la severidad y la violencia. La madre tambi\u00e9n fue v\u00edctima de ese padre, y tal vez por ello convirti\u00f3 la protecci\u00f3n y el cuidado en una forma de resistencia\u201d, reza el primer p\u00e1rrafo escrito por Morgana Vargas Llosa.<\/p>\n<\/div>\n<div class=\"sc-45461e9c-0 eqiBeF container-text text-embed \" id=\"element-body-27\" readability=\"61\">\n<p>Y contin\u00faa: \u201c<strong>Madre es sacrificio y trabajo. Afront\u00f3 una vida dif\u00edcil con disciplina, decidida a salir adelante. Su ejemplo de tenacidad marc\u00f3 en Mario una idea temprana de dignidad y perseverancia<\/strong>. Los logros se alcanzaron con esfuerzo y dedicaci\u00f3n esto marcar\u00eda su vida como escritor desde el principio (\u2026)\u201d.<\/p>\n<\/div>\n<div class=\"sc-45461e9c-0 eqiBeF container-text text-embed \" id=\"element-body-28\" readability=\"61\">\n<p>De La Osa tambi\u00e9n ley\u00f3 el poema \u201cHuachafo\u201d, con soneto incluido, escrito por el cantautor espa\u00f1ol Joaquin Sabina, cuyo texto aparece en el Diccionario Vargas Llosa. Habit\u00f3 las palabras.<\/p>\n<\/div>\n<div class=\"sc-45461e9c-0 eqiBeF container-text text-embed \" id=\"element-body-29\" readability=\"59\">\n<p>Comienza con: \u201cTel\u00farico, pr\u00edstino concienciar \/ Quien aplaude al avi\u00f3n cuando aterriza \/ ese vals peruano que suaviza \/ el deseo de amar o de matar\u201d.<\/p>\n<\/div>\n<p><h2>Con razones y humor<\/h2>\n<\/p>\n<div class=\"sc-45461e9c-0 eqiBeF container-text text-embed \" id=\"element-body-31\" readability=\"60\">\n<p>\u201cNos lo explicaba Vargas Llosa \/ con razones y humor, pues todo cabe \/ al buscar las verdades del Per\u00fa\u201d, forma parte de este poema dedicado al gran escritor nacido en Arequipa.<\/p>\n<\/div>\n<div class=\"sc-45461e9c-0 eqiBeF container-text text-embed \" id=\"element-body-32\" readability=\"58\">\n<p>Y concluye: \u201cEn el medio de una vida licenciosa \/ el amor es huachafo. \u00bfY qui\u00e9n lo sabe? \/ Responde mi mujer: lo sabes t\u00fa\u201d.<\/p>\n<\/div>\n<div class=\"sc-98b114a2-0 bkqiHH image-embed image-embed \" id=\"element-body-33\"><picture class=\"sc-98b114a2-1 jRUlDm\"><source media=\"(min-width: 975px)\" width=\"720\" height=\"480\" srcset=\"http:\/\/cordobateve.net\/wp-content\/uploads\/2026\/04\/presentaron-el-diccionario-mario-vargas-llosa-un-homenaje-coral-al-nobel-peruano-5.jpg\"><img alt=\"Luis Garc\u00eda Montero, director del Instituto Cervantes; Raquel Caleya Ca\u00f1a, directora de Cultura del Cervantes, y Ezequiel Mart\u00ednez, director de la Feria del Libro de Buenos Aires presentaron el Diccionario Mario Vargas Llosa. Habit\u00f3 las palabras. Foto: gentileza.\" loading=\"eager\" width=\"720\" height=\"480\" decoding=\"async\" data-nimg=\"1\" src=\"http:\/\/cordobateve.net\/wp-content\/uploads\/2026\/04\/presentaron-el-diccionario-mario-vargas-llosa-un-homenaje-coral-al-nobel-peruano-5.jpg\"><span class=\"epigraphe\" aria-hidden=\"true\">Luis Garc\u00eda Montero, director del Instituto Cervantes; Raquel Caleya Ca\u00f1a, directora de Cultura del Cervantes, y Ezequiel Mart\u00ednez, director de la Feria del Libro de Buenos Aires presentaron el Diccionario Mario Vargas Llosa. Habit\u00f3 las palabras. Foto: gentileza.<\/span><span class=\"picture-open\"><button class=\"open-image\" aria-label=\"Open Image\"><\/button><\/span><\/picture><\/div>\n<div class=\"sc-45461e9c-0 eqiBeF container-text text-embed \" id=\"element-body-34\" readability=\"69\">\n<p>Por su parte, <strong>Ezequiel Mart\u00ednez ley\u00f3 \u201cRealidad\u201d, escrito por Leila Guerriero<\/strong>: \u201cExcepto cuando las utilizaba en su modalidad m\u00e1s cl\u00e1sica, (para se\u00f1alar citas), las comillas no aparecen con frecuencia en la obra de Mario Vargas Llosa. Sin embargo, <strong>podr\u00eda pensarse en que la realidad fue para \u00e9l algo entre comillas: algo inestable y cambiante desde donde trasvasaba experiencia hacia su escritura y, que, a su vez, recib\u00eda el impacto de lo escrito<\/strong> (\u2026)\u201d, forma parte del primer p\u00e1rrafo que plasm\u00f3 la periodista y escritora argentina.<\/p>\n<\/div>\n<div class=\"sc-45461e9c-0 eqiBeF container-text text-embed \" id=\"element-body-35\" readability=\"65\">\n<p><strong>Raquel Caleya Ca\u00f1a<\/strong>, quien adem\u00e1s coordin\u00f3 la edici\u00f3n del diccionario, le dedic\u00f3 \u201cPar\u00eds\u201d a Vargas Llosa. La directora de Cultura del Cervantes vivi\u00f3 durante m\u00e1s de 15 a\u00f1os en la capital francesa, donde conoci\u00f3 al escritor peruano: <strong>\u201cMario no hubiera sido Mario Vargas llosa sin Par\u00eds, y por supuesto que Par\u00eds fue diferente a Mario Vargas Llosa\u201d<\/strong>, enfatiz\u00f3.<\/p>\n<\/div>\n<div class=\"sc-45461e9c-0 eqiBeF container-text text-embed \" id=\"element-body-36\" readability=\"68\">\n<p>\u201c\u2019\u00bfA qu\u00e9 va uno a Par\u00eds? A corromperse, nom\u00e1s\u2019, recordaba Mario Vargas Llosa, entre carcajadas, lo que le advirti\u00f3 una t\u00eda antes del primer viaje, obtenido gracias al premio en un concurso de relatos. Y ya algo hab\u00eda en el territorio de sus lecturas juveniles, como las novelas de Dumas sobre la Corte de los Milagros, \u2018ese alucinante barrio refugio de aventureros y criminales\u2019\u201d, puede leerse en el primer p\u00e1rrafo de Caleya Ca\u00f1a.<\/p>\n<\/div>\n<div class=\"sc-98b114a2-0 bkqiHH image-embed image-embed \" id=\"element-body-37\"><picture class=\"sc-98b114a2-1 jRUlDm\"><source media=\"(min-width: 975px)\" width=\"720\" height=\"480\" srcset=\"http:\/\/cordobateve.net\/wp-content\/uploads\/2026\/04\/presentaron-el-diccionario-mario-vargas-llosa-un-homenaje-coral-al-nobel-peruano-6.jpg\"><img alt=\"Luis Garc\u00eda Montero, director del Instituto Cervantes; Raquel Caleya Ca\u00f1a, directora de Cultura del Cervantes, y Ezequiel Mart\u00ednez, director de la Feria del Libro de Buenos Aires presentaron el Diccionario Mario Vargas Llosa. Habit\u00f3 las palabras. Foto: Sebastia\u00b4n Motta, gentileza.\" loading=\"eager\" width=\"720\" height=\"480\" decoding=\"async\" data-nimg=\"1\" src=\"http:\/\/cordobateve.net\/wp-content\/uploads\/2026\/04\/presentaron-el-diccionario-mario-vargas-llosa-un-homenaje-coral-al-nobel-peruano-6.jpg\"><span class=\"epigraphe\" aria-hidden=\"true\">Luis Garc\u00eda Montero, director del Instituto Cervantes; Raquel Caleya Ca\u00f1a, directora de Cultura del Cervantes, y Ezequiel Mart\u00ednez, director de la Feria del Libro de Buenos Aires presentaron el Diccionario Mario Vargas Llosa. Habit\u00f3 las palabras. Foto: Sebastia\u00b4n Motta, gentileza.<\/span><span class=\"picture-open\"><button class=\"open-image\" aria-label=\"Open Image\"><\/button><\/span><\/picture><\/div>\n<div class=\"sc-45461e9c-0 eqiBeF container-text text-embed \" id=\"element-body-38\" readability=\"61\">\n<p><strong>El p\u00fablico tambi\u00e9n particip\u00f3 de las lecturas <\/strong>del <em>Diccionario Mario Vargas Llosa. Habit\u00f3 las palabras<\/em> con textos que fueron entregados al azar antes de la presentaci\u00f3n del libro.<strong> Se ley\u00f3 \u201cFrancia\u201d (de Gustavo Guerrero); \u201cGuerra\u201d (de Jes\u00fas Luis Mantilla) y \u201cMiraflores\u201d (de Fietta Jarque), <\/strong>acompa\u00f1ados por un aplauso entre los presentes.<\/p>\n<\/div>\n<div class=\"sc-45461e9c-0 eqiBeF container-text text-embed \" id=\"element-body-39\" readability=\"61\">\n<p>Si bien se ha publicado una primera edici\u00f3n para el Congreso de Arequipa como obsequio y tambi\u00e9n fue presentado entre escritores en Madrid, por el momento <strong>el diccionario Mario Vargas Llosa no est\u00e1 disponible en la Feria del Libro de Buenos Aires aunque se prev\u00e9 que m\u00e1s adelante estar\u00e1 en las principales librer\u00edas del pa\u00eds.<\/strong><\/p>\n<\/div>\n","protected":false},"excerpt":{"rendered":"<p>\u00bfQu\u00e9 tienen en com\u00fan \u201cCivilizaci\u00f3n, \u201cCatedral\u201d, \u201cMadre\u201d, \u201cHuachafo\u201d, \u201cArequipa\u201d, \u201cMadrid\u201d, \u201cParis\u201d, \u201cRealidad\u201d y \u201cFragilidad\u201d, entre tantas otras palabras? Todas confluyen en un mismo lugar: el Diccionario Mario Vargas Llosa. Habit\u00f3 las palabras, publicado por el Instituto Cervantes de Espa\u00f1a. Luis Garc\u00eda Montero, director del Instituto Cervantes; Raquel Caleya Ca\u00f1a, directora de Cultura del Cervantes, y [&hellip;]<\/p>\n","protected":false},"author":1,"featured_media":125705,"comment_status":"closed","ping_status":"closed","sticky":false,"template":"","format":"standard","meta":[],"categories":[22],"tags":[],"_links":{"self":[{"href":"http:\/\/cordobateve.net\/index.php\/wp-json\/wp\/v2\/posts\/125704"}],"collection":[{"href":"http:\/\/cordobateve.net\/index.php\/wp-json\/wp\/v2\/posts"}],"about":[{"href":"http:\/\/cordobateve.net\/index.php\/wp-json\/wp\/v2\/types\/post"}],"author":[{"embeddable":true,"href":"http:\/\/cordobateve.net\/index.php\/wp-json\/wp\/v2\/users\/1"}],"replies":[{"embeddable":true,"href":"http:\/\/cordobateve.net\/index.php\/wp-json\/wp\/v2\/comments?post=125704"}],"version-history":[{"count":0,"href":"http:\/\/cordobateve.net\/index.php\/wp-json\/wp\/v2\/posts\/125704\/revisions"}],"wp:featuredmedia":[{"embeddable":true,"href":"http:\/\/cordobateve.net\/index.php\/wp-json\/wp\/v2\/media\/125705"}],"wp:attachment":[{"href":"http:\/\/cordobateve.net\/index.php\/wp-json\/wp\/v2\/media?parent=125704"}],"wp:term":[{"taxonomy":"category","embeddable":true,"href":"http:\/\/cordobateve.net\/index.php\/wp-json\/wp\/v2\/categories?post=125704"},{"taxonomy":"post_tag","embeddable":true,"href":"http:\/\/cordobateve.net\/index.php\/wp-json\/wp\/v2\/tags?post=125704"}],"curies":[{"name":"wp","href":"https:\/\/api.w.org\/{rel}","templated":true}]}}