{"id":125762,"date":"2026-04-30T13:00:05","date_gmt":"2026-04-30T13:00:05","guid":{"rendered":"https:\/\/www.clarin.com\/cultura\/mario-mendoza-nueva-novela-cambio-perfil-narco-america-latina_0_XrT9MIDTSh.html"},"modified":"2026-04-30T13:00:05","modified_gmt":"2026-04-30T13:00:05","slug":"mario-mendoza-y-su-nueva-novela-como-cambio-el-perfil-del-narco-en-america-latina","status":"publish","type":"post","link":"http:\/\/cordobateve.net\/index.php\/2026\/04\/30\/mario-mendoza-y-su-nueva-novela-como-cambio-el-perfil-del-narco-en-america-latina\/","title":{"rendered":"Mario Mendoza y su nueva novela: c\u00f3mo cambi\u00f3 el perfil del narco en Am\u00e9rica Latina"},"content":{"rendered":"<p><img src=\"http:\/\/cordobateve.net\/wp-content\/uploads\/2026\/04\/mario-mendoza-y-su-nueva-novela-como-cambio-el-perfil-del-narco-en-america-latina.jpg\"><\/p>\n<div><img src=\"http:\/\/cordobateve.net\/wp-content\/uploads\/2026\/04\/mario-mendoza-y-su-nueva-novela-como-cambio-el-perfil-del-narco-en-america-latina-2.jpg\" class=\"ff-og-image-inserted\"><\/div>\n<div id=\"element-body-0\" readability=\"47.354260089686\">\n<p>El <strong><a href=\"https:\/\/es.wikipedia.org\/wiki\/Mario_Mendoza\" target=\"_blank\" title=\"escritor \" alt=\"escritor \" rel=\"noopener noreferrer\">escritor <\/a>colombiano <a href=\"https:\/\/www.planetadelibros.com.ar\/autor\/mario-mendoza\/000003086\" target=\"_blank\" title=\"Mario Mendoza\" alt=\"Mario Mendoza\" rel=\"noopener noreferrer\">Mario Mendoza<\/a><\/strong> public\u00f3 <strong><em><a href=\"https:\/\/www.planetadelibros.com.ar\/libro-la-hora-de-los-lobos\/448617\" target=\"_blank\" title=\"La hora de los lobos\" alt=\"La hora de los lobos\" rel=\"noopener noreferrer\">La hora de los lobos<\/a><\/em><\/strong>, una <a href=\"https:\/\/www.mariomendoza.com.co\/\" target=\"_blank\" title=\"novela \" alt=\"novela \" rel=\"noopener noreferrer\">novela <\/a>que <strong>reflexiona sobre la nueva delincuencia y<\/strong> mezcla violencia y marginalidad para hablar sobre la vida \u00aben los bajos fondos\u00bb de Am\u00e9rica Latina.<\/p>\n<\/div>\n<div id=\"element-body-2\" readability=\"63\">\n<p>\u00abEste libro fue muy dif\u00edcil de escribir para m\u00ed, porque <strong>durante mucho tiempo yo me negu\u00e9 a entrar en la mafia,<\/strong> ese mundo no me interesaba narrativamente\u00bb, confes\u00f3 el autor en una rueda de prensa en Bogot\u00e1 en la que present\u00f3 su nueva obra, publicada por la editorial Planeta.<\/p>\n<\/div>\n<div id=\"element-body-3\" readability=\"63\">\n<p>Mendoza, nacido en 1964 en la capital colombiana, se\u00f1al\u00f3 que la violencia pol\u00edtica -que es la ejercida por<strong> grupos al margen de la ley que atacan al \u00abestablecimiento\u00bb<\/strong>, como las guerrillas, los paramilitares o el narcotr\u00e1fico- nunca le hab\u00eda interesado.<\/p>\n<\/div>\n<div id=\"element-body-5\" readability=\"62\">\n<p>En cambio, <strong>su inter\u00e9s ha estado en la violencia transpol\u00edtica<\/strong>, que hace referencia a esa que se efect\u00faa dentro del propio sistema: \u00abEl mismo sistema opera de una manera terrible, cruel y despiadada y eso psicol\u00f3gicamente nos va afectando a todos\u00bb.<\/p>\n<\/div>\n<div id=\"element-body-6\" readability=\"61\">\n<p>Por primera vez, <strong>el autor reflexiona sobre si los grupos delictivos actuales funcionan igual que los antiguos carteles del narcotr\u00e1fico colombiano<\/strong>, como los de Medell\u00edn, Cali o el Norte del Valle.<\/p>\n<\/div>\n<div id=\"element-body-8\" readability=\"61\">\n<p>Mendoza <strong>ahonda en los imaginarios tradicionales de los jefes de estos grupos<\/strong>, como la conocida fotograf\u00eda de Pablo Escobar con sombrero mexicano y armas, y se pregunta si estos mismos referentes siguen vigentes hoy.<\/p>\n<\/div>\n<div id=\"element-body-9\" readability=\"63\">\n<p>El autor llega a la conclusi\u00f3n de que <strong>los nuevos l\u00edderes est\u00e1n influenciados por el anime japon\u00e9s, los deportes extremos y las artes marciales<\/strong>: \u00abEl capo contempor\u00e1neo es alguien que va al gimnasio, hace pesas, corre, es algo muy distinto a lo que ser\u00eda un capo de los a\u00f1os 80 o 90\u00bb.<\/p>\n<\/div>\n<div id=\"element-body-10\" readability=\"64\">\n<p><strong><em>La hora de los lobos <\/em>narra la historia de Bruno Guerrero, un joven marginado<\/strong>, asediado por la muerte desde ni\u00f1o, que descubre las artes marciales y de la mano de estas, sumadas a su \u00abinteligencia y sagacidad\u00bb, se forja un camino en el mundo del hampa.<\/p>\n<\/div>\n<div id=\"element-body-13\" readability=\"59\">\n<p>Como resultado de sus acciones termina en la c\u00e1rcel, donde conoce a <strong>un hombre \u00abbrillante y terrible\u00bb<\/strong> que se convierte en su maestro y protector.<\/p>\n<\/div>\n<div id=\"element-body-14\" readability=\"61\">\n<p>Para Mendoza, una de las primeras referencias para entender la relaci\u00f3n entre el crimen organizado y Am\u00e9rica Latina fue <strong>el asesinato de Luis Donaldo Colosio, ocurrido el 23 de marzo de 1994 en M\u00e9xico.<\/strong><\/p>\n<\/div>\n<div id=\"element-body-15\" readability=\"59\">\n<p>A partir de ese suceso, <strong>el autor plantea que existe una relaci\u00f3n profunda entre el Estado y el narcotr\u00e1fico en Am\u00e9rica Latina.<\/strong><\/p>\n<\/div>\n<div id=\"element-body-17\" readability=\"61\">\n<p>\u00abNosotros seguimos creyendo que hay un Estado que opera y que funciona distinto del narco y que el narco est\u00e1 ya todav\u00eda intentando cooptarnos. No, eso no funciona as\u00ed. <strong>Desde el asesinato de Colosio sabemos que eso no funciona as\u00ed<\/strong>\u00ab, insisti\u00f3.<\/p>\n<\/div>\n<div id=\"element-body-18\" readability=\"60\">\n<p>A lo que a\u00f1adi\u00f3 que ya el mismo establecimiento est\u00e1 \u00abcooptado\u00bb, pues tiene \u00abfuertes lazos\u00bb que lo conecta \u00abcon la mafia\u00bb a trav\u00e9s de negocios, tratos y alianzas.<\/p>\n<\/div>\n","protected":false},"excerpt":{"rendered":"<p>El escritor colombiano Mario Mendoza public\u00f3 La hora de los lobos, una novela que reflexiona sobre la nueva delincuencia y mezcla violencia y marginalidad para hablar sobre la vida \u00aben los bajos fondos\u00bb de Am\u00e9rica Latina. \u00abEste libro fue muy dif\u00edcil de escribir para m\u00ed, porque durante mucho tiempo yo me negu\u00e9 a entrar en [&hellip;]<\/p>\n","protected":false},"author":1,"featured_media":125763,"comment_status":"closed","ping_status":"closed","sticky":false,"template":"","format":"standard","meta":[],"categories":[22],"tags":[],"_links":{"self":[{"href":"http:\/\/cordobateve.net\/index.php\/wp-json\/wp\/v2\/posts\/125762"}],"collection":[{"href":"http:\/\/cordobateve.net\/index.php\/wp-json\/wp\/v2\/posts"}],"about":[{"href":"http:\/\/cordobateve.net\/index.php\/wp-json\/wp\/v2\/types\/post"}],"author":[{"embeddable":true,"href":"http:\/\/cordobateve.net\/index.php\/wp-json\/wp\/v2\/users\/1"}],"replies":[{"embeddable":true,"href":"http:\/\/cordobateve.net\/index.php\/wp-json\/wp\/v2\/comments?post=125762"}],"version-history":[{"count":0,"href":"http:\/\/cordobateve.net\/index.php\/wp-json\/wp\/v2\/posts\/125762\/revisions"}],"wp:featuredmedia":[{"embeddable":true,"href":"http:\/\/cordobateve.net\/index.php\/wp-json\/wp\/v2\/media\/125763"}],"wp:attachment":[{"href":"http:\/\/cordobateve.net\/index.php\/wp-json\/wp\/v2\/media?parent=125762"}],"wp:term":[{"taxonomy":"category","embeddable":true,"href":"http:\/\/cordobateve.net\/index.php\/wp-json\/wp\/v2\/categories?post=125762"},{"taxonomy":"post_tag","embeddable":true,"href":"http:\/\/cordobateve.net\/index.php\/wp-json\/wp\/v2\/tags?post=125762"}],"curies":[{"name":"wp","href":"https:\/\/api.w.org\/{rel}","templated":true}]}}