{"id":125839,"date":"2026-05-01T20:00:26","date_gmt":"2026-05-01T20:00:26","guid":{"rendered":"https:\/\/www.espinof.com\/estrenos\/mejores-peliculas-ciencia-ficcion-accion-historia-vuelve-a-cines-para-celebrar-su-35-aniversario"},"modified":"2026-05-01T20:00:26","modified_gmt":"2026-05-01T20:00:26","slug":"una-de-las-mejores-peliculas-de-ciencia-ficcion-y-accion-de-la-historia-vuelve-a-los-cines-para-celebrar-su-35-aniversario","status":"publish","type":"post","link":"http:\/\/cordobateve.net\/index.php\/2026\/05\/01\/una-de-las-mejores-peliculas-de-ciencia-ficcion-y-accion-de-la-historia-vuelve-a-los-cines-para-celebrar-su-35-aniversario\/","title":{"rendered":"Una de las mejores pel\u00edculas de ciencia ficci\u00f3n y acci\u00f3n de la historia vuelve a los cines para celebrar su 35 aniversario"},"content":{"rendered":"<p><strong>Rialto Pictures y StudioCanal<\/strong> acaban de anunciar el regreso a los cines de una de las pel\u00edculas de ciencia ficci\u00f3n y acci\u00f3n m\u00e1s m\u00edticas de todos los tiempos para celebrar el <strong>35 aniversario de su estreno<\/strong>. El t\u00edtulo en cuesti\u00f3n es <a class=\"text-outboundlink\" href=\"https:\/\/www.espinof.com\/criticas\/placeres-culpables-terminator-2-el-juicio-final-de-james-cameron\" data-vars-post-title=\"Placeres culpables: 'Terminator 2: el juicio final' de James Cameron\" data-vars-post-url=\"https:\/\/www.espinof.com\/criticas\/placeres-culpables-terminator-2-el-juicio-final-de-james-cameron\">&#8216;Terminator 2: El juicio final&#8217;<\/a>, la excelente secuela que el propio <strong>James Cameron<\/strong> hizo del largometraje que lanz\u00f3 su carrera tras las c\u00e1maras.<\/p>\n<p><!-- BREAK 1 --> <\/p>\n<p>La fecha elegida para el reestreno de &#8216;Terminator 2: El juicio final&#8217; es este 22 de mayo de 2026, estando adem\u00e1s previsto que se lance <strong>en cuatro formatos diferente<\/strong>s: la versi\u00f3n original en 35 mil\u00edmetros, la versi\u00f3n en 70 mil\u00edmetros y restauraciones en 4K DCP y en 3-D DCP digital. Que no sea por falte de opciones.<\/p>\n<p><!-- BREAK 2 --><\/p>\n<h2>Por ahora s\u00f3lo en Estados Unidos<\/h2>\n<p>La mala noticia es que por ahora solamente se ha anunciado el reestreno de la secuela de <a class=\"text-outboundlink\" href=\"https:\/\/www.espinof.com\/criticas\/james-cameron-terminator-el-hombre-y-la-maquina\" data-vars-post-title=\"James Cameron: 'Terminator', el hombre y la m\u00e1quina\" data-vars-post-url=\"https:\/\/www.espinof.com\/criticas\/james-cameron-terminator-el-hombre-y-la-maquina\">&#8216;Terminator&#8217;<\/a> en Estados Unidos, pero me da que ser\u00e1 una simple cuesti\u00f3n de tiempo que tambi\u00e9n pase en Espa\u00f1a. Y es que \u00faltimamente ha quedado bastante claro que el p\u00fablico reaccione bastante bien ante este tipo de iniciativas y las salas de cines necesitan usar cualquier baza que tengan a su alcance.<\/p>\n<p><!-- BREAK 3 --> <\/p>\n<p>Yo confieso que he visto &#8216;Terminator 2: El juicio final&#8217; en m\u00faltiples ocasiones, pero eso no impedir\u00eda que me animase en el caso de que pueda verse en pantalla grande en nuestro pa\u00eds. Que ninguna de las siguientes secuelas ha logrado estar a su altura y ver de nuevo a <strong>Arnold Schwarzenegger<\/strong> enfrentado a un temible <strong>Robert Patrick<\/strong> es algo de lo m\u00e1s tentador.<\/p>\n<div class=\"article-asset article-asset-normal article-asset-center\">\n<div class=\"desvio-container\">\n<div class=\"desvio\">\n<div class=\"desvio-figure js-desvio-figure\"> <a href=\"https:\/\/www.espinof.com\/listas\/todas-peliculas-saga-terminator-ordenadas-peor-a-mejor\" class=\"pivot-outboundlink\" data-vars-post-title=\"Todas las pel\u00edculas de la saga 'Terminator' ordenadas de peor a mejor\"> <img loading=\"lazy\" alt=\"Todas las pel\u00edculas de la saga 'Terminator' ordenadas de peor a mejor\" width=\"375\" height=\"142\" src=\"http:\/\/cordobateve.net\/wp-content\/uploads\/2026\/05\/una-de-las-mejores-peliculas-de-ciencia-ficcion-y-accion-de-la-historia-vuelve-a-los-cines-para-celebrar-su-35-aniversario.jpg\"> <\/a> <\/div><\/div><\/div>\n<\/div>\n<p>Os recuerdo que &#8216;Terminator 2: El juicio final&#8217; es a\u00fan hoy<strong> la pel\u00edcula m\u00e1s taquillera de la saga<\/strong> con una recaudaci\u00f3n mundial de 519 millones de d\u00f3lares, cifra que todav\u00eda crecer\u00e1 un poco m\u00e1s con motivo de este relanzamiento en cines.<\/p>\n<p><!-- BREAK 4 --><\/p>\n<p>Adem\u00e1s, <strong>el propio Cameron ha comentado que prepara una &#8216;Terminator 7&#8217;<\/strong> que promete ser imprescindible si vuelve a ponerse tras las c\u00e1maras. El problema es que \u00e9l mismo se ha optado con <a class=\"text-outboundlink\" href=\"https:\/\/www.espinof.com\/directores-y-guionistas\/nueva-terminator-james-cameron-se-ha-encontrado-problema-imposible-resolver-vivimos-era-ciencia-ficcion\" data-vars-post-title=\"La nueva 'Terminator' de James Cameron se ha encontrado con un problema imposible de resolver: &quot;Vivimos en la era de la ciencia ficci\u00f3n&quot; \" data-vars-post-url=\"https:\/\/www.espinof.com\/directores-y-guionistas\/nueva-terminator-james-cameron-se-ha-encontrado-problema-imposible-resolver-vivimos-era-ciencia-ficcion\">un problema dif\u00edcil de resolver<\/a>, ya que no sabe qu\u00e9 puede contar que no haya sido superado ya por la realidad.<\/p>\n<p><!-- BREAK 5 --><\/p>\n<p>En Espinof | <a class=\"text-outboundlink\" href=\"https:\/\/www.espinof.com\/listas\/mejores-sagas-peliculas-historia\" data-vars-post-title=\"Las 29 mejores sagas de pel\u00edculas de la historia\" data-vars-post-url=\"https:\/\/www.espinof.com\/listas\/mejores-sagas-peliculas-historia\">Las 29 mejores sagas de pel\u00edculas de la historia<\/a><\/p>\n<p>En Espinof | <a class=\"text-outboundlink\" href=\"https:\/\/www.espinof.com\/listas\/todas-peliculas-james-cameron-ordenadas-peor-a-mejor\" data-vars-post-title=\"Todas las pel\u00edculas de James Cameron ordenadas de peor a mejor\" data-vars-post-url=\"https:\/\/www.espinof.com\/listas\/todas-peliculas-james-cameron-ordenadas-peor-a-mejor\">Todas las pel\u00edculas de James Cameron ordenadas de peor a mejor<\/a><\/p>\n","protected":false},"excerpt":{"rendered":"<p>Rialto Pictures y StudioCanal acaban de anunciar el regreso a los cines de una de las pel\u00edculas de ciencia ficci\u00f3n y acci\u00f3n m\u00e1s m\u00edticas de todos los tiempos para celebrar el 35 aniversario de su estreno. El t\u00edtulo en cuesti\u00f3n es &#8216;Terminator 2: El juicio final&#8217;, la excelente secuela que el propio James Cameron hizo [&hellip;]<\/p>\n","protected":false},"author":1,"featured_media":125840,"comment_status":"closed","ping_status":"closed","sticky":false,"template":"","format":"standard","meta":[],"categories":[24],"tags":[],"_links":{"self":[{"href":"http:\/\/cordobateve.net\/index.php\/wp-json\/wp\/v2\/posts\/125839"}],"collection":[{"href":"http:\/\/cordobateve.net\/index.php\/wp-json\/wp\/v2\/posts"}],"about":[{"href":"http:\/\/cordobateve.net\/index.php\/wp-json\/wp\/v2\/types\/post"}],"author":[{"embeddable":true,"href":"http:\/\/cordobateve.net\/index.php\/wp-json\/wp\/v2\/users\/1"}],"replies":[{"embeddable":true,"href":"http:\/\/cordobateve.net\/index.php\/wp-json\/wp\/v2\/comments?post=125839"}],"version-history":[{"count":0,"href":"http:\/\/cordobateve.net\/index.php\/wp-json\/wp\/v2\/posts\/125839\/revisions"}],"wp:featuredmedia":[{"embeddable":true,"href":"http:\/\/cordobateve.net\/index.php\/wp-json\/wp\/v2\/media\/125840"}],"wp:attachment":[{"href":"http:\/\/cordobateve.net\/index.php\/wp-json\/wp\/v2\/media?parent=125839"}],"wp:term":[{"taxonomy":"category","embeddable":true,"href":"http:\/\/cordobateve.net\/index.php\/wp-json\/wp\/v2\/categories?post=125839"},{"taxonomy":"post_tag","embeddable":true,"href":"http:\/\/cordobateve.net\/index.php\/wp-json\/wp\/v2\/tags?post=125839"}],"curies":[{"name":"wp","href":"https:\/\/api.w.org\/{rel}","templated":true}]}}