{"id":133146,"date":"2026-08-30T13:40:00","date_gmt":"2026-08-30T13:40:00","guid":{"rendered":"https:\/\/www.clarin.com\/cultura\/plateada-proyectos-artisticos-descubrir-feria-arte-contemporaneo-plata_0_KKmka9hhiP.html"},"modified":"2026-08-30T13:40:00","modified_gmt":"2026-08-30T13:40:00","slug":"plateada-siete-proyectos-artisticos-para-descubrir-en-la-feria-de-arte-contemporaneo-de-la-plata","status":"publish","type":"post","link":"http:\/\/cordobateve.net\/index.php\/2026\/08\/30\/plateada-siete-proyectos-artisticos-para-descubrir-en-la-feria-de-arte-contemporaneo-de-la-plata\/","title":{"rendered":"Plateada: siete proyectos art\u00edsticos para descubrir en la feria de arte contempor\u00e1neo de La Plata"},"content":{"rendered":"<p><img src=\"http:\/\/cordobateve.net\/wp-content\/uploads\/2026\/08\/plateada-siete-proyectos-artisticos-para-descubrir-en-la-feria-de-arte-contemporaneo-de-la-plata.jpg\"><\/p>\n<div class=\"sc-45461e9c-0 eqiBeF container-text text-embed \" id=\"element-body-0\" readability=\"55.055309734513\">\n<p>La <strong>cuarta edici\u00f3n de la feria de arte contempor\u00e1neo <a href=\"https:\/\/www.clarin.com\/cultura\/feria-plateada-suma-galerias-editoriales-arte-contemporaneo-plata_0_WlQlrgjhyY.html\" target=\"_blank\" title=\"Plateada \" alt=\"Plateada \" rel=\"noopener noreferrer\">Plateada<\/a><\/strong>empez\u00f3 el viernes, en un d\u00eda soleado y luminoso que la feria aprovech\u00f3 gracias a la posibilidad de montar la puesta en el <strong>hall principal y las plazas secas vidriadas del Teatro Argentino de La Plata<\/strong>. Organizada por el <strong><a href=\"https:\/\/www.clarin.com\/cultura\/tintoretto-autenticado-conicet-ano-debuta-feria-arte-plata_0_QSK2StBxv4.html\" target=\"_blank\" title=\"Museo Provincial de Bellas Artes Emilio Pettoruti\" alt=\"Museo Provincial de Bellas Artes Emilio Pettoruti\" rel=\"noopener noreferrer\">Museo Provincial de Bellas Artes Emilio Pettoruti<\/a><\/strong>, dependiente del Instituto Cultural de la Provincia de Buenos Aires, su<strong> entrada es libre y gratuita <\/strong>hasta este domingo.<\/p>\n<\/div>\n<div class=\"sc-98b114a2-0 bkqiHH image-embed image-embed \" id=\"element-body-1\"><picture class=\"sc-98b114a2-1 jRUlDm\"><source media=\"(min-width: 975px)\" width=\"720\" height=\"480\" srcset=\"http:\/\/cordobateve.net\/wp-content\/uploads\/2026\/08\/plateada-siete-proyectos-artisticos-para-descubrir-en-la-feria-de-arte-contemporaneo-de-la-plata-2.jpg\"><img alt=\"La cuarta edici\u00f3n de la feria de arte contempor\u00e1neo Plateada en el Teatro Argentino de La Plata. Foto: redes sociales.\" loading=\"eager\" width=\"720\" height=\"480\" decoding=\"async\" data-nimg=\"1\" src=\"http:\/\/cordobateve.net\/wp-content\/uploads\/2026\/08\/plateada-siete-proyectos-artisticos-para-descubrir-en-la-feria-de-arte-contemporaneo-de-la-plata-2.jpg\"><span class=\"epigraphe\" aria-hidden=\"true\">La cuarta edici\u00f3n de la feria de arte contempor\u00e1neo Plateada en el Teatro Argentino de La Plata. Foto: redes sociales.<\/span><span class=\"picture-open\"><button class=\"open-image\" aria-label=\"Open Image\"><\/button><\/span><\/picture><\/div>\n<div class=\"sc-45461e9c-0 eqiBeF container-text text-embed \" id=\"element-body-2\" readability=\"62\">\n<p>Es la primera feria de arte contempor\u00e1neo que se realiza en La Plata, y <strong>lleva direcci\u00f3n art\u00edstica de los curadores Facundo Bel\u00e9n y Virginia Mart\u00edn<\/strong>. Esta edici\u00f3n marca un r\u00e9cord de participantes:<strong> pas\u00f3 de 25 proyectos a 39 en relaci\u00f3n al a\u00f1o pasado<\/strong>, que van de galer\u00edas a propuestas editoriales seleccionadas <strong>entre 100 postulaciones<\/strong> recibidas. Se espera la asistencia de<strong> m\u00e1s de 3 mil visitantes <\/strong>a lo largo del fin de semana.<\/p>\n<\/div>\n<div class=\"sc-45461e9c-0 eqiBeF container-text text-embed \" id=\"element-body-3\" readability=\"61\">\n<p>\u201cEl origen de la feria <strong>apunta sobre todo a la inclusi\u00f3n y formaci\u00f3n de proyectos de la provincia de Buenos Aires<\/strong>, que muchas veces son lejanos a los centros de exhibici\u00f3n y al mercado\u201d, se\u00f1al\u00f3 el curador y gestor Facundo Bel\u00e9n. <\/p>\n<\/div>\n<div class=\"sc-45461e9c-0 eqiBeF container-text text-embed \" id=\"element-body-4\" readability=\"63\">\n<p>Por su parte, el historiador del arte y director del Museo Emilio Pettoruti, Federico Ruvituso, plante\u00f3 que entre un colectivo o una galer\u00eda emergente y las ferias m\u00e1s consolidadas del pa\u00eds <strong>\u201cno hab\u00eda ninguna conexi\u00f3n de informaci\u00f3n\u201d<\/strong> sobre c\u00f3mo presentarse, aplicar o profesionalizarse.<\/p>\n<\/div>\n<div class=\"sc-45461e9c-0 eqiBeF container-text text-embed \" id=\"element-body-5\" readability=\"62\">\n<p>En ese sentido aparece esta feria, que<strong> da protagonismo a los artistas, galer\u00edas y colectivos <\/strong>habilitando un espacio de prueba y experimentaci\u00f3n. Estos representan a distintas ciudades y regiones. La organizaci\u00f3n busca plasmar un mapeo actualizado del circuito emergente y federal y tender puentes con las capitales culturales.<\/p>\n<\/div>\n<p><h2>Publicaciones, tango y caf\u00e9<\/h2>\n<\/p>\n<div class=\"sc-45461e9c-0 eqiBeF container-text text-embed \" id=\"element-body-7\" readability=\"67\">\n<p>Adem\u00e1s de arte visual, hay <strong>una isla editorial con publicaciones, un espacio institucional con colecciones patrimoniales bonaerenses, y gastronom\u00eda, tragos y caf\u00e9<\/strong> en la parte descubierta del predio. A su programa se le suma un itinerario alternativo y simult\u00e1neo de actividades y muestras en galer\u00edas y sitios de La Plata. Esta cuarta edici\u00f3n <strong>entregar\u00e1 tambi\u00e9n dos premios<\/strong>. A continuaci\u00f3n, una gu\u00eda intuitiva de muestras de arte destacadas de esta edici\u00f3n, para descubrir, deleitarse y sorprenderse.<\/p>\n<\/div>\n<p><h2>Galer\u00eda Ac\u00e9fala<\/h2>\n<\/p>\n<div class=\"sc-45461e9c-0 eqiBeF container-text text-embed \" id=\"element-body-10\" readability=\"66\">\n<p>El <strong>proyecto porte\u00f1o<\/strong> trae una muestra cuya obra c\u00e9ntrica es <strong>una aut\u00e9ntica fuente de Malbec<\/strong>. Fue el disparador, cuenta la galerista B\u00e1rbara Echevarr\u00eda, y a partir de esa idea, materializada hasta de forma olfativa en la exhibici\u00f3n, se convoc\u00f3 a un grupo de artistas a producir colectivamente. \u201cIncluso en el peor contexto, el encuentro y compartir deben ser prioridad\u201d, se\u00f1alan.<\/p>\n<\/div>\n<div class=\"sc-45461e9c-0 eqiBeF container-text text-embed \" id=\"element-body-11\" readability=\"67\">\n<p>Hay una serie de copas de vidrio intervenidas por todos ellos, cada una con su distinta personalidad, y aquel que compra una activa la fuente, pudiendo servirse de ella. Todo resulta en<strong> una performance interactiva que se combina con un escenario rosado, de festejo<\/strong>, al cual la pintora Luana Cabra agreg\u00f3 bordados, pliegues de una tela gruesa llamada \u201ccapricho\u201d, que intervino con mezcla de acr\u00edlico y el mismo Malbec dando \u00e9nfasis a la corporalidad de la pintura.<\/p>\n<\/div>\n<div class=\"sc-45461e9c-0 eqiBeF container-text text-embed \" id=\"element-body-12\" readability=\"60\">\n<p>Hay <strong>una escultura colgada en la pared de color tornasolado y brillante <\/strong>hecha por el escen\u00f3grafo Mat\u00edas Quintana, que emula el dibujo que el vino traza como recorrido cuando sus gotas chorrean sobre una mesa.<\/p>\n<\/div>\n<div class=\"sc-98b114a2-0 bkqiHH image-embed image-embed \" id=\"element-body-13\"><picture class=\"sc-98b114a2-1 jRUlDm\"><source media=\"(min-width: 975px)\" width=\"720\" height=\"480\" srcset=\"http:\/\/cordobateve.net\/wp-content\/uploads\/2026\/08\/plateada-siete-proyectos-artisticos-para-descubrir-en-la-feria-de-arte-contemporaneo-de-la-plata-3.jpg\"><img alt=\"La cuarta edici\u00f3n de la feria de arte contempor\u00e1neo Plateada en el Teatro Argentino de La Plata. Foto: redes sociales.\" loading=\"eager\" width=\"720\" height=\"480\" decoding=\"async\" data-nimg=\"1\" src=\"http:\/\/cordobateve.net\/wp-content\/uploads\/2026\/08\/plateada-siete-proyectos-artisticos-para-descubrir-en-la-feria-de-arte-contemporaneo-de-la-plata-3.jpg\"><span class=\"epigraphe\" aria-hidden=\"true\">La cuarta edici\u00f3n de la feria de arte contempor\u00e1neo Plateada en el Teatro Argentino de La Plata. Foto: redes sociales.<\/span><span class=\"picture-open\"><button class=\"open-image\" aria-label=\"Open Image\"><\/button><\/span><\/picture><\/div>\n<p><h2>La Portland<\/h2>\n<\/p>\n<div class=\"sc-45461e9c-0 eqiBeF container-text text-embed \" id=\"element-body-15\" readability=\"63\">\n<p>Espacio de<strong> Entre R\u00edos <\/strong>que busca acompa\u00f1ar artistas de esa provincia, mont\u00f3 en esta feria una puesta de dos artistas \u2013uno entrerriano y otro platense\u2013, L\u00e1zaro Olier y Hern\u00e1n C\u00e9dola. <strong>Su eje central es el cuerpo humano<\/strong>, abordado desde las t\u00e9cnicas tradicionales pero con lenguaje e ideas que abrazan lo contempor\u00e1neo.<\/p>\n<\/div>\n<div class=\"sc-45461e9c-0 eqiBeF container-text text-embed \" id=\"element-body-16\" readability=\"67\">\n<p>Los cuerpos que aparecen son no hegem\u00f3nicos: parten de una b\u00fasqueda abstracta, est\u00e1n fragmentados, no responden a una proporci\u00f3n. Delineados con carbonilla, \u00f3leo y en esculturas, ponen en tensi\u00f3n la mirada, la luz y la sombra, sobre un tel\u00f3n que es obra en s\u00ed misma: est\u00e1 intervenida y borrada con goma, resultando en un dibujo blanco y negro trash.<\/p>\n<\/div>\n<div class=\"sc-45461e9c-0 eqiBeF container-text text-embed \" id=\"element-body-17\" readability=\"61\">\n<p>Hay un ser que de lejos parece un perrito en una de esas posiciones amigables, como acerc\u00e1ndose a olfatear, con gesto sociable y tierno. Fue la forma de esta muestra de invitar a la gente a acercarse.<\/p>\n<\/div>\n<p><h2>Oblicuo<\/h2>\n<\/p>\n<div class=\"sc-45461e9c-0 eqiBeF container-text text-embed \" id=\"element-body-19\" readability=\"65\">\n<p>Un colectivo de <strong>cuatro artistas formados en La Plata<\/strong>. Sobre una escenograf\u00eda de peluche en el stand es que se unen sus propuestas. Hay obras escult\u00f3ricas de casas llenas de moho, que remiten a la Patagonia, donde se cri\u00f3 su autor \u2013el artista Emanuel Reyes\u2013: \u201ccuando se va la nieve all\u00e1 hay una invasi\u00f3n del musgo, de lo natural queriendo recuperar el espacio habitado por el hombre. <strong>La obra es una cr\u00edtica a la invasi\u00f3n, al cambio clim\u00e1tico y los incendios intencionales en el territorio<\/strong>, vinculados a la construcci\u00f3n de mansiones y hoteles\u201d.<\/p>\n<\/div>\n<div class=\"sc-98b114a2-0 bkqiHH image-embed image-embed \" id=\"element-body-20\"><picture class=\"sc-98b114a2-1 jRUlDm\"><source media=\"(min-width: 975px)\" width=\"720\" height=\"480\" srcset=\"http:\/\/cordobateve.net\/wp-content\/uploads\/2026\/08\/plateada-siete-proyectos-artisticos-para-descubrir-en-la-feria-de-arte-contemporaneo-de-la-plata-4.jpg\"><img alt=\"La cuarta edici\u00f3n de la feria de arte contempor\u00e1neo Plateada en el Teatro Argentino de La Plata. Foto: redes sociales.\" loading=\"eager\" width=\"720\" height=\"480\" decoding=\"async\" data-nimg=\"1\" src=\"http:\/\/cordobateve.net\/wp-content\/uploads\/2026\/08\/plateada-siete-proyectos-artisticos-para-descubrir-en-la-feria-de-arte-contemporaneo-de-la-plata-4.jpg\"><span class=\"epigraphe\" aria-hidden=\"true\">La cuarta edici\u00f3n de la feria de arte contempor\u00e1neo Plateada en el Teatro Argentino de La Plata. Foto: redes sociales.<\/span><span class=\"picture-open\"><button class=\"open-image\" aria-label=\"Open Image\"><\/button><\/span><\/picture><\/div>\n<div class=\"sc-45461e9c-0 eqiBeF container-text text-embed \" id=\"element-body-21\" readability=\"72\">\n<p>Detr\u00e1s de esta instalaci\u00f3n, las pinturas de \u00c1ngeles Fiora, de t\u00e9cnicas mixtas para altares intimistas: un ba\u00f1o y una cocina familiar, el retrato de c\u00f3mo est\u00e1n dispuestos los platos por su madre. \u201cMe interesan como momentos de aura, un cachito de fe entre tanta hostilidad, lo sagrado en lo cotidiano\u201d, dice. A su lado, las pinturas del dise\u00f1ador Fernando Bisignani, rombos y cuadrados abstractos que hablan del tiempo que corre, tapan y niegan marcas a lo largo del proceso, y establecen encuadres que recortan y dejan cosas afuera a prop\u00f3sito: \u201cLa s\u00edntesis siempre tiene que estar en juego, no lo simple pero s\u00ed como proceso que atraviesa lo complejo\u201d, exclama.<\/p>\n<\/div>\n<div class=\"sc-45461e9c-0 eqiBeF container-text text-embed \" id=\"element-body-22\" readability=\"63\">\n<p>Por \u00faltimo, la presencia de Selva Goeta completa el stand con odas al detalle, que son impresos con volumen y sin tinta sobre papel, inspirados en la arquitectura platense y el paisaje rural. Hay que acercarse, y se develan entonces las obras y tramas.<\/p>\n<\/div>\n<p><h2>Selvanegra<\/h2>\n<\/p>\n<div class=\"sc-45461e9c-0 eqiBeF container-text text-embed \" id=\"element-body-24\" readability=\"62\">\n<p>La galer\u00eda <strong>porte\u00f1a <\/strong>trae a la feria <strong>un solo show de la platense Agustina Girardi<\/strong> que es muy teatral; con <strong>serigraf\u00edas <\/strong>que homenajean la novela norteamericana <em>Stone Butch Blues<\/em>, y a sus citas como \u201csu leyenda la preced\u00eda\u201d, que evoca al misterio y la intriga de conocer a alguien de quien ya uno ha escuchado hablar.<\/p>\n<\/div>\n<div class=\"sc-98b114a2-0 bkqiHH image-embed image-embed \" id=\"element-body-25\"><picture class=\"sc-98b114a2-1 jRUlDm\"><source media=\"(min-width: 975px)\" width=\"720\" height=\"480\" srcset=\"http:\/\/cordobateve.net\/wp-content\/uploads\/2026\/08\/plateada-siete-proyectos-artisticos-para-descubrir-en-la-feria-de-arte-contemporaneo-de-la-plata-5.jpg\"><img alt=\"La cuarta edici\u00f3n de la feria de arte contempor\u00e1neo Plateada en el Teatro Argentino de La Plata. Foto: redes sociales.\" loading=\"eager\" width=\"720\" height=\"480\" decoding=\"async\" data-nimg=\"1\" src=\"http:\/\/cordobateve.net\/wp-content\/uploads\/2026\/08\/plateada-siete-proyectos-artisticos-para-descubrir-en-la-feria-de-arte-contemporaneo-de-la-plata-5.jpg\"><span class=\"epigraphe\" aria-hidden=\"true\">La cuarta edici\u00f3n de la feria de arte contempor\u00e1neo Plateada en el Teatro Argentino de La Plata. Foto: redes sociales.<\/span><span class=\"picture-open\"><button class=\"open-image\" aria-label=\"Open Image\"><\/button><\/span><\/picture><\/div>\n<div class=\"sc-45461e9c-0 eqiBeF container-text text-embed \" id=\"element-body-26\" readability=\"66\">\n<p>Tambi\u00e9n hay diamantes, retratos de amantes, guantes oscuros con u\u00f1as filosas doradas y sus rayos brillantes que rasgan la pared, y un video proyectado del andar de la artista por el cementerio. Hay una \u201cl\u00e1pida\u201d, que dice en italiano con amor, tus afectos, y un retrato al \u201cderecho al infierno\u201d que asume con humor \u201cpecados\u201d por las primeras conversaciones subidas de tono en Internet en una tipolog\u00eda de Nokia 1100 ba\u00f1ada en glitter.<\/p>\n<\/div>\n<p><h2>Ministerio La Pavada<\/h2>\n<\/p>\n<div class=\"sc-45461e9c-0 eqiBeF container-text text-embed \" id=\"element-body-28\" readability=\"61\">\n<p><strong>\u201cSe cerraban todos los ministerios y dijimos: abramos uno\u201d<\/strong>, dicen riendo Sof\u00eda Falbo, Pierina Nochetti y Flore Rodriguez, artistas y gestoras <strong>de Necochea y La Plata.<\/strong><\/p>\n<\/div>\n<div class=\"sc-45461e9c-0 eqiBeF container-text text-embed \" id=\"element-body-29\" readability=\"63\">\n<p>Son las impulsoras de este proyecto itinerante nacido en 2023 en el contexto de la asunci\u00f3n de Milei, con la idea de <strong>\u201cjuntarse a hacer por hacer, e incluso no hacer, porque hubo gente que vino a estar con nosotras en el taller sin hacer porque estaba cansada\u201d<\/strong>, cuentan.<\/p>\n<\/div>\n<div class=\"sc-45461e9c-0 eqiBeF container-text text-embed \" id=\"element-body-30\" readability=\"63\">\n<p>Con el esp\u00edritu de reunirse para la creaci\u00f3n colectiva, produjeron textil, serigraf\u00eda, hasta poemas bordados con citas a Sbarra como \u201cDe todo lo que conozco quiero m\u00e1s\u201c, y todo luce aqu\u00ed muy bien.<\/p>\n<\/div>\n<div class=\"sc-98b114a2-0 bkqiHH image-embed image-embed \" id=\"element-body-31\"><picture class=\"sc-98b114a2-1 jRUlDm\"><source media=\"(min-width: 975px)\" width=\"720\" height=\"480\" srcset=\"http:\/\/cordobateve.net\/wp-content\/uploads\/2026\/08\/plateada-siete-proyectos-artisticos-para-descubrir-en-la-feria-de-arte-contemporaneo-de-la-plata-6.jpg\"><img alt=\"La cuarta edici\u00f3n de la feria de arte contempor\u00e1neo Plateada en el Teatro Argentino de La Plata. Foto: redes sociales.\" loading=\"eager\" width=\"720\" height=\"480\" decoding=\"async\" data-nimg=\"1\" src=\"http:\/\/cordobateve.net\/wp-content\/uploads\/2026\/08\/plateada-siete-proyectos-artisticos-para-descubrir-en-la-feria-de-arte-contemporaneo-de-la-plata-6.jpg\"><span class=\"epigraphe\" aria-hidden=\"true\">La cuarta edici\u00f3n de la feria de arte contempor\u00e1neo Plateada en el Teatro Argentino de La Plata. Foto: redes sociales.<\/span><span class=\"picture-open\"><button class=\"open-image\" aria-label=\"Open Image\"><\/button><\/span><\/picture><\/div>\n<p><h2>Galer\u00eda Tiempo<\/h2>\n<\/p>\n<div class=\"sc-45461e9c-0 eqiBeF container-text text-embed \" id=\"element-body-33\" readability=\"64\">\n<p>El proyecto <strong>porte\u00f1o <\/strong>mont\u00f3 aqu\u00ed<strong> una serie titulada <em>Mi mar, <\/em>de la artista rusa Anna Solo<\/strong>, que decidi\u00f3 irse de su pa\u00eds en contexto de la guerra y ahora reside en Buenos Aires. <strong>Trabajaba en un laboratorio de qu\u00edmica, all\u00ed aprendi\u00f3 a generar esmaltes propios <\/strong>y de ellos est\u00e1n ba\u00f1adas unas esculturas de medusas que se pegan con arena y hasta membranas de vidrio que brillan a la luz de los reflectores ultravioleta. La serie habla de la \u201cp\u00e9rdida del suelo\u201d, de migrar.<\/p>\n<\/div>\n<div class=\"sc-45461e9c-0 eqiBeF container-text text-embed \" id=\"element-body-34\" readability=\"68\">\n<p>\u201cLa medusa representa el fluir, el desplazamiento para sobrevivir m\u00e1s all\u00e1 del sentimiento de p\u00e9rdida, que permanece, y la conexi\u00f3n con el mundo a partir de ese movimiento\u201d, ensayan la artista y la galerista. A partir de las medusas, estos animales de una belleza tan curiosa y distinta, cuyos retratos protagonizan el stand, la pr\u00e1ctica de Solo medita sobre la naturaleza humana y los mundos interiores, sobre la mudanza como libertad.<\/p>\n<\/div>\n<p><h2>Lapontiana<\/h2>\n<\/p>\n<div class=\"sc-45461e9c-0 eqiBeF container-text text-embed \" id=\"element-body-36\" readability=\"67\">\n<p>Galer\u00eda de <strong>General Villegas<\/strong> que mont\u00f3<strong> un sci-fi de paleta g\u00f3tica<\/strong>, en el di\u00e1logo entre trabajos de tres artistas: Javier Fern\u00e1ndez, con textiles hechos de materiales recuperados; Laura Saskor, con \u00f3leos de escenarios naturales, y Penny Di Roma, con seres hechos de biomateriales \u2013como arcillas de papel, cera y cristales cultivados en su propio taller\u2013, para explorar la transformaci\u00f3n como concepto.<\/p>\n<\/div>\n","protected":false},"excerpt":{"rendered":"<p>La cuarta edici\u00f3n de la feria de arte contempor\u00e1neo Plateadaempez\u00f3 el viernes, en un d\u00eda soleado y luminoso que la feria aprovech\u00f3 gracias a la posibilidad de montar la puesta en el hall principal y las plazas secas vidriadas del Teatro Argentino de La Plata. Organizada por el Museo Provincial de Bellas Artes Emilio Pettoruti, [&hellip;]<\/p>\n","protected":false},"author":1,"featured_media":133147,"comment_status":"closed","ping_status":"closed","sticky":false,"template":"","format":"standard","meta":[],"categories":[22],"tags":[],"_links":{"self":[{"href":"http:\/\/cordobateve.net\/index.php\/wp-json\/wp\/v2\/posts\/133146"}],"collection":[{"href":"http:\/\/cordobateve.net\/index.php\/wp-json\/wp\/v2\/posts"}],"about":[{"href":"http:\/\/cordobateve.net\/index.php\/wp-json\/wp\/v2\/types\/post"}],"author":[{"embeddable":true,"href":"http:\/\/cordobateve.net\/index.php\/wp-json\/wp\/v2\/users\/1"}],"replies":[{"embeddable":true,"href":"http:\/\/cordobateve.net\/index.php\/wp-json\/wp\/v2\/comments?post=133146"}],"version-history":[{"count":0,"href":"http:\/\/cordobateve.net\/index.php\/wp-json\/wp\/v2\/posts\/133146\/revisions"}],"wp:featuredmedia":[{"embeddable":true,"href":"http:\/\/cordobateve.net\/index.php\/wp-json\/wp\/v2\/media\/133147"}],"wp:attachment":[{"href":"http:\/\/cordobateve.net\/index.php\/wp-json\/wp\/v2\/media?parent=133146"}],"wp:term":[{"taxonomy":"category","embeddable":true,"href":"http:\/\/cordobateve.net\/index.php\/wp-json\/wp\/v2\/categories?post=133146"},{"taxonomy":"post_tag","embeddable":true,"href":"http:\/\/cordobateve.net\/index.php\/wp-json\/wp\/v2\/tags?post=133146"}],"curies":[{"name":"wp","href":"https:\/\/api.w.org\/{rel}","templated":true}]}}