{"id":133165,"date":"2026-08-31T17:59:26","date_gmt":"2026-08-31T17:59:26","guid":{"rendered":"http:\/\/cordobateve.net\/index.php\/2026\/08\/31\/se-cumplen-tres-anos-de-la-muerte-de-silvina-luna-quien-es-la-mendocina-que-la\/"},"modified":"2026-08-31T17:59:26","modified_gmt":"2026-08-31T17:59:26","slug":"se-cumplen-tres-anos-de-la-muerte-de-silvina-luna-quien-es-la-mendocina-que-la","status":"publish","type":"post","link":"http:\/\/cordobateve.net\/index.php\/2026\/08\/31\/se-cumplen-tres-anos-de-la-muerte-de-silvina-luna-quien-es-la-mendocina-que-la\/","title":{"rendered":"Se cumplen tres a\u00f1os de la muerte de Silvina Luna: qui\u00e9n es la mendocina que la &#8230;"},"content":{"rendered":"<p>Seg\u00fan trascendi\u00f3, quien har\u00e1 de Silvina Luna en la docuserie que prepara <b>Netflix<\/b> ser\u00e1 una mendocina que se hizo popular en &quot;Gran Hermano &#8230; TV). <\/p>\n","protected":false},"excerpt":{"rendered":"<p>Seg\u00fan trascendi\u00f3, quien har\u00e1 de Silvina Luna en la docuserie que prepara Netflix ser\u00e1 una mendocina que se hizo popular en &quot;Gran Hermano &#8230; TV).<\/p>\n","protected":false},"author":1,"featured_media":0,"comment_status":"closed","ping_status":"closed","sticky":false,"template":"","format":"standard","meta":[],"categories":[23],"tags":[],"_links":{"self":[{"href":"http:\/\/cordobateve.net\/index.php\/wp-json\/wp\/v2\/posts\/133165"}],"collection":[{"href":"http:\/\/cordobateve.net\/index.php\/wp-json\/wp\/v2\/posts"}],"about":[{"href":"http:\/\/cordobateve.net\/index.php\/wp-json\/wp\/v2\/types\/post"}],"author":[{"embeddable":true,"href":"http:\/\/cordobateve.net\/index.php\/wp-json\/wp\/v2\/users\/1"}],"replies":[{"embeddable":true,"href":"http:\/\/cordobateve.net\/index.php\/wp-json\/wp\/v2\/comments?post=133165"}],"version-history":[{"count":0,"href":"http:\/\/cordobateve.net\/index.php\/wp-json\/wp\/v2\/posts\/133165\/revisions"}],"wp:attachment":[{"href":"http:\/\/cordobateve.net\/index.php\/wp-json\/wp\/v2\/media?parent=133165"}],"wp:term":[{"taxonomy":"category","embeddable":true,"href":"http:\/\/cordobateve.net\/index.php\/wp-json\/wp\/v2\/categories?post=133165"},{"taxonomy":"post_tag","embeddable":true,"href":"http:\/\/cordobateve.net\/index.php\/wp-json\/wp\/v2\/tags?post=133165"}],"curies":[{"name":"wp","href":"https:\/\/api.w.org\/{rel}","templated":true}]}}