{"id":133205,"date":"2026-08-31T21:02:32","date_gmt":"2026-08-31T21:02:32","guid":{"rendered":"https:\/\/www.clarin.com\/cultura\/poesia-herramienta-recuperar-lengua-mapuche-lanzan-concurso-antologia_0_QnZq60ky1C.html"},"modified":"2026-08-31T21:02:32","modified_gmt":"2026-08-31T21:02:32","slug":"la-poesia-como-herramienta-para-recuperar-la-lengua-mapuche-lanzan-un-concurso-y-una-antologia","status":"publish","type":"post","link":"http:\/\/cordobateve.net\/index.php\/2026\/08\/31\/la-poesia-como-herramienta-para-recuperar-la-lengua-mapuche-lanzan-un-concurso-y-una-antologia\/","title":{"rendered":"La poes\u00eda como herramienta para recuperar la lengua mapuche: lanzan un concurso y una antolog\u00eda"},"content":{"rendered":"<p><img src=\"http:\/\/cordobateve.net\/wp-content\/uploads\/2026\/09\/la-poesia-como-herramienta-para-recuperar-la-lengua-mapuche-lanzan-un-concurso-y-una-antologia.jpg\"><\/p>\n<div><img src=\"http:\/\/cordobateve.net\/wp-content\/uploads\/2026\/09\/la-poesia-como-herramienta-para-recuperar-la-lengua-mapuche-lanzan-un-concurso-y-una-antologia-2.jpg\" class=\"ff-og-image-inserted\"><\/div>\n<div id=\"element-body-0\" readability=\"58.982142857143\">\n<p>Con el prop\u00f3sito de alentar la <strong><a href=\"https:\/\/www.clarin.com\/cultura\/traducir-existir-literatura-argentina-construyo-lenguas_0_LLaJ5EF7gt.html\" target=\"_blank\" title=\"producci\u00f3n \" alt=\"producci\u00f3n \" rel=\"noopener noreferrer\">producci\u00f3n <\/a>po\u00e9tica en lengua <a href=\"https:\/\/www.clarin.com\/cultura\/lenguas-cuentan-proyecto-transmedia-invita-chicos-conocer-lenguas-originarias_0_8uUPUxnUHF.html\" target=\"_blank\" title=\"mapuche \" alt=\"mapuche \" rel=\"noopener noreferrer\">mapuche <\/a><\/strong>y fortalecer la transmisi\u00f3n del patrimonio ling\u00fc\u00edstico y cultural de esa naci\u00f3n, la <strong>editorial Yzur<\/strong>, junto a la <strong>Facultad de Lenguas de la Universidad Nacional del Comahue (UNCo), <\/strong>recibir\u00e1n hasta el 30 de noviembre manuscritos de autores que quieran participar del<strong> \u201c1\u00b0 Concurso de <a href=\"https:\/\/www.clarin.com\/cultura\/camilo-ballena-ganador-premio-poesia-indigena-argentina_0_NMDNJGDNUs.html\" target=\"_blank\" title=\"poes\u00eda \" alt=\"poes\u00eda \" rel=\"noopener noreferrer\">poes\u00eda <\/a>en lengua mapuche 2026\u201d.<\/strong><\/p>\n<\/div>\n<div id=\"element-body-2\" readability=\"60.004662004662\">\n<p>La convocatoria est\u00e1 destinada a <strong><a href=\"https:\/\/www.clarin.com\/poesia\/roxana-miranda-rupailaf-poeta-mapuche-chilena_0_S1xIhhGjDXx.html\" target=\"_blank\" title=\"autores \" alt=\"autores \" rel=\"noopener noreferrer\">autores <\/a>y autoras mayores de 18 a\u00f1os, que residan en Wallmapu<\/strong> o que hayan nacido en ese territorio. Wallmapu es el nombre del territorio que los mapuches habitan o habitaron hist\u00f3ricamente en el Cono Sur de Am\u00e9rica del Sur: desde el r\u00edo Limar\u00ed por el norte hasta el archipi\u00e9lago de Chilo\u00e9 por el sur y desde el centro y sur del interior de la provincia de Buenos Aires hasta la Patagonia.<\/p>\n<\/div>\n<div id=\"element-body-3\" readability=\"59\">\n<p>Las <strong>poes\u00edas <\/strong>seleccionadas formar\u00e1n parte de una <strong>antolog\u00eda biling\u00fce<\/strong> publicada por Editorial Yzur, con pr\u00f3logo de la Facultad de Lenguas de la UNCo.<\/p>\n<\/div>\n<div id=\"element-body-4\" readability=\"68\">\n<p><strong>La decana de la Facultad de Lenguas de la UNCo, Mar\u00eda Mare, <\/strong>explica que la casa de estudios fue convocada por la editorial \u00aba partir del trabajo que venimos sosteniendo hace mucho tiempo\u00bb y explica a <strong>Clar\u00edn <\/strong>que ese trabajo toma cuerpo, por un lado, desde la <strong>c\u00e1tedra libre de Lengua y cultura mapuche<\/strong> y, por el otro, en un <strong>proyecto de extensi\u00f3n que cuenta con la participaci\u00f3n de Kizu I\u00f1ci\u00f1<\/strong>, una organizaci\u00f3n de docentes, estudiantes y activistas mapuches dentro de la universidad.<\/p>\n<\/div>\n<div id=\"element-body-6\" readability=\"63\">\n<p>Mare, que <strong>es doctora en Ciencias del Lenguaje y magister en Ling\u00fc\u00edstica,<\/strong> se especializa en Ling\u00fc\u00edstica diacr\u00f3nica y explica que el concurso <strong>busca generar \u00abuna obra colectiva de recuperaci\u00f3n de muchas voces<\/strong> e intenta<strong> visibilizar en distintos espacios la lengua mapuche <\/strong>y el hecho de que hay much\u00edsimas personas que la hablan, que realizan producciones en esta lengua\u00bb.<\/p>\n<\/div>\n<div id=\"element-body-8\" readability=\"60\">\n<p>La decana Mare explica que<strong> la lengua mapuche no es una rareza<\/strong>: \u00abEn las universidades de la regi\u00f3n hay much\u00edsimos miembros de la naci\u00f3n mapuche estudiando y trabajando. Muchos de ellos hablan la lengua, <strong>a veces es dif\u00edcil enterarse o identificarlos<\/strong>\u00ab.<\/p>\n<\/div>\n<div id=\"element-body-9\" readability=\"62\">\n<p>A ellos se suman, subraya la acad\u00e9mica, \u00abmuch\u00edsimas personas que forman parte de las instituciones educativas, que se pueden ver interpeladas\u00bb y por eso propone<strong> \u00abuna pol\u00edtica ling\u00fc\u00edstica diferente de parte de esas instituciones educativas\u00bb.<\/strong><\/p>\n<\/div>\n<div id=\"element-body-10\" readability=\"63\">\n<p>Mare recuerda que <strong>las \u00abinstituciones educativas jugaron un rol fundamental para que la lengua llegara a ese lugar de retracci\u00f3n<\/strong> y dejara de utilizarse en los espacios p\u00fablicos. Y esto sucedi\u00f3 en poco tiempo, en menos de 140 a\u00f1os, que es muy poco tiempo para los procesos de las lenguas, lo que da cuenta de que fue un proceso bastante brutal\u00bb.<\/p>\n<\/div>\n<div id=\"element-body-11\" readability=\"64\">\n<p>Por eso, <strong>la UNCo propone que sean esas mismas instituciones las que ayuden ahora a revertir ese proceso<\/strong>: \u00abHay muchas acciones que se pueden hacer y creemos que esta convocatoria suma, es un granito m\u00e1s de arena para visibilizar la lengua, <strong>para que haya m\u00e1s gente que se anime a estudiarla, que haya m\u00e1s hablantes que quieran ense\u00f1arla y compartirla<\/strong>\u00ab.<\/p>\n<\/div>\n<div id=\"element-body-13\" readability=\"68\">\n<p>La decana Mare cuenta a <strong>Clar\u00edn <\/strong>que, de la mano de los proyectos que tienen en curso en distintos lugares del territorio, encuentran \u00ab<strong>tanto en contextos rurales como en contextos urbanos, hablantes de Mapuzh\u00fan<\/strong>, y, sobre todo, vemos que<strong> hay muchos j\u00f3venes que est\u00e1n haciendo el trabajo de recuperaci\u00f3n<\/strong> de la lengua, que est\u00e1 en un estado de retracci\u00f3n, porque ha perdido la transmisi\u00f3n generacional\u00bb.<\/p>\n<\/div>\n<div id=\"element-body-14\" readability=\"63\">\n<p>Esos j\u00f3venes tambi\u00e9n son potenciales poetas: <strong>\u00abSabemos que muchos escriben canciones, poes\u00edas y dem\u00e1s,<\/strong> as\u00ed que creemos que es un buen espacio para visibilizar, para que haya tambi\u00e9n m\u00e1s materiales para su estudio en aulas, en institutos y en distintos espacios\u00bb.<\/p>\n<\/div>\n<div id=\"element-body-15\" readability=\"71\">\n<p>Por su parte, <strong>la editorial Yzur es un sello independiente fundado en 2020, que ya cuenta con m\u00e1s de 150 t\u00edtulos<\/strong>, con fuerte impronta en producciones de La Pampa, R\u00edo Negro, Neuqu\u00e9n, Chubut y Santa Cruz. Junto a la casa de estudios, ha editado una versi\u00f3n gratuita del libro \u00e1lbum <em>Libertad, esa rara, <\/em>traducido al ingl\u00e9s por docentes y estudiantes de esa universidad, y lleva adelante un acuerdo conjunto de traducci\u00f3n de distintas obras de la colecci\u00f3n <em>\u201cPatagonia G\u00f3tica\u201d<\/em>, actualmente en proceso.<\/p>\n<\/div>\n<div id=\"element-body-18\" readability=\"60\">\n<p>Las obras podr\u00e1n enviarse<strong> desde el 1 de septiembre hasta el 30 de noviembre inclusive<\/strong>. Se recibir\u00e1n hasta seis poemas por autor, escritos en cualquiera de los <strong>grafemarios <\/strong>de la naci\u00f3n mapuche con su respectiva versi\u00f3n en espa\u00f1ol.<\/p>\n<\/div>\n<div id=\"element-body-19\" readability=\"63\">\n<p>Seg\u00fan informaron los organizadores del certamen, \u201cel objetivo del concurso es promover la creaci\u00f3n, difusi\u00f3n y valoraci\u00f3n de la poes\u00eda escrita en lengua mapuzugun \/ mapuchezungun \/ chezugun, as\u00ed como <strong>incentivar la producci\u00f3n literaria<\/strong> como una forma de fortalecimiento y transmisi\u00f3n del patrimonio ling\u00fc\u00edstico y cultural de la naci\u00f3n mapuche\u201d.<\/p>\n<\/div>\n<div id=\"element-body-21\" readability=\"50.455172413793\">\n<p><strong>Para consultar bases y condiciones, ingresar a la <a href=\"https:\/\/www.yzurlibros.com\" target=\"_blank\" title=\"web \" alt=\"web \" rel=\"noopener noreferrer\">web <\/a>de la editorial o al <a href=\"https:\/\/yzurlibros.com\/concurso-de-poesia-en-lengua-mapuche\" target=\"_blank\" title=\"formulario oficial\" alt=\"formulario oficial\" rel=\"noopener noreferrer\">formulario oficial<\/a>. Tambi\u00e9n se puede escribir a yzurlibros@gmail.com.<\/strong><\/p>\n<\/div>\n","protected":false},"excerpt":{"rendered":"<p>Con el prop\u00f3sito de alentar la producci\u00f3n po\u00e9tica en lengua mapuche y fortalecer la transmisi\u00f3n del patrimonio ling\u00fc\u00edstico y cultural de esa naci\u00f3n, la editorial Yzur, junto a la Facultad de Lenguas de la Universidad Nacional del Comahue (UNCo), recibir\u00e1n hasta el 30 de noviembre manuscritos de autores que quieran participar del \u201c1\u00b0 Concurso de [&hellip;]<\/p>\n","protected":false},"author":1,"featured_media":133206,"comment_status":"closed","ping_status":"closed","sticky":false,"template":"","format":"standard","meta":[],"categories":[22],"tags":[],"_links":{"self":[{"href":"http:\/\/cordobateve.net\/index.php\/wp-json\/wp\/v2\/posts\/133205"}],"collection":[{"href":"http:\/\/cordobateve.net\/index.php\/wp-json\/wp\/v2\/posts"}],"about":[{"href":"http:\/\/cordobateve.net\/index.php\/wp-json\/wp\/v2\/types\/post"}],"author":[{"embeddable":true,"href":"http:\/\/cordobateve.net\/index.php\/wp-json\/wp\/v2\/users\/1"}],"replies":[{"embeddable":true,"href":"http:\/\/cordobateve.net\/index.php\/wp-json\/wp\/v2\/comments?post=133205"}],"version-history":[{"count":0,"href":"http:\/\/cordobateve.net\/index.php\/wp-json\/wp\/v2\/posts\/133205\/revisions"}],"wp:featuredmedia":[{"embeddable":true,"href":"http:\/\/cordobateve.net\/index.php\/wp-json\/wp\/v2\/media\/133206"}],"wp:attachment":[{"href":"http:\/\/cordobateve.net\/index.php\/wp-json\/wp\/v2\/media?parent=133205"}],"wp:term":[{"taxonomy":"category","embeddable":true,"href":"http:\/\/cordobateve.net\/index.php\/wp-json\/wp\/v2\/categories?post=133205"},{"taxonomy":"post_tag","embeddable":true,"href":"http:\/\/cordobateve.net\/index.php\/wp-json\/wp\/v2\/tags?post=133205"}],"curies":[{"name":"wp","href":"https:\/\/api.w.org\/{rel}","templated":true}]}}