{"id":133207,"date":"2026-08-31T18:11:24","date_gmt":"2026-08-31T18:11:24","guid":{"rendered":"https:\/\/www.clarin.com\/cultura\/bada-2026-100-mil-visitantes-ventas-fuerte-interes-obras-accesibles_0_NU4gNal2tg.html"},"modified":"2026-08-31T18:11:24","modified_gmt":"2026-08-31T18:11:24","slug":"bada-2026-mas-de-100-mil-visitantes-menos-ventas-y-un-fuerte-interes-por-las-obras-accesibles","status":"publish","type":"post","link":"http:\/\/cordobateve.net\/index.php\/2026\/08\/31\/bada-2026-mas-de-100-mil-visitantes-menos-ventas-y-un-fuerte-interes-por-las-obras-accesibles\/","title":{"rendered":"BADA 2026: m\u00e1s de 100 mil visitantes, menos ventas y un fuerte inter\u00e9s por las obras accesibles"},"content":{"rendered":"<p><img src=\"http:\/\/cordobateve.net\/wp-content\/uploads\/2026\/09\/bada-2026-mas-de-100-mil-visitantes-menos-ventas-y-un-fuerte-interes-por-las-obras-accesibles.jpg\"><\/p>\n<div class=\"sc-45461e9c-0 eqiBeF container-text text-embed \" id=\"element-body-0\" readability=\"62.022471910112\">\n<p><strong><a href=\"https:\/\/www.clarin.com\/zonales\/feria-arte-elimino-intermediarios-trae-rural-obras-promesas-pintura-ceramistas-arquitectos_0_d5dBCz2Eiu.html\" target=\"_blank\" title=\"BADA \" alt=\"BADA \" rel=\"noopener noreferrer\">BADA <\/a><\/strong>cerr\u00f3 sus puertas en el Pabell\u00f3n Verde de La Rural, este domingo, con <strong>menos ventas y m\u00e1s afluencia de p\u00fablico<\/strong>. Sin duda, la <strong>Feria de Arte directa del <a href=\"https:\/\/www.clarin.com\/cultura\/feria-bada-anos-dialogo-fructifero-artistas-publico_0_om6iugBN8y.html\" target=\"_blank\" title=\"artista\" alt=\"artista\" rel=\"noopener noreferrer\">artista<\/a> al comprador<\/strong> se ha convertido en un paseo convocante, sobre todo de un p\u00fablico joven interesado en aproximarse a las artes pl\u00e1sticas y con intenci\u00f3n de comprar a precios m\u00e1s accesibles.<\/p>\n<\/div>\n<div class=\"sc-98b114a2-0 bkqiHH image-embed image-embed \" id=\"element-body-1\"><picture class=\"sc-98b114a2-1 jRUlDm\"><source media=\"(min-width: 975px)\" width=\"720\" height=\"480\" srcset=\"http:\/\/cordobateve.net\/wp-content\/uploads\/2026\/09\/bada-2026-mas-de-100-mil-visitantes-menos-ventas-y-un-fuerte-interes-por-las-obras-accesibles-2.jpg\"><img alt=\"BADA 2026: m\u00e1s de 100 mil visitantes, menos ventas y un fuerte inter\u00e9s por las obras accesibles. Foto: gentileza.\" loading=\"eager\" width=\"720\" height=\"480\" decoding=\"async\" data-nimg=\"1\" src=\"http:\/\/cordobateve.net\/wp-content\/uploads\/2026\/09\/bada-2026-mas-de-100-mil-visitantes-menos-ventas-y-un-fuerte-interes-por-las-obras-accesibles-2.jpg\"><span class=\"epigraphe\" aria-hidden=\"true\">BADA 2026: m\u00e1s de 100 mil visitantes, menos ventas y un fuerte inter\u00e9s por las obras accesibles. Foto: gentileza.<\/span><span class=\"picture-open\"><button class=\"open-image\" aria-label=\"Open Image\"><\/button><\/span><\/picture><\/div>\n<div class=\"sc-45461e9c-0 eqiBeF container-text text-embed \" id=\"element-body-2\" readability=\"69\">\n<p>La recorrida de <strong>Clar\u00edn<\/strong>, el \u00faltimo d\u00eda de BADA, arroja varios datos: ya <strong>est\u00e1 instalada en el calendario cultural porte\u00f1o <\/strong>como un evento masivo,<strong> hubo menos ventas<\/strong> de obras de mayor precio, se registraron<strong> m\u00e1s ventas de obras de precios bajos<\/strong>, y fue una edici\u00f3n recesiva, es decir, no se desmarc\u00f3 de la situaci\u00f3n econ\u00f3mica general que solo sortean, con desigual suerte, los espacios gastron\u00f3micos siempre a full.<\/p>\n<\/div>\n<div class=\"sc-45461e9c-0 eqiBeF container-text text-embed \" id=\"element-body-3\" readability=\"59\">\n<p>El valor de las piezas en los stands de los<strong> 300 artistas<\/strong> iba<strong> desde los 60 d\u00f3lares a los 4.000 y m\u00e1s<\/strong>, dependiendo de los materiales y las dimensiones.<\/p>\n<\/div>\n<div class=\"sc-45461e9c-0 eqiBeF container-text text-embed \" id=\"element-body-4\" readability=\"55.548387096774\">\n<p>A los artistas invitados \u2013entre otros, <strong><a href=\"https:\/\/www.clarin.com\/cultura\/messi-paredes-seleccion-imagenes-mundial-sofia-winazki-convirtio-acuarelas_0_L9i7ROWu89.html\" target=\"_blank\" title=\"Sof\u00eda Wi\u00f1azki\" alt=\"Sof\u00eda Wi\u00f1azki\" rel=\"noopener noreferrer\">Sof\u00eda Wi\u00f1azki<\/a>, <a href=\"https:\/\/www.clarin.com\/revista-n\/sur-porteno-prodigio-arte-actual_0_8HRbPiVgmZ.html\" target=\"_blank\" title=\"Sara Stewart Brown\" alt=\"Sara Stewart Brown\" rel=\"noopener noreferrer\">Sara Stewart Brown<\/a>, Barbara Lanata<\/strong> (hija del inolvidable Jorge Lanata), quien expuso por primera vez su obra fotogr\u00e1fica\u2013<strong> se les pidi\u00f3 que tuvieran 10 obras a 100 d\u00f3lares<\/strong> y luego pod\u00edan vender por distintos precios.<\/p>\n<\/div>\n<p><h2>Tres artistas j\u00f3venes<\/h2>\n<\/p>\n<div class=\"sc-45461e9c-0 eqiBeF container-text text-embed \" id=\"element-body-6\" readability=\"62\">\n<p>A lo largo del recorrido<strong> solo una artista nos dijo que vendi\u00f3 \u201ccomo loca\u201d. Sof\u00eda Wi\u00f1azki<\/strong> \u2013hija del c\u00e9lebre fil\u00f3sofo Miguel Wi\u00f1azki\u2013, que, luego de revisar su cuadernito, nos cont\u00f3 que <strong>le compraron alrededor de 40 obras.<\/strong> <\/p>\n<\/div>\n<div class=\"sc-45461e9c-0 eqiBeF container-text text-embed \" id=\"element-body-7\" readability=\"64\">\n<p>\u201cVend\u00ed un promedio de dos millones de pesos por d\u00eda\u201d, nos dijo con los ojos iluminados, mientras la segu\u00edan requiriendo m\u00e1s eventuales compradores en<strong> el stand que comparti\u00f3 con \u201cKiwita\u201d Stewart Brown<\/strong> (quien fue pareja de Jorge Lanata). El promedio de las obras vendidas por \u201cSofi\u201d, como la conocen, estuvo entre 100 y 400 d\u00f3lares.<\/p>\n<\/div>\n<div class=\"sc-98b114a2-0 bkqiHH image-embed image-embed \" id=\"element-body-8\"><picture class=\"sc-98b114a2-1 jRUlDm\"><source media=\"(min-width: 975px)\" width=\"720\" height=\"480\" srcset=\"http:\/\/cordobateve.net\/wp-content\/uploads\/2026\/09\/bada-2026-mas-de-100-mil-visitantes-menos-ventas-y-un-fuerte-interes-por-las-obras-accesibles-3.jpg\"><img alt=\"Barbara Lanata, hija del periodista Jorge Lanata, expuso por primera vez su obra fotogr\u00e1fica. Foto: gentileza.\" loading=\"eager\" width=\"720\" height=\"480\" decoding=\"async\" data-nimg=\"1\" src=\"http:\/\/cordobateve.net\/wp-content\/uploads\/2026\/09\/bada-2026-mas-de-100-mil-visitantes-menos-ventas-y-un-fuerte-interes-por-las-obras-accesibles-3.jpg\"><span class=\"epigraphe\" aria-hidden=\"true\">Barbara Lanata, hija del periodista Jorge Lanata, expuso por primera vez su obra fotogr\u00e1fica. Foto: gentileza.<\/span><span class=\"picture-open\"><button class=\"open-image\" aria-label=\"Open Image\"><\/button><\/span><\/picture><\/div>\n<div class=\"sc-45461e9c-0 eqiBeF container-text text-embed \" id=\"element-body-9\" readability=\"61\">\n<p><strong>La obra de Stewart Brown es muy vibrante.<\/strong> Un mural inmenso de su autor\u00eda fue colocado en el primer tramo del recorrido de la Feria. Sara dej\u00f3 atr\u00e1s los papelitos diminutos en blanco que inclu\u00eda en su producci\u00f3n art\u00edstica para pasar a los colores vivos, tambi\u00e9n en peque\u00f1os cuadraditos que incorpora en soportes de distintos tama\u00f1os. <\/p>\n<\/div>\n<div class=\"sc-45461e9c-0 eqiBeF container-text text-embed \" id=\"element-body-10\" readability=\"61\">\n<p><strong>Una parte de las obras integraron su exposici\u00f3n en el espacio Barrakesh<\/strong> (vale la pena visitarlo) el a\u00f1o \u00faltimo. Kiwita vendi\u00f3 seis obras de 250 d\u00f3lares cada una. Comparando con el a\u00f1o anterior, que hab\u00eda vendido todo lo que llev\u00f3 a BADA, la diferencia este a\u00f1o fue notable.<\/p>\n<\/div>\n<div class=\"sc-45461e9c-0 eqiBeF container-text text-embed \" id=\"element-body-11\" readability=\"63\">\n<p>La <strong>organizadora de BADA, Ana Spinetto<\/strong>, se\u00f1al\u00f3 que este a\u00f1o <strong>hubo artistas de diez pa\u00edses diferentes <\/strong>y que se presentaron para participar unos 5000 artistas. <strong>Hubo, adem\u00e1s, arte digital interactivo y arte con inteligencia artificial.<\/strong> Discutible este \u00faltimo.<\/p>\n<\/div>\n<div class=\"sc-45461e9c-0 eqiBeF container-text text-embed \" id=\"element-body-12\" readability=\"63\">\n<p>\u201cSe est\u00e1 vendiendo much\u00edsimo y <strong>estamos ya arriba de los 100 mil visitantes<\/strong>. Hubo un crecimiento en la compra de fotograf\u00eda y en arte textil. En BADA se vende mucho por la diversidad de disciplinas\u201d, subray\u00f3 Spinetto ante una consulta de <strong>Clar\u00edn<\/strong>, quien agreg\u00f3 que <strong>se vendi\u00f3 mucha obra de peque\u00f1o formato<\/strong>, y que tambi\u00e9n hubo una venta por 16.000 d\u00f3lares.<\/p>\n<\/div>\n<div class=\"sc-45461e9c-0 eqiBeF container-text text-embed \" id=\"element-body-13\" readability=\"64\">\n<p>Claro que su palabra no coincide con las voces que recogimos en numerosos stands. Incluso lo confirmamos con los lunares rojos pegados en las paredes de cada stand, con los que se da cuenta de las ventas: un n\u00famero escaso en muchos de ellos. Nadie mejor que los protagonistas que se pasaron horas, durante cinco d\u00edas, en sus espacios explicando sus procesos creativos, para dar testimonio de la edici\u00f3n de este a\u00f1o.<\/p>\n<\/div>\n<div class=\"sc-45461e9c-0 eqiBeF container-text text-embed \" id=\"element-body-14\" readability=\"63\">\n<p>En BADA, <strong>el 50% de los artistas participantes llegaron por primera vez y la otra mitad ya hab\u00eda participado en otras ediciones<\/strong>. Es una Feria federal, pues hay artistas de todo el pa\u00eds. Un 40% de los artistas fue de la Ciudad de Buenos Aires y <strong>el 60% del resto del pa\u00eds, incluida la provincia de Buenos Aires.<\/strong><\/p>\n<\/div>\n<div class=\"sc-98b114a2-0 bkqiHH image-embed image-embed \" id=\"element-body-15\"><picture class=\"sc-98b114a2-1 jRUlDm\"><source media=\"(min-width: 975px)\" width=\"720\" height=\"480\" srcset=\"http:\/\/cordobateve.net\/wp-content\/uploads\/2026\/09\/bada-2026-mas-de-100-mil-visitantes-menos-ventas-y-un-fuerte-interes-por-las-obras-accesibles-4.jpg\"><img alt=\"La artista y galerista Sara Stewart Brown. Foto: gentileza.\" loading=\"eager\" width=\"720\" height=\"480\" decoding=\"async\" data-nimg=\"1\" src=\"http:\/\/cordobateve.net\/wp-content\/uploads\/2026\/09\/bada-2026-mas-de-100-mil-visitantes-menos-ventas-y-un-fuerte-interes-por-las-obras-accesibles-4.jpg\"><span class=\"epigraphe\" aria-hidden=\"true\">La artista y galerista Sara Stewart Brown. Foto: gentileza.<\/span><span class=\"picture-open\"><button class=\"open-image\" aria-label=\"Open Image\"><\/button><\/span><\/picture><\/div>\n<div class=\"sc-45461e9c-0 eqiBeF container-text text-embed \" id=\"element-body-16\" readability=\"60\">\n<p>Este a\u00f1o <strong>la Secretar\u00eda de Cultura de la Naci\u00f3n, a cargo de Leonardo Cifelli, seleccion\u00f3 nueve propuestas para el stand institucional<\/strong>. <\/p>\n<\/div>\n<div class=\"sc-45461e9c-0 eqiBeF container-text text-embed \" id=\"element-body-17\" readability=\"66\">\n<p>Surgieron del <strong>Concurso de Artistas J\u00f3venes<\/strong>. Fiel al \u201cno hay plata\u201d (salvo excepciones elegidas a dedo por el Gobierno) <strong>los gastos de traslado, alojamiento, vi\u00e1ticos, embalaje, transporte de obras, seguros e insumos para el montaje fueron responsabilidad exclusiva del artista<\/strong>. O sea que la \u00fanica ventaja de los artistas fue que <strong>no pagaron el stand<\/strong>. Este a\u00f1o los espacios costaban entre 2.000 y 4.000 d\u00f3lares. Adem\u00e1s, la Feria cobraba entrada.<\/p>\n<\/div>\n<div class=\"sc-45461e9c-0 eqiBeF container-text text-embed \" id=\"element-body-18\" readability=\"64\">\n<p>Entre los artistas seleccionados por Cultura estuvieron <strong>Samuel Paiva, de Jujuy; Mar\u00eda Alejandra Etcheverry, de San Luis; Stefania Cartasegna, de C\u00f3rdoba, y Agustina Villalba Palomino, de la provincia de Buenos Aires.<\/strong><\/p>\n<\/div>\n<div class=\"sc-98b114a2-0 bkqiHH image-embed image-embed \" id=\"element-body-19\"><picture class=\"sc-98b114a2-1 jRUlDm\"><source media=\"(min-width: 975px)\" width=\"720\" height=\"480\" srcset=\"http:\/\/cordobateve.net\/wp-content\/uploads\/2026\/09\/bada-2026-mas-de-100-mil-visitantes-menos-ventas-y-un-fuerte-interes-por-las-obras-accesibles-5.jpg\"><img alt=\"BADA 2026: m\u00e1s de 100 mil visitantes, menos ventas y un fuerte inter\u00e9s por las obras accesibles. Foto: gentileza.\" loading=\"eager\" width=\"720\" height=\"480\" decoding=\"async\" data-nimg=\"1\" src=\"http:\/\/cordobateve.net\/wp-content\/uploads\/2026\/09\/bada-2026-mas-de-100-mil-visitantes-menos-ventas-y-un-fuerte-interes-por-las-obras-accesibles-5.jpg\"><span class=\"epigraphe\" aria-hidden=\"true\">BADA 2026: m\u00e1s de 100 mil visitantes, menos ventas y un fuerte inter\u00e9s por las obras accesibles. Foto: gentileza.<\/span><span class=\"picture-open\"><button class=\"open-image\" aria-label=\"Open Image\"><\/button><\/span><\/picture><\/div>\n<div class=\"sc-45461e9c-0 eqiBeF container-text text-embed \" id=\"element-body-20\" readability=\"66\">\n<p>De camino al stand 174, donde nos esperaba la artista <strong>Angeles Estrada Vigil,<\/strong> nos encontramos con Ginette Reynal. Espl\u00e9ndida en su espacio y rodeada de sus pinturas conceptuales, le coment\u00f3 a <strong>Clar\u00edn<\/strong>: \u201cVend\u00ed poco. Pero estamos hablando de la Argentina, que en todos los rubros vende menos. <strong>Tengo 20 a\u00f1os conectada con la pintura y yo sigo apostando al pa\u00eds y a BADA. En alg\u00fan momento se revertir\u00e1<\/strong>. La gente viene y se sorprende cuando me ve como artista. Yo pinto cosas guardadas en mi alma. Esta serie que traje se llama \u201cTu sombra es tu luz\u201d. Tengo obras en acr\u00edlico, acuarela y pintura fluorescente. Mis obras est\u00e1n entre 200 y 600 d\u00f3lares, pero hoy bajo todos los precios a la mitad. Quiero que estos \u201chijos\u201d circulen y la gente se los lleve.\u201d<\/p>\n<\/div>\n<p><h2>Una artista singular<\/h2>\n<\/p>\n<div class=\"sc-45461e9c-0 eqiBeF container-text text-embed \" id=\"element-body-22\" readability=\"66\">\n<p>Y llegamos al stand de \u00c1ngeles Estrada Vigil, donde nos esperaban sus<strong> tres series sorprendentes. Se titulan \u201cAbundancia\u201d, \u201cFolk Pop\u201d y \u201cHumano Cero\u201d<\/strong>. \u201cLas tres series que construyen universos diferentes comparten una misma pregunta: <strong>\u00bfqu\u00e9 queda de lo humano detr\u00e1s de los objetos, las im\u00e1genes y los rituales de la vida contempor\u00e1nea?<\/strong>\u201d, dice \u00c1ngeles, rodeada por sus obras y acompa\u00f1ada por su marido, como carta de presentaci\u00f3n.<\/p>\n<\/div>\n<div class=\"sc-98b114a2-0 bkqiHH image-embed image-embed \" id=\"element-body-23\"><picture class=\"sc-98b114a2-1 jRUlDm\"><source media=\"(min-width: 975px)\" width=\"720\" height=\"480\" srcset=\"http:\/\/cordobateve.net\/wp-content\/uploads\/2026\/09\/bada-2026-mas-de-100-mil-visitantes-menos-ventas-y-un-fuerte-interes-por-las-obras-accesibles-6.jpg\"><img alt=\"La artista \u00c1ngeles Estrada Vigil present\u00f3 en BADA tres series sorprendentes: \u201cAbundancia\u201d, \u201cFolk Pop\u201d y \u201cHumano Cero\u201d. Foto: gentileza.\" loading=\"eager\" width=\"720\" height=\"480\" decoding=\"async\" data-nimg=\"1\" src=\"http:\/\/cordobateve.net\/wp-content\/uploads\/2026\/09\/bada-2026-mas-de-100-mil-visitantes-menos-ventas-y-un-fuerte-interes-por-las-obras-accesibles-6.jpg\"><span class=\"epigraphe\" aria-hidden=\"true\">La artista \u00c1ngeles Estrada Vigil present\u00f3 en BADA tres series sorprendentes: \u201cAbundancia\u201d, \u201cFolk Pop\u201d y \u201cHumano Cero\u201d. Foto: gentileza.<\/span><span class=\"picture-open\"><button class=\"open-image\" aria-label=\"Open Image\"><\/button><\/span><\/picture><\/div>\n<div class=\"sc-45461e9c-0 eqiBeF container-text text-embed \" id=\"element-body-24\" readability=\"61\">\n<p>Nacida en Viena, la artista ha vivido en distintos pa\u00edses (China, entre otros) y viaja constantemente por <strong>su trabajo como fot\u00f3grafa para la ONG IISD <\/strong>(International Institute for Sustentable Development).<\/p>\n<\/div>\n<div class=\"sc-45461e9c-0 eqiBeF container-text text-embed \" id=\"element-body-25\" readability=\"65\">\n<p><strong>En \u201cAbundancia\u201d, los objetos, los s\u00edmbolos populares y las figuras protectoras se acumulan<\/strong> y se transforman en peque\u00f1os universos cargados de deseo, memoria e iron\u00eda. La serie re\u00fane <strong>fotograf\u00eda, dibujo, modelado 3D y resina<\/strong>, llevando la imagen hacia una dimensi\u00f3n escult\u00f3rica.<\/p>\n<\/div>\n<div class=\"sc-45461e9c-0 eqiBeF container-text text-embed \" id=\"element-body-26\" readability=\"62\">\n<p><strong>\u201cFolk Pop\u201d despliega un territorio vibrante de flores, animales, palabras y referencias a la cultura popular<\/strong>, a trav\u00e9s del color, el collage y el gesto pict\u00f3rico.<\/p>\n<\/div>\n<div class=\"sc-45461e9c-0 eqiBeF container-text text-embed \" id=\"element-body-28\" readability=\"61\">\n<p><strong>\u201cHumano Cero\u201d, en cambio, es una serie con una fuerte carga social. <\/strong>Son esculturas vaciadas de color y despojadas de rasgos individuales, congeladas en gestos de supervivencia cotidiana. <\/p>\n<\/div>\n<div class=\"sc-45461e9c-0 eqiBeF container-text text-embed \" id=\"element-body-29\" readability=\"70\">\n<p>Por ejemplo, en el stand, es dominante \u201c108\u201d (s\u00ed, como la l\u00ednea telef\u00f3nica de atenci\u00f3n social inmediata en nuestra Ciudad),<strong> una figura humana debajo de una manta con sus pliegues y sin rostro, en color blanco yeso<\/strong>. Tambi\u00e9n tiene, entre sus miniaturas expuestas en el stand, otra figura revolviendo un contenedor de basura y varias m\u00e1s. Es la que da nombre a la serie que habla de la indiferencia, la fragilidad y el aislamiento. Son cuerpos que, ante la mirada social, se vuelven invisibles.<\/p>\n<\/div>\n<div class=\"sc-45461e9c-0 eqiBeF container-text text-embed \" id=\"element-body-30\" readability=\"61\">\n<p><strong>\u00c1ngeles comenz\u00f3 su trasiego art\u00edstico trabajando con una cooperativa cartonera<\/strong>, en un proyecto que se titul\u00f3 \u201cProducci\u00f3n Ciruja\u201d. <strong>Es dise\u00f1adora industrial,<\/strong> lo que le permite trabajar con modelos 3D y distintas materialidades que luego vuelca en sus esculturas y pinturas.<\/p>\n<\/div>\n<p><h2>Un hombre en situaci\u00f3n de calle<\/h2>\n<\/p>\n<div class=\"sc-45461e9c-0 eqiBeF container-text text-embed \" id=\"element-body-32\" readability=\"63\">\n<p>\u201cLo incre\u00edble que me pas\u00f3 con fue que <strong>vino una se\u00f1ora a la Feria y me pregunt\u00f3 el precio, porque le gustaba para decorar el jard\u00edn. Le pregunt\u00e9 si estaba segura y le expliqu\u00e9 el contenido de la obra, que era un hombre en situaci\u00f3n de calle<\/strong>\u201d, nos cuenta la artista, todav\u00eda perpleja.<\/p>\n<\/div>\n<div class=\"sc-98b114a2-0 bkqiHH image-embed image-embed \" id=\"element-body-33\"><picture class=\"sc-98b114a2-1 jRUlDm\"><source media=\"(min-width: 975px)\" width=\"720\" height=\"480\" srcset=\"http:\/\/cordobateve.net\/wp-content\/uploads\/2026\/09\/bada-2026-mas-de-100-mil-visitantes-menos-ventas-y-un-fuerte-interes-por-las-obras-accesibles-7.jpg\"><img alt=\"La artista \u00c1ngeles Estrada Vigil present\u00f3 en BADA tres series sorprendentes: \u201cAbundancia\u201d, \u201cFolk Pop\u201d y \u201cHumano Cero\u201d. Foto: gentileza.\" loading=\"eager\" width=\"720\" height=\"480\" decoding=\"async\" data-nimg=\"1\" src=\"http:\/\/cordobateve.net\/wp-content\/uploads\/2026\/09\/bada-2026-mas-de-100-mil-visitantes-menos-ventas-y-un-fuerte-interes-por-las-obras-accesibles-7.jpg\"><span class=\"epigraphe\" aria-hidden=\"true\">La artista \u00c1ngeles Estrada Vigil present\u00f3 en BADA tres series sorprendentes: \u201cAbundancia\u201d, \u201cFolk Pop\u201d y \u201cHumano Cero\u201d. Foto: gentileza.<\/span><span class=\"picture-open\"><button class=\"open-image\" aria-label=\"Open Image\"><\/button><\/span><\/picture><\/div>\n<div class=\"sc-45461e9c-0 eqiBeF container-text text-embed \" id=\"element-body-34\" readability=\"62\">\n<p>En las Ferias de libros, de arte y de cualquier otra disciplina, siempre circula un p\u00fablico variopinto. Precisamente <strong>all\u00ed est\u00e1n los artistas para contar sus procesos creativos, los materiales que usan y el significado de su producci\u00f3n.<\/strong><\/p>\n<\/div>\n<div class=\"sc-45461e9c-0 eqiBeF container-text text-embed \" id=\"element-body-35\" readability=\"65\">\n<p>Los mundos que \u00c1ngeles lleva a cuestas permean su obra, rica en colores y en sentidos. Nos dice: \u201c<strong>Por un lado, mis obras cuestionan la realidad. Por otra parte, te invitan a conectar con lo que deseas y a concretarlo<\/strong>. Hay trabajos como los de \u201cFolk Pop\u201d que solo puedo pintar si soy un canal abierto de felicidad. Y por suerte tengo muchos momentos felices\u201d, matiza, sonriendo con frescura.<\/p>\n<\/div>\n<div class=\"sc-45461e9c-0 eqiBeF container-text text-embed \" id=\"element-body-36\" readability=\"64\">\n<p>Cuando nos habla de \u201cHumano cero\u201d nos dice que el cuestionamiento de esas piezas no es solo social y econ\u00f3mico. \u201c<strong>En el mundo hay carencia emocional, falta de empat\u00eda, no hago solo una cr\u00edtica a los dem\u00e1s, sino tambi\u00e9n a m\u00ed misma<\/strong>. Hay una falta de visibilizaci\u00f3n de muchas situaciones\u201d, nos comenta.<\/p>\n<\/div>\n<div class=\"sc-98b114a2-0 bkqiHH image-embed image-embed \" id=\"element-body-37\"><picture class=\"sc-98b114a2-1 jRUlDm\"><source media=\"(min-width: 975px)\" width=\"720\" height=\"480\" srcset=\"http:\/\/cordobateve.net\/wp-content\/uploads\/2026\/09\/bada-2026-mas-de-100-mil-visitantes-menos-ventas-y-un-fuerte-interes-por-las-obras-accesibles-8.jpg\"><img alt=\"La artista \u00c1ngeles Estrada Vigil present\u00f3 en BADA tres series sorprendentes: \u201cAbundancia\u201d, \u201cFolk Pop\u201d y \u201cHumano Cero\u201d. Foto: gentileza.\" loading=\"eager\" width=\"720\" height=\"480\" decoding=\"async\" data-nimg=\"1\" src=\"http:\/\/cordobateve.net\/wp-content\/uploads\/2026\/09\/bada-2026-mas-de-100-mil-visitantes-menos-ventas-y-un-fuerte-interes-por-las-obras-accesibles-8.jpg\"><span class=\"epigraphe\" aria-hidden=\"true\">La artista \u00c1ngeles Estrada Vigil present\u00f3 en BADA tres series sorprendentes: \u201cAbundancia\u201d, \u201cFolk Pop\u201d y \u201cHumano Cero\u201d. Foto: gentileza.<\/span><span class=\"picture-open\"><button class=\"open-image\" aria-label=\"Open Image\"><\/button><\/span><\/picture><\/div>\n<div class=\"sc-45461e9c-0 eqiBeF container-text text-embed \" id=\"element-body-38\" readability=\"65\">\n<p>Las piezas de \u00c1ngeles tienen un valor que <strong>va de los 60 d\u00f3lares a los 8.000<\/strong> (es el valor de \u201c108\u201d). Accesibles, frescas algunas, interpelantes otras, con una iconograf\u00eda plet\u00f3rica de significados (desde la cosmovisi\u00f3n latinoamericana hasta la oriental), y una materialidad muy expresiva, su obra recibi\u00f3 muchas consultas.<\/p>\n<\/div>\n<div class=\"sc-45461e9c-0 eqiBeF container-text text-embed \" id=\"element-body-39\" readability=\"62\">\n<p><strong>Para Estrada Vigil fue importante estar por primera vez en BADA. <\/strong>Cuando le consultamos qu\u00e9 le parece la Feria, nos responde con mucho tacto: \u201cYo necesitaba un espacio para mostrar mi obra. Es muy dif\u00edcil entrar a una galer\u00eda cuando no te conocen. <strong>Me pareci\u00f3 importante exponer mi trabajo a la mirada de otros. <\/strong>Quer\u00eda ver qu\u00e9 les genera la obra expuesta. As\u00ed logro interpelar a los visitantes y recibir su devoluci\u00f3n. No recupero lo que invert\u00ed en el stand (2.500 d\u00f3lares), pero vali\u00f3 la pena estar en BADA.\u201d<\/p>\n<\/div>\n<div class=\"sc-98b114a2-0 bkqiHH image-embed image-embed \" id=\"element-body-40\"><picture class=\"sc-98b114a2-1 jRUlDm\"><source media=\"(min-width: 975px)\" width=\"720\" height=\"480\" srcset=\"http:\/\/cordobateve.net\/wp-content\/uploads\/2026\/09\/bada-2026-mas-de-100-mil-visitantes-menos-ventas-y-un-fuerte-interes-por-las-obras-accesibles-9.jpg\"><img alt=\"La artista \u00c1ngeles Estrada Vigil present\u00f3 en BADA tres series sorprendentes: \u201cAbundancia\u201d, \u201cFolk Pop\u201d y \u201cHumano Cero\u201d. Foto: gentileza.\" loading=\"eager\" width=\"720\" height=\"480\" decoding=\"async\" data-nimg=\"1\" src=\"http:\/\/cordobateve.net\/wp-content\/uploads\/2026\/09\/bada-2026-mas-de-100-mil-visitantes-menos-ventas-y-un-fuerte-interes-por-las-obras-accesibles-9.jpg\"><span class=\"epigraphe\" aria-hidden=\"true\">La artista \u00c1ngeles Estrada Vigil present\u00f3 en BADA tres series sorprendentes: \u201cAbundancia\u201d, \u201cFolk Pop\u201d y \u201cHumano Cero\u201d. Foto: gentileza.<\/span><span class=\"picture-open\"><button class=\"open-image\" aria-label=\"Open Image\"><\/button><\/span><\/picture><\/div>\n<div class=\"sc-45461e9c-0 eqiBeF container-text text-embed \" id=\"element-body-41\" readability=\"62\">\n<p>Vimos en BADA mucha obra de calidad diversa. Todos los estilos, formatos, materialidades, soportes y g\u00e9neros imaginables. El ingreso de la inteligencia artificial en las artes pl\u00e1sticas abre un debate urgente. Lo mismo que en la literatura y el cine. La escena art\u00edstica tiene la palabra.<\/p>\n<\/div>\n","protected":false},"excerpt":{"rendered":"<p>BADA cerr\u00f3 sus puertas en el Pabell\u00f3n Verde de La Rural, este domingo, con menos ventas y m\u00e1s afluencia de p\u00fablico. Sin duda, la Feria de Arte directa del artista al comprador se ha convertido en un paseo convocante, sobre todo de un p\u00fablico joven interesado en aproximarse a las artes pl\u00e1sticas y con intenci\u00f3n [&hellip;]<\/p>\n","protected":false},"author":1,"featured_media":133208,"comment_status":"closed","ping_status":"closed","sticky":false,"template":"","format":"standard","meta":[],"categories":[22],"tags":[],"_links":{"self":[{"href":"http:\/\/cordobateve.net\/index.php\/wp-json\/wp\/v2\/posts\/133207"}],"collection":[{"href":"http:\/\/cordobateve.net\/index.php\/wp-json\/wp\/v2\/posts"}],"about":[{"href":"http:\/\/cordobateve.net\/index.php\/wp-json\/wp\/v2\/types\/post"}],"author":[{"embeddable":true,"href":"http:\/\/cordobateve.net\/index.php\/wp-json\/wp\/v2\/users\/1"}],"replies":[{"embeddable":true,"href":"http:\/\/cordobateve.net\/index.php\/wp-json\/wp\/v2\/comments?post=133207"}],"version-history":[{"count":0,"href":"http:\/\/cordobateve.net\/index.php\/wp-json\/wp\/v2\/posts\/133207\/revisions"}],"wp:featuredmedia":[{"embeddable":true,"href":"http:\/\/cordobateve.net\/index.php\/wp-json\/wp\/v2\/media\/133208"}],"wp:attachment":[{"href":"http:\/\/cordobateve.net\/index.php\/wp-json\/wp\/v2\/media?parent=133207"}],"wp:term":[{"taxonomy":"category","embeddable":true,"href":"http:\/\/cordobateve.net\/index.php\/wp-json\/wp\/v2\/categories?post=133207"},{"taxonomy":"post_tag","embeddable":true,"href":"http:\/\/cordobateve.net\/index.php\/wp-json\/wp\/v2\/tags?post=133207"}],"curies":[{"name":"wp","href":"https:\/\/api.w.org\/{rel}","templated":true}]}}