{"id":133266,"date":"2026-09-02T02:02:18","date_gmt":"2026-09-02T02:02:18","guid":{"rendered":"https:\/\/www.clarin.com\/cultura\/40-actividades-100-invitados-filba-2026-ademas-emmanuel-carrere-claire-keegan_0_vMe4GIxO5F.html"},"modified":"2026-09-02T02:02:18","modified_gmt":"2026-09-02T02:02:18","slug":"las-40-actividades-y-casi-100-invitados-del-filba-2026-ademas-de-emmanuel-carrere-y-claire-keegan","status":"publish","type":"post","link":"http:\/\/cordobateve.net\/index.php\/2026\/09\/02\/las-40-actividades-y-casi-100-invitados-del-filba-2026-ademas-de-emmanuel-carrere-y-claire-keegan\/","title":{"rendered":"Las 40 actividades y casi 100 invitados del Filba 2026 (adem\u00e1s de Emmanuel Carr\u00e8re y Claire Keegan)"},"content":{"rendered":"<p><img src=\"http:\/\/cordobateve.net\/wp-content\/uploads\/2026\/09\/las-40-actividades-y-casi-100-invitados-del-filba-2026-ademas-de-emmanuel-carrere-y-claire-keegan.jpg\"><\/p>\n<div class=\"sc-45461e9c-0 eqiBeF container-text text-embed \" id=\"element-body-0\" readability=\"58.88\">\n<p>Desde que se anunci\u00f3 que<strong> el escritor franc\u00e9s<a href=\"https:\/\/www.clarin.com\/revista-n\/emmanuel-carrere-madre-padre-rusia-georgia-ucrania_0_Y9Hdhl6BS7.html\" target=\"_blank\" title=\" Emmanuel Carr\u00e8re\" alt=\" Emmanuel Carr\u00e8re\" rel=\"noopener noreferrer\"> Emmanuel Carr\u00e8re<\/a> y la irlandesa <a href=\"https:\/\/www.clarin.com\/cultura\/claire-keegan-escritora-sabe-encontrar-intensidad-silencio_0_bXjRXLMwmi.html\" target=\"_blank\" title=\"Claire Keegan\" alt=\"Claire Keegan\" rel=\"noopener noreferrer\">Claire Keegan<\/a> <\/strong>ser\u00e1n las principales figuras invitadas al pr\u00f3ximo <strong>Festival Internacional de Literatura de Buenos Aires (Filba)<\/strong>, el <strong><a href=\"https:\/\/www.clarin.com\/cultura\/furor-filba-2026-llegan-buenos-aires-emmanuel-carrere-claire-keegan_0_IC3sFZofhm.html\" target=\"_blank\" title=\"entusiasmo \" alt=\"entusiasmo \" rel=\"noopener noreferrer\">entusiasmo <\/a><\/strong>no decrece, pero no ser\u00e1 lo \u00fanico que proponga en cinco jornadas este encuentro que celebra este a\u00f1o <strong>su 18.\u00aa edici\u00f3n del 30 de septiembre al domingo 4 de octubre<\/strong>: \u00abSomos mayores de edad\u00bb, brome\u00f3 esta noche <strong>Pablo Braun<\/strong>, presidente de la Fundaci\u00f3n que organiza este ciclo.<\/p>\n<\/div>\n<div class=\"sc-98b114a2-0 bkqiHH image-embed image-embed \" id=\"element-body-1\"><picture class=\"sc-98b114a2-1 jRUlDm\"><source media=\"(min-width: 975px)\" width=\"720\" height=\"480\" srcset=\"http:\/\/cordobateve.net\/wp-content\/uploads\/2026\/09\/las-40-actividades-y-casi-100-invitados-del-filba-2026-ademas-de-emmanuel-carrere-y-claire-keegan-2.jpg\"><img alt=\"La directora del Filba, Amalia Sanz, a la derecha, y las programadoras Victoria Rodr\u00edguez Lacrouts (centro) y Mar\u00eda Luj\u00e1n Picabea (izquierda) en la presentaci\u00f3n del programa del Filba 2026. Foto: Clar\u00edn.\" loading=\"eager\" width=\"720\" height=\"480\" decoding=\"async\" data-nimg=\"1\" src=\"http:\/\/cordobateve.net\/wp-content\/uploads\/2026\/09\/las-40-actividades-y-casi-100-invitados-del-filba-2026-ademas-de-emmanuel-carrere-y-claire-keegan-2.jpg\"><span class=\"epigraphe\" aria-hidden=\"true\">La directora del Filba, Amalia Sanz, a la derecha, y las programadoras Victoria Rodr\u00edguez Lacrouts (centro) y Mar\u00eda Luj\u00e1n Picabea (izquierda) en la presentaci\u00f3n del programa del Filba 2026. Foto: Clar\u00edn.<\/span><span class=\"picture-open\"><button class=\"open-image\" aria-label=\"Open Image\"><\/button><\/span><\/picture><\/div>\n<div class=\"sc-45461e9c-0 eqiBeF container-text text-embed \" id=\"element-body-2\" readability=\"71\">\n<p>Braun celebr\u00f3, en la librer\u00eda Eterna Cadencia de Palermo, que el festival, del que <strong>Clar\u00edn es media partner,<\/strong> construya en cada edici\u00f3n<strong> \u00abun poco de comunidad<\/strong>, que me parece que es algo que en estos tiempos, adem\u00e1s, nos est\u00e1 faltando un poco\u00bb, apunt\u00f3 y record\u00f3, claro, la presencia de Carr\u00e8re y Keegan, que har\u00e1n que el festival \u00abeste a\u00f1o sea un poquito m\u00e1s luminoso\u00bb.<\/p>\n<\/div>\n<div class=\"sc-45461e9c-0 eqiBeF container-text text-embed \" id=\"element-body-3\" readability=\"64\">\n<p>La directora del Filba, <strong>Amalia Sanz<\/strong>, explic\u00f3 que este a\u00f1o el concepto de \u00abh\u00e1bitat\u00bb enlazar\u00e1 toda la programaci\u00f3n. \u00ab<strong>\u00bfC\u00f3mo construimos un espacio que sea nuestro sin que deje de ser de todos?<\/strong> Habitar es una forma de anclar en un territorio y tejer con \u00e9l una trama de sentidos, memorias y v\u00ednculos que nos permite reconocernos en lo que nos rodea\u00bb, explicaron.<\/p>\n<\/div>\n<div class=\"sc-45461e9c-0 eqiBeF container-text text-embed \" id=\"element-body-4\" readability=\"64\">\n<p>Amalia Sanz ponder\u00f3 el trabajo colectivo que hay en la organizaci\u00f3n del Filba, agradeci\u00f3 a los grandes patrocinadores de cada a\u00f1o, el acompa\u00f1amiento de <strong>Clar\u00edn como media partner<\/strong> y<strong> la vigencia de la Ley de Mecenazgo de la Ciudad<\/strong>: \u00abUna ley que seguimos defendiendo, apoyando y que esperamos por favor que siga existiendo\u00bb, expres\u00f3.<\/p>\n<\/div>\n<div class=\"sc-45461e9c-0 eqiBeF container-text text-embed \" id=\"element-body-5\" readability=\"64.292929292929\">\n<p>En esta edici\u00f3n, la programaci\u00f3n cont\u00f3 con <strong>un consejo asesor<\/strong>, \u00abde lujo\u00bb, dijo, integrado por la escritora <strong><a href=\"https:\/\/www.clarin.com\/cultura\/selva-almada-novela-gente-nadie-reclama-parece-importar_0_2vrWhzDUBb.html\" target=\"_blank\" title=\"Selva Almada\" alt=\"Selva Almada\" rel=\"noopener noreferrer\">Selva Almada<\/a><\/strong>, la dramaturga y curadora <strong>Vivi Tellas<\/strong> y el acad\u00e9mico <strong>Alejandro Dujovne<\/strong>: \u00abTres personas que nos sumaron much\u00edsimo en creatividad, conceptos, miradas distintas\u00bb, agreg\u00f3 Sanz.<\/p>\n<\/div>\n<div class=\"sc-98b114a2-0 bkqiHH image-embed image-embed \" id=\"element-body-6\"><picture class=\"sc-98b114a2-1 jRUlDm\"><source media=\"(min-width: 975px)\" width=\"720\" height=\"480\" srcset=\"http:\/\/cordobateve.net\/wp-content\/uploads\/2026\/09\/las-40-actividades-y-casi-100-invitados-del-filba-2026-ademas-de-emmanuel-carrere-y-claire-keegan-3.jpg\"><img alt=\"Presentaci\u00f3n del programa del Filba 2026 en Eterna Cadencia. Foto: Jiniva Igarzabal gentileza.\" loading=\"eager\" width=\"720\" height=\"480\" decoding=\"async\" data-nimg=\"1\" src=\"http:\/\/cordobateve.net\/wp-content\/uploads\/2026\/09\/las-40-actividades-y-casi-100-invitados-del-filba-2026-ademas-de-emmanuel-carrere-y-claire-keegan-3.jpg\"><span class=\"epigraphe\" aria-hidden=\"true\">Presentaci\u00f3n del programa del Filba 2026 en Eterna Cadencia. Foto: Jiniva Igarzabal gentileza.<\/span><span class=\"picture-open\"><button class=\"open-image\" aria-label=\"Open Image\"><\/button><\/span><\/picture><\/div>\n<div class=\"sc-45461e9c-0 eqiBeF container-text text-embed \" id=\"element-body-7\" readability=\"75\">\n<p>La directora del Filba hizo un ejercicio antes de la presentaci\u00f3n y revis\u00f3 la programaci\u00f3n detectando palabras clave que forman, dijo, \u00abuna constelaci\u00f3n sem\u00e1ntica, que tiene que ver con lo que se va a hablar en este festival, que es <strong>espacio, territorio, trama de sentidos, memorias, v\u00ednculos, comunidad. Maleza, ind\u00f3mito, insistencia, naturaleza, humano, habitado<\/strong>\u00ab, enumer\u00f3.<\/p>\n<\/div>\n<p><h2>Pensar el h\u00e1bitat<\/h2>\n<\/p>\n<div class=\"sc-45461e9c-0 eqiBeF container-text text-embed \" id=\"element-body-9\" readability=\"66\">\n<p>\u00abEl tema del festival es <strong>h\u00e1bitat <\/strong>y lo tomamos como una propuesta de <strong>repensar nuestro territorio desde la experiencia, desde qu\u00e9 construimos con nuestro h\u00e1bitat<\/strong>, \u00bfqu\u00e9 di\u00e1logo sano o muchas veces destructivo tenemos con este entorno? \u00bfY cu\u00e1l es la relaci\u00f3n entre la acci\u00f3n humana y la vitalidad del mundo? \u00bfCu\u00e1l es el rol de la imaginaci\u00f3n po\u00e9tica para transformar o no ese espacio urbano, rural, nuestro espacio dom\u00e9stico, el espacio de nuestra casa? \u00bfY cu\u00e1les son los v\u00ednculos entre nuestro cuerpo y ese espacio? \u00bfCu\u00e1les son los v\u00ednculos entre la lengua y el territorio?\u00bb, agreg\u00f3 Sanz.<\/p>\n<\/div>\n<div class=\"sc-98b114a2-0 bkqiHH image-embed image-embed \" id=\"element-body-10\"><picture class=\"sc-98b114a2-1 jRUlDm\"><source media=\"(min-width: 975px)\" width=\"720\" height=\"480\" srcset=\"http:\/\/cordobateve.net\/wp-content\/uploads\/2026\/09\/las-40-actividades-y-casi-100-invitados-del-filba-2026-ademas-de-emmanuel-carrere-y-claire-keegan-4.jpg\"><img alt=\"El franc\u00e9s Emmanuel Carr\u00e8re ahonda en la genealog\u00eda de sus antepasados en 'Kolj\u00f3s' (Anagrama), su nueva novela, ganadora del Prix M\u00e9dicis y finalista del Goncourt.MAR\u00cdA AGUILELLA PARDO \/ EFE\" loading=\"eager\" width=\"720\" height=\"480\" decoding=\"async\" data-nimg=\"1\" src=\"http:\/\/cordobateve.net\/wp-content\/uploads\/2026\/09\/las-40-actividades-y-casi-100-invitados-del-filba-2026-ademas-de-emmanuel-carrere-y-claire-keegan-4.jpg\"><span class=\"epigraphe\" aria-hidden=\"true\">El franc\u00e9s Emmanuel Carr\u00e8re ahonda en la genealog\u00eda de sus antepasados en &#8216;Kolj\u00f3s&#8217; (Anagrama), su nueva novela, ganadora del Prix M\u00e9dicis y finalista del Goncourt.MAR\u00cdA AGUILELLA PARDO \/ EFE<\/span><span class=\"picture-open\"><button class=\"open-image\" aria-label=\"Open Image\"><\/button><\/span><\/picture><\/div>\n<div class=\"sc-45461e9c-0 eqiBeF container-text text-embed \" id=\"element-body-11\" readability=\"63.543424317618\">\n<p>La idea es encontrar algunas respuestas y pocas preguntas durante los cinco d\u00edas del festival del que participar\u00e1, adem\u00e1s de Emmanuel Carr\u00e8re y Claire Keegan, <strong>m\u00e1s de medio centenar de autores argentinos y la vasca Uxue Alberdi, la uruguaya Lalo Barrubia, las espa\u00f1olas Isa Calder\u00f3n y Mayte G\u00f3mez Molina, adem\u00e1s de <a href=\"https:\/\/www.clarin.com\/revista-n\/literatura\/entrevista-lucia-lijtmaer-buscarse-vida_0_Lvnb5pySca.html\" target=\"_blank\" title=\"Luc\u00eda Lijtmaer\" alt=\"Luc\u00eda Lijtmaer\" rel=\"noopener noreferrer\">Luc\u00eda Lijtmaer<\/a>, que naci\u00f3 en la Argentina y emigr\u00f3 cuando ten\u00eda pocos meses.<\/strong><\/p>\n<\/div>\n<div class=\"sc-45461e9c-0 eqiBeF container-text text-embed \" id=\"element-body-12\" readability=\"61\">\n<p>Tambi\u00e9n vendr\u00e1n <strong>la antrop\u00f3loga Mafe Moscoso, el italiano Sebastiano Mauri, el poeta brasile\u00f1o Joca Reiners Terron y tambi\u00e9n de Brasil la escritora y periodista brasile\u00f1a y la francesa Marie Vingtras.<\/strong><\/p>\n<\/div>\n<div class=\"sc-45461e9c-0 eqiBeF container-text text-embed \" id=\"element-body-13\" readability=\"86\">\n<p>Los locales son much\u00edsimos y a los porte\u00f1os se sumar\u00e1n autores de todo el pa\u00eds. Estar\u00e1n <strong>Osvaldo Baigorria, Camilo Ballena, Juan Carr\u00e1, Elisa Carricajo, Roberto Chuit Roganovich, Leonora Djament, Magal\u00ed Etchebarne, In\u00e9s Garland, Mercedes Halfon, Virginia Higa, Alejandra Kamiya, Pablo Katchadjian, Carla Maliandi, Lucrecia Martel, Guillermo Mart\u00ednez, Cecilia Pav\u00f3n, Malena Pichot, Claudia Pi\u00f1eiro, Soledad Quereilhac, Mart\u00edn Rejtman, Camila Sosa Villada, Vivi Tellas, Tamara Tenenbaum, Valeria Tentoni, Lorena Vega, Dani Zelko y Eugenia Zicavo, entre much\u00edsimos otros.<\/strong><\/p>\n<\/div>\n<div class=\"sc-45461e9c-0 eqiBeF container-text text-embed \" id=\"element-body-15\" readability=\"60\">\n<p>Dos de esas presencias tendr\u00e1n centralidad. Por un lado, <strong>la magn\u00edfica cronista Leila Guerriero entrevistar\u00e1 a Carr\u00e8re en la Facultad de Derecho el viernes 2 de octubre a las 20<\/strong> y el traducto<strong>r Jorge Fondebrider har\u00e1 lo propio con Keegan el s\u00e1bado 3 a la misma hora.<\/strong><\/p>\n<\/div>\n<div class=\"sc-45461e9c-0 eqiBeF container-text text-embed \" id=\"element-body-16\" readability=\"60\">\n<p>Por su parte, la escritora y actriz <strong>Camila Sosa Villada<\/strong> protagonizar\u00e1 el viernes a las 16 en el Malba una \u00abLectura in\u00e9dita\u00bb que circular\u00e1 por las salas del museo <strong>adelantando en exclusiva pasajes de su pr\u00f3ximo libro.<\/strong><\/p>\n<\/div>\n<div class=\"sc-45461e9c-0 eqiBeF container-text text-embed \" id=\"element-body-17\" readability=\"64\">\n<p>Las actividades del Filba fueron detalladas esta noche por <strong>sus dos programadoras: Victoria Rodr\u00edguez Lacrouts y Mar\u00eda Luj\u00e1n Picabea. <\/strong>Algunos de los momentos m\u00e1s interesantes ser\u00e1n una inauguraci\u00f3n con todos los autores invitados que todav\u00eda se est\u00e1 organizando y, anticiparon, ser\u00e1 \u00absorpresa\u00bb; <strong>el ciclo Pochi Pochi<\/strong> que tendr\u00e1 lugar el s\u00e1bado a la tarde <strong>coordinado por Vivi Tellas y Rita Pauls<\/strong> y que consistir\u00e1 en un ejercicio biodram\u00e1tico e \u00edntimo que combina fotos de familia, relatos e invitados especiales. \u00abFunciona como una performance en vivo acompa\u00f1ada de ferias y encuentros comunitarios\u00bb, anticiparon.<\/p>\n<\/div>\n<div class=\"sc-45461e9c-0 eqiBeF container-text text-embed \" id=\"element-body-18\" readability=\"70\">\n<p>Ese mismo d\u00eda, habr\u00e1 <strong>una actividad en el Jard\u00edn Bot\u00e1nico<\/strong> a la ma\u00f1ana con la lectura perform\u00e1tica \u00abUn volc\u00e1n nunca duerme\u00bb centrada en el libro <em>Krakatoa<\/em>, de Ver\u00f3nica Stigger, con presencia de la autora y de los escritores Mercedes Halfon, Pablo Katchadjian, Paula Peyser\u00e9. \u00abLa novela narra un nuevo comienzo en el que la naturaleza se vuelve la principal fuerza narrativa. Un tiempo en el que las personas han dejado de ocupar el centro de la historia y emergen de la tierra las voces del hielo, el fuego, el carb\u00f3n, el agua, el sol\u00bb, invitan.<\/p>\n<\/div>\n<div class=\"sc-98b114a2-0 bkqiHH image-embed image-embed \" id=\"element-body-19\"><picture class=\"sc-98b114a2-1 jRUlDm\"><source media=\"(min-width: 975px)\" width=\"720\" height=\"480\" srcset=\"http:\/\/cordobateve.net\/wp-content\/uploads\/2026\/09\/las-40-actividades-y-casi-100-invitados-del-filba-2026-ademas-de-emmanuel-carrere-y-claire-keegan-5.jpg\"><img alt=\"Claire Keegan. Foto IG @eternacadencia\" loading=\"eager\" width=\"720\" height=\"480\" decoding=\"async\" data-nimg=\"1\" src=\"http:\/\/cordobateve.net\/wp-content\/uploads\/2026\/09\/las-40-actividades-y-casi-100-invitados-del-filba-2026-ademas-de-emmanuel-carrere-y-claire-keegan-5.jpg\"><span class=\"epigraphe\" aria-hidden=\"true\">Claire Keegan. Foto IG @eternacadencia<\/span><span class=\"picture-open\"><button class=\"open-image\" aria-label=\"Open Image\"><\/button><\/span><\/picture><\/div>\n<div class=\"sc-45461e9c-0 eqiBeF container-text text-embed \" id=\"element-body-20\" readability=\"62\">\n<p>Y hay m\u00e1s: como cada edici\u00f3n, habr\u00e1 <strong>una noche dedicada a la poes\u00eda<\/strong> con lecturas, vinos y baile; <strong>talleres de escritura, lectura y an\u00e1lisis, entrevistas y debates.<\/strong><\/p>\n<\/div>\n<p><h2>Para ir agendando<\/h2>\n<\/p>\n<div class=\"sc-45461e9c-0 eqiBeF container-text text-embed \" id=\"element-body-22\" readability=\"61\">\n<p>Las actividades del Filba <strong>son abiertas y gratuitas<\/strong>. Los talleres y algunas otras propuestas <strong>requieren inscripci\u00f3n previa<\/strong>, que estar\u00e1 habilitada desde el 7 de septiembre en la web del festival. <strong>Solo dos de los encuentros ser\u00e1n pagos y corresponden a una de las actividades de Emmanuel Carr\u00e8re y de Claire Keegan. Esas entradas se podr\u00e1n comprar desde ma\u00f1ana.<\/strong><\/p>\n<\/div>\n<div class=\"sc-45461e9c-0 eqiBeF container-text text-embed \" id=\"element-body-23\" readability=\"62\">\n<p>Para el resto de las citas, <strong>el ingreso ser\u00e1 por orden de llegada<\/strong>, pero es importante saber que la extensi\u00f3n de la fila es directamente proporcional al reconocimiento de los protagonistas (o sea, hay que ir por lo menos una hora antes a retirar la entrada).<\/p>\n<\/div>\n<div class=\"sc-98b114a2-0 bkqiHH image-embed image-embed \" id=\"element-body-24\"><picture class=\"sc-98b114a2-1 jRUlDm\"><source media=\"(min-width: 975px)\" width=\"720\" height=\"480\" srcset=\"http:\/\/cordobateve.net\/wp-content\/uploads\/2026\/09\/las-40-actividades-y-casi-100-invitados-del-filba-2026-ademas-de-emmanuel-carrere-y-claire-keegan-6.jpg\"><img alt=\"El director de la Fundaci\u00f3n Filba, Pablo Braun y la directora del festival, Amalia Sanz, en la presentaci\u00f3n del programa del Filba 2026. Foto: Clar\u00edn.\" loading=\"eager\" width=\"720\" height=\"480\" decoding=\"async\" data-nimg=\"1\" src=\"http:\/\/cordobateve.net\/wp-content\/uploads\/2026\/09\/las-40-actividades-y-casi-100-invitados-del-filba-2026-ademas-de-emmanuel-carrere-y-claire-keegan-6.jpg\"><span class=\"epigraphe\" aria-hidden=\"true\">El director de la Fundaci\u00f3n Filba, Pablo Braun y la directora del festival, Amalia Sanz, en la presentaci\u00f3n del programa del Filba 2026. Foto: Clar\u00edn.<\/span><span class=\"picture-open\"><button class=\"open-image\" aria-label=\"Open Image\"><\/button><\/span><\/picture><\/div>\n<div class=\"sc-45461e9c-0 eqiBeF container-text text-embed \" id=\"element-body-25\" readability=\"70\">\n<p>El <strong>jueves<\/strong>, habr\u00e1 temprano un <strong>Taller de escucha: resonar y habitar<\/strong> con Pablo Bas, una actividad de dos d\u00edas, que propone pr\u00e1cticas de escucha, ejercicios de percepci\u00f3n y caminatas sonoras, para \u00abaproximarse a las relaciones entre sonido, cuerpo, espacio y movimiento\u00bb. Tambi\u00e9n el <strong>Taller de escritura: Arquitectura personal<\/strong> con el italiano Sebastiano Mauri; un Recorrido literario. Una colecci\u00f3n en texto con Joca Reiners Terron, Luciana Mellado, Tom\u00e1s Downey, Mayte G\u00f3mez Molina y Carlos Fontoura por las salas del museo Malba; una charla sobre <strong>El pulso de la trama <\/strong>con Marie Vingtras y Claudia Pi\u00f1eiro y la actriz y escritora Elisa Carricajo leer\u00e1 las cartas a quienes se animen a elegir una del mazo del <strong>tarot<\/strong>.<\/p>\n<\/div>\n<div class=\"sc-45461e9c-0 eqiBeF container-text text-embed \" id=\"element-body-26\" readability=\"62\">\n<p>El <strong>viernes <\/strong>ser\u00e1 el gran d\u00eda de los invitados estelares. La irlandesa <strong>Claire Keegan dialogar\u00e1 con su editora argentina Leonora Djament en el Malba<\/strong> (esta actividad tiene entrada arancelada); la argentina Camila Sosa Villada adelantar\u00e1 fragmentos de su nuevo libro entre las salas del Malba; un panel abordar\u00e1 la<strong> Naturaleza dist\u00f3pica con Soledad Quereilhac, Roberto Chuit Roganovich y Ver\u00f3nica Stigger<\/strong>; y <strong>a las 20, Emmanuel Carr\u00e8re ser\u00e1 entrevistado por Leila Guerriero en la Facultad de Derecho<\/strong>.<\/p>\n<\/div>\n<div class=\"sc-98b114a2-0 bkqiHH image-embed image-embed \" id=\"element-body-27\"><picture class=\"sc-98b114a2-1 jRUlDm\"><source media=\"(min-width: 975px)\" width=\"720\" height=\"480\" srcset=\"http:\/\/cordobateve.net\/wp-content\/uploads\/2026\/09\/las-40-actividades-y-casi-100-invitados-del-filba-2026-ademas-de-emmanuel-carrere-y-claire-keegan-7.jpg\"><img alt=\"Camila Sosa Villada en el stand de Clar\u00edn de la Feria del libro 2025. Foto: Mart\u00edn Bonetto.\" loading=\"eager\" width=\"720\" height=\"480\" decoding=\"async\" data-nimg=\"1\" src=\"http:\/\/cordobateve.net\/wp-content\/uploads\/2026\/09\/las-40-actividades-y-casi-100-invitados-del-filba-2026-ademas-de-emmanuel-carrere-y-claire-keegan-7.jpg\"><span class=\"epigraphe\" aria-hidden=\"true\">Camila Sosa Villada en el stand de Clar\u00edn de la Feria del libro 2025. Foto: Mart\u00edn Bonetto.<\/span><span class=\"picture-open\"><button class=\"open-image\" aria-label=\"Open Image\"><\/button><\/span><\/picture><\/div>\n<div class=\"sc-45461e9c-0 eqiBeF container-text text-embed \" id=\"element-body-28\" readability=\"62\">\n<p>El <strong>s\u00e1bado <\/strong>a la ma\u00f1ana en el Malba, <strong>Emmanuel Carr\u00e8re contar\u00e1 el detr\u00e1s de escena del proceso creativo de su \u00faltimo libro, <em>Kolj\u00f3s<\/em><\/strong><em> <\/em>(esta es la otra actividad arancelada con cupos limitados cuyas entradas estar\u00e1n a la venta a partir de ma\u00f1ana). A la misma hora en el Jard\u00edn Bot\u00e1nico tendr\u00e1 lugar una lectura perform\u00e1tica del libro <em>Krakatoa<\/em>; y a las 15 en Azotea ser\u00e1 el turno del ejercicio biodram\u00e1tico e \u00edntimo Pochi-Pochi.<\/p>\n<\/div>\n<div class=\"sc-45461e9c-0 eqiBeF container-text text-embed \" id=\"element-body-29\" readability=\"63\">\n<p>Ese mismo d\u00eda, <strong>Camila Sosa Villada ser\u00e1 entrevistada por Bartolom\u00e9 Armentano en el Malba<\/strong> y tambi\u00e9n en el museo a las 17 <strong>Leila Guerriero, Alejandra Kamiya y Ricardo Romero contar\u00e1n qui\u00e9nes son sus autores favoritos<\/strong> y por qu\u00e9. Antes de que termine el s\u00e1bado <strong>Isa Calder\u00f3n y Malena Pichot revisar\u00e1n c\u00f3mo Hacer re\u00edr en tiempos sin gracia <\/strong>y a las 20, <strong>Claire Keegan dialogar\u00e1 en la Facultad de Derecho con Jorge Fondebrider.<\/strong><\/p>\n<\/div>\n<div class=\"sc-45461e9c-0 eqiBeF container-text text-embed \" id=\"element-body-31\" readability=\"59.142857142857\">\n<p>El <strong>domingo <\/strong>tambi\u00e9n hay varias actividades interesantes para cerrar el fin de semana. <strong>Una entrevista a Lucrecia Martel<\/strong> por la periodista y escritora Mercedes Halfon; un panel dedicado a <strong>la cosmovisi\u00f3n y el lenguaje<\/strong> con la escritora vasca Uxue Alberdi, el poeta wich\u00ed Camilo Ballena y el artista, poeta y editor Dani Zelko. Y para el final,<strong> la emisi\u00f3n y registro del podcast <a href=\"https:\/\/www.patreon.com\/cw\/deformesemanal\" target=\"_blank\" title=\"Deforme Semanal ideal total\" alt=\"Deforme Semanal ideal total\" rel=\"noopener noreferrer\">Deforme Semanal ideal total<\/a> con Luc\u00eda Lijtmaer e Isa Calder\u00f3n.<\/strong><\/p>\n<\/div>\n","protected":false},"excerpt":{"rendered":"<p>Desde que se anunci\u00f3 que el escritor franc\u00e9s Emmanuel Carr\u00e8re y la irlandesa Claire Keegan ser\u00e1n las principales figuras invitadas al pr\u00f3ximo Festival Internacional de Literatura de Buenos Aires (Filba), el entusiasmo no decrece, pero no ser\u00e1 lo \u00fanico que proponga en cinco jornadas este encuentro que celebra este a\u00f1o su 18.\u00aa edici\u00f3n del 30 [&hellip;]<\/p>\n","protected":false},"author":1,"featured_media":133267,"comment_status":"closed","ping_status":"closed","sticky":false,"template":"","format":"standard","meta":[],"categories":[22],"tags":[],"_links":{"self":[{"href":"http:\/\/cordobateve.net\/index.php\/wp-json\/wp\/v2\/posts\/133266"}],"collection":[{"href":"http:\/\/cordobateve.net\/index.php\/wp-json\/wp\/v2\/posts"}],"about":[{"href":"http:\/\/cordobateve.net\/index.php\/wp-json\/wp\/v2\/types\/post"}],"author":[{"embeddable":true,"href":"http:\/\/cordobateve.net\/index.php\/wp-json\/wp\/v2\/users\/1"}],"replies":[{"embeddable":true,"href":"http:\/\/cordobateve.net\/index.php\/wp-json\/wp\/v2\/comments?post=133266"}],"version-history":[{"count":0,"href":"http:\/\/cordobateve.net\/index.php\/wp-json\/wp\/v2\/posts\/133266\/revisions"}],"wp:featuredmedia":[{"embeddable":true,"href":"http:\/\/cordobateve.net\/index.php\/wp-json\/wp\/v2\/media\/133267"}],"wp:attachment":[{"href":"http:\/\/cordobateve.net\/index.php\/wp-json\/wp\/v2\/media?parent=133266"}],"wp:term":[{"taxonomy":"category","embeddable":true,"href":"http:\/\/cordobateve.net\/index.php\/wp-json\/wp\/v2\/categories?post=133266"},{"taxonomy":"post_tag","embeddable":true,"href":"http:\/\/cordobateve.net\/index.php\/wp-json\/wp\/v2\/tags?post=133266"}],"curies":[{"name":"wp","href":"https:\/\/api.w.org\/{rel}","templated":true}]}}