{"id":133325,"date":"2026-09-02T13:01:34","date_gmt":"2026-09-02T13:01:34","guid":{"rendered":"https:\/\/www.clarin.com\/cultura\/sergio-pujol-nueva-historia-tango-gardel-piazzolla_0_JBxTE7wkLn.html"},"modified":"2026-09-02T13:01:34","modified_gmt":"2026-09-02T13:01:34","slug":"sergio-pujol-y-una-nueva-historia-del-tango-de-gardel-a-piazzolla","status":"publish","type":"post","link":"http:\/\/cordobateve.net\/index.php\/2026\/09\/02\/sergio-pujol-y-una-nueva-historia-del-tango-de-gardel-a-piazzolla\/","title":{"rendered":"Sergio Pujol y una nueva historia del tango, de Gardel a Piazzolla"},"content":{"rendered":"<p><img src=\"http:\/\/cordobateve.net\/wp-content\/uploads\/2026\/09\/sergio-pujol-y-una-nueva-historia-del-tango-de-gardel-a-piazzolla.jpg\"><\/p>\n<div class=\"sc-45461e9c-0 eqiBeF container-text text-embed \" id=\"element-body-0\" readability=\"58.231932773109\">\n<p>Una mujer <strong>cantando una <a href=\"https:\/\/www.clarin.com\/cultura\/novela-cambia-historia-personajes-tangos_0_nNqvZmoZ.html\" target=\"_blank\" title=\"milonga \" alt=\"milonga \" rel=\"noopener noreferrer\">milonga <\/a><\/strong>y un hombre de rastas tocando el <strong><a href=\"https:\/\/www.clarin.com\/revista-n\/siglo-tango-cancion-gardel-fusiones-contemporaneas_0_4wr2Rqe28I.html\" target=\"_blank\" title=\"bandone\u00f3n\" alt=\"bandone\u00f3n\" rel=\"noopener noreferrer\">bandone\u00f3n<\/a><\/strong>. Un criollo engominado entonando el <strong>primer <a href=\"https:\/\/www.clarin.com\/ediciones-anteriores\/grandes-artistas-tango-reunidos-coleccion_0_H14L_DJCYl.html\" target=\"_blank\" title=\"tango \" alt=\"tango \" rel=\"noopener noreferrer\">tango <\/a>con letra<\/strong> y un compositor dirigiendo una <strong>orquesta <\/strong>adentro de una radio. Un flaco desgarbado con una remera de Tom Waits componiendo en tono arrabalero y una mujer al piano, mixturando tango con chamam\u00e9. Un tipo de pelo blanco desafiando las partituras de los cl\u00e1sicos mientras una bailarina se toma un descanso en el bul\u00edn. A todas estas secuencias las une la misma ciudad y el mismo g\u00e9nero. Ahora Buenos Aires y<strong> el <a href=\"https:\/\/www.clarin.com\/ediciones-anteriores\/tango-tango-coleccion-completa_0_rJG8dvkCFx.html\" target=\"_blank\" title=\"tango \" alt=\"tango \" rel=\"noopener noreferrer\">tango <\/a>tienen su propia historia social hecha libro.<\/strong><\/p>\n<\/div>\n<div class=\"sc-98b114a2-0 bkqiHH image-embed image-embed \" id=\"element-body-1\"><picture class=\"sc-98b114a2-1 jRUlDm\"><source media=\"(min-width: 975px)\" width=\"720\" height=\"480\" srcset=\"http:\/\/cordobateve.net\/wp-content\/uploads\/2026\/09\/sergio-pujol-y-una-nueva-historia-del-tango-de-gardel-a-piazzolla-2.jpg\"><img alt=\"Sergio Pujol. Foto: Daniel Forneri.\" loading=\"eager\" width=\"720\" height=\"480\" decoding=\"async\" data-nimg=\"1\" src=\"http:\/\/cordobateve.net\/wp-content\/uploads\/2026\/09\/sergio-pujol-y-una-nueva-historia-del-tango-de-gardel-a-piazzolla-2.jpg\"><span class=\"epigraphe\" aria-hidden=\"true\">Sergio Pujol. Foto: Daniel Forneri.<\/span><span class=\"picture-open\"><button class=\"open-image\" aria-label=\"Open Image\"><\/button><\/span><\/picture><\/div>\n<div class=\"sc-45461e9c-0 eqiBeF container-text text-embed \" id=\"element-body-2\" readability=\"67\">\n<p>Como bien lo explica el t\u00edtulo de este lanzamiento, <strong><em>Las edades del tango<\/em><\/strong> (Planeta), S<strong>ergio Pujol eligi\u00f3 pensar en edades para atravesar la historia sociocultural del tango<\/strong>. Habitualmente se piensa la historia del tango de acuerdo a un criterio estrictamente art\u00edstico o est\u00e9tico: Guardia Vieja, Guardia Nueva y Vanguardia\u2026 \u00bfy despu\u00e9s?, se pregunt\u00f3 el autor, nadie sabe bien qu\u00e9, aunque el tango sigui\u00f3 su andar y hoy es una lengua viva, si bien no dominante.<\/p>\n<\/div>\n<div class=\"sc-45461e9c-0 eqiBeF container-text text-embed \" id=\"element-body-3\" readability=\"63\">\n<p><strong>\u201cEdad\u201d es m\u00e1s que \u201c\u00e9poca\u201d<\/strong>, en el sentido de que supone un ecosistema relativamente aut\u00f3nomo, con sus propias l\u00f3gicas culturales. As\u00ed lo establece el autor y lo desarrolla en este imprescindible aporte, no s\u00f3lo al g\u00e9nero, sino a la m\u00fasica de tradici\u00f3n popular argentina.<\/p>\n<\/div>\n<div class=\"sc-45461e9c-0 eqiBeF container-text text-embed \" id=\"element-body-4\" readability=\"61\">\n<p>Por otro lado, Pujol explica que, m\u00e1s all\u00e1 de la \u00e9poca dorada del 40, <strong>en las \u201cedades del tango\u201d hay hechos y artistas que valen la pena desarrollar.<\/strong><\/p>\n<\/div>\n<div class=\"sc-45461e9c-0 eqiBeF container-text text-embed \" id=\"element-body-5\" readability=\"65\">\n<p>\u201cEl problema de pensar el tango partiendo de una enso\u00f1aci\u00f3n por un tiempo dorado es que<strong> nos perdemos de entender una serie de pr\u00e1cticas y representaci\u00f3n que fueron de gran importancia<\/strong> en la construcci\u00f3n identitaria de nuestra cultura, tanto antes como durante y despu\u00e9s de los cuarenta. En este sentido, los casos de Goyeneche y Salg\u00e1n, entre otros, son interesantes\u201d, explica el autor a Clar\u00edn.<\/p>\n<\/div>\n<div class=\"sc-98b114a2-0 bkqiHH image-embed image-embed \" id=\"element-body-6\"><picture class=\"sc-98b114a2-1 jRUlDm\"><source media=\"(min-width: 975px)\" width=\"720\" height=\"480\" srcset=\"http:\/\/cordobateve.net\/wp-content\/uploads\/2026\/09\/sergio-pujol-y-una-nueva-historia-del-tango-de-gardel-a-piazzolla-3.jpg\"><img alt=\"Conciertos brindados en 1972 por Horacio Salg\u00e1n y su Orquesta con Roberto Goyeneche y Edmundo Rivero como cantantes. Archivo Clar\u00edn.\" loading=\"eager\" width=\"720\" height=\"480\" decoding=\"async\" data-nimg=\"1\" src=\"http:\/\/cordobateve.net\/wp-content\/uploads\/2026\/09\/sergio-pujol-y-una-nueva-historia-del-tango-de-gardel-a-piazzolla-3.jpg\"><span class=\"epigraphe\" aria-hidden=\"true\">Conciertos brindados en 1972 por Horacio Salg\u00e1n y su Orquesta con Roberto Goyeneche y Edmundo Rivero como cantantes. Archivo Clar\u00edn.<\/span><span class=\"picture-open\"><button class=\"open-image\" aria-label=\"Open Image\"><\/button><\/span><\/picture><\/div>\n<p><h2>Variedad de libros<\/h2>\n<\/p>\n<div class=\"sc-45461e9c-0 eqiBeF container-text text-embed \" id=\"element-body-8\" readability=\"63\">\n<p>Se han escrito muchos libros de tango. Hoy en d\u00eda los siguen de cerca los de rock. Cita ineludible porque los dos comparten una variante parecida: la del libro de an\u00e9cdotas. Pero adem\u00e1s, los de tango han sido desarrollados desde la t\u00e9cnica (de letras, de partituras, de memorias) y desde la apreciaci\u00f3n musical.<\/p>\n<\/div>\n<div class=\"sc-45461e9c-0 eqiBeF container-text text-embed \" id=\"element-body-9\" readability=\"63\">\n<p><strong>Hay varias biograf\u00edas de los grandes del tango y hasta enciclopedias en varios tomos<\/strong>. Lo que no hab\u00eda era una historia social del tango. Sumado al foco, la metodolog\u00eda de dividirlo por edades dialoga, de alguna manera, con el excelente <em>Tango y pol\u00edtica<\/em> del fil\u00f3sofo tanguero Gustavo Varela. <strong>Las instancias de ese libro est\u00e1n partidas por la pol\u00edtica argentina y sus ideas.<\/strong><\/p>\n<\/div>\n<div class=\"sc-45461e9c-0 eqiBeF container-text text-embed \" id=\"element-body-10\" readability=\"61\">\n<p>Pujol agrega respecto a este ejemplo: \u201cTengo deuda intelectual con \u00e9l, y de hecho lo cito reiteradamente. En todo caso, la diferencia entre ambos libros radica en la formaci\u00f3n de la que venimos cada uno\u201d.<\/p>\n<\/div>\n<div class=\"sc-45461e9c-0 eqiBeF container-text text-embed \" id=\"element-body-11\" readability=\"65\">\n<p><strong>A la hora de hablar de Carlos Gardel, planteado en \u201cLa edad del sentimiento\u201d, Pujol reconstruye su figura a trav\u00e9s de su voz.<\/strong> Algo que para la canci\u00f3n de la m\u00fasica argentina sigue vigente, quiz\u00e1s de otras maneras. <strong>Del tango al rap, pasando por el folclore y el rock, la voz y las palabras siguen siendo protagonistas.<\/strong><\/p>\n<\/div>\n<div class=\"sc-45461e9c-0 eqiBeF container-text text-embed \" id=\"element-body-12\" readability=\"67\">\n<p>\u201cQue Gardel abri\u00f3 puertas, no caben dudas. Tal vez podr\u00edamos pensar cierta similitud en cuanto a la receptividad de distintas influencias para asimilarlas a una lengua propia. Mientras Gardel deglut\u00eda voces de la \u00f3pera al mismo tiempo que admiraba a Jos\u00e9 Betinotti, l<strong>os raperos se nutren de escenas urbanas de otras latitudes sin desconocer las problem\u00e1ticas locales.<\/strong> Y de esos maridajes siempre sale algo original, de \u2018ac\u00e1\u2019 en di\u00e1logo con \u2018all\u00e1\u2019\u201d, explica el ensayista especializado, tambi\u00e9n, en m\u00fasica de tradici\u00f3n popular. Del Jazz al folclore, del rock al tango.<\/p>\n<\/div>\n<div class=\"sc-45461e9c-0 eqiBeF container-text text-embed \" id=\"element-body-13\" readability=\"66\">\n<p>Sobre Astor Piazzolla, planteado en \u201cLa edad de la ruptura\u201d, el autor, que ya hab\u00eda escrito sobre al bandoneonista reiteradas veces, elije entregar un ensayo sint\u00e9tico y directo.<strong> Algo que no suele encontrarse en biograf\u00edas y libros sobre Piazzolla.<\/strong> No es f\u00e1cil puntualizar la carrera de uno de los artistas m\u00e1s importantes, no solo del tango, sino de la cultura argentina en general.<\/p>\n<\/div>\n<div class=\"sc-45461e9c-0 eqiBeF container-text text-embed \" id=\"element-body-15\" readability=\"62\">\n<p>Y lo interesante es que pareciera ser que <strong>hasta el contexto en Piazzolla es \u00e9l mismo por su dimensi\u00f3n y su potencia<\/strong>. Como si fuera texto y contexto al mismo tiempo. El autor lo plantea, adem\u00e1s, como una clave de acceso a esa edad de la ruptura que a\u00fan no se ha desarrollado tanto como otras edades.<\/p>\n<\/div>\n<p><h2>Las mujeres del tango<\/h2>\n<\/p>\n<div class=\"sc-45461e9c-0 eqiBeF container-text text-embed \" id=\"element-body-17\" readability=\"65\">\n<p>Una de las curiosidades del libro es que <strong>al tango compuesto en el siglo XXI (con sus compositores y compositoras, bares, sellos y periodistas afines) no lo incluy\u00f3 como una edad m\u00e1s. <\/strong>Y adem\u00e1s, a la hora de mencionar artistas destacados elige, preferentemente, a mujeres como<strong> la cantora Julieta Laso y la pianista y compositora Noelia Sinkunas.<\/strong><\/p>\n<\/div>\n<div class=\"sc-45461e9c-0 eqiBeF container-text text-embed \" id=\"element-body-18\" readability=\"62\">\n<p><strong>El autor asegura que no pens\u00f3 en cupos.<\/strong> \u201cRealmente creo que una parte sustantiva de lo que hoy sucede con el tango tiene que ver con cancionistas, int\u00e9rpretes y compositoras. En mi opini\u00f3n, las que nombr\u00e1s destacan claramente por la originalidad y potencia de sus trabajos\u201d, aclara.<\/p>\n<\/div>\n<div class=\"sc-45461e9c-0 eqiBeF container-text text-embed \" id=\"element-body-19\" readability=\"61\">\n<p>Y explica la ausencia de edad para este nuevo tango: \u201cRespecto al ep\u00edlogo, en alg\u00fan momento pens\u00e9 en llamarlo \u2018edad de la reinvenci\u00f3n\u2019. Finalmente prefer\u00ed ser m\u00e1s cauto. Al fin y al cabo, <strong>lo mejor que se puede decir de un g\u00e9nero musical es que su final sigue abierto<\/strong>\u201d.<\/p>\n<\/div>\n<div class=\"sc-98b114a2-0 bkqiHH image-embed image-embed \" id=\"element-body-20\"><picture class=\"sc-98b114a2-1 jRUlDm\"><source media=\"(min-width: 975px)\" width=\"720\" height=\"480\" srcset=\"http:\/\/cordobateve.net\/wp-content\/uploads\/2026\/09\/sergio-pujol-y-una-nueva-historia-del-tango-de-gardel-a-piazzolla-4.jpg\"><img alt=\"Astor Piazzolla. Archivo Clar\u00edn.\" loading=\"eager\" width=\"720\" height=\"480\" decoding=\"async\" data-nimg=\"1\" src=\"http:\/\/cordobateve.net\/wp-content\/uploads\/2026\/09\/sergio-pujol-y-una-nueva-historia-del-tango-de-gardel-a-piazzolla-4.jpg\"><span class=\"epigraphe\" aria-hidden=\"true\">Astor Piazzolla. Archivo Clar\u00edn.<\/span><span class=\"picture-open\"><button class=\"open-image\" aria-label=\"Open Image\"><\/button><\/span><\/picture><\/div>\n<div class=\"sc-45461e9c-0 eqiBeF container-text text-embed \" id=\"element-body-21\" readability=\"64\">\n<p>Cuenta el autor en el pr\u00f3logo que la idea para este libro, de alguna manera, se la termin\u00f3 de lustrar el historiador ingl\u00e9s Eric Hobsbawm (1917-2012). Pujol es profesor titular de Historia del Siglo XX en la UNLP y <strong>algunas de las metodolog\u00edas para pensar ese siglo siempre estuvieron en di\u00e1logo, y a modo de referencia, con Hobsbawm.<\/strong><\/p>\n<\/div>\n<div class=\"sc-45461e9c-0 eqiBeF container-text text-embed \" id=\"element-body-22\" readability=\"62\">\n<p>Ambos amantes de la historia del jazz, de hecho hay alumnos en La Plata que han dado sus finales con ejemplos de cultura y m\u00fasica en ese g\u00e9nero, una vez se cruzaron en una conferencia en Buenos Aires y el tema inicial fue el jazz. <strong>Hasta que llegaron al tango y una pregunta del ingl\u00e9s qued\u00f3 girando en el aire: \u00bfno hay un libro social y total del tango?<\/strong><\/p>\n<\/div>\n<div class=\"sc-45461e9c-0 eqiBeF container-text text-embed \" id=\"element-body-23\" readability=\"61\">\n<p>Pujol tard\u00f3 en responder su pregunta pero ahora lo hace de la mejor manera. <strong>En el canal que ambos historiadores eligieron para dejar su aporte a nuestra historia.<\/strong> A modo de cierre, Pujol arriesga qu\u00e9 pensar\u00eda hoy Hobsbawm sobre esta respuesta final hecha libro: \u201cSin duda reconocer\u00eda sus propias huellas en sus p\u00e1ginas\u201d.<\/p>\n<\/div>\n<div class=\"sc-45461e9c-0 eqiBeF container-text text-embed \" id=\"element-body-25\" readability=\"58\">\n<p><strong><em>Las edades del tango,<\/em> de Sergio Pujol (Planeta).<\/strong><\/p>\n<\/div>\n","protected":false},"excerpt":{"rendered":"<p>Una mujer cantando una milonga y un hombre de rastas tocando el bandone\u00f3n. Un criollo engominado entonando el primer tango con letra y un compositor dirigiendo una orquesta adentro de una radio. Un flaco desgarbado con una remera de Tom Waits componiendo en tono arrabalero y una mujer al piano, mixturando tango con chamam\u00e9. Un [&hellip;]<\/p>\n","protected":false},"author":1,"featured_media":133326,"comment_status":"closed","ping_status":"closed","sticky":false,"template":"","format":"standard","meta":[],"categories":[22],"tags":[],"_links":{"self":[{"href":"http:\/\/cordobateve.net\/index.php\/wp-json\/wp\/v2\/posts\/133325"}],"collection":[{"href":"http:\/\/cordobateve.net\/index.php\/wp-json\/wp\/v2\/posts"}],"about":[{"href":"http:\/\/cordobateve.net\/index.php\/wp-json\/wp\/v2\/types\/post"}],"author":[{"embeddable":true,"href":"http:\/\/cordobateve.net\/index.php\/wp-json\/wp\/v2\/users\/1"}],"replies":[{"embeddable":true,"href":"http:\/\/cordobateve.net\/index.php\/wp-json\/wp\/v2\/comments?post=133325"}],"version-history":[{"count":0,"href":"http:\/\/cordobateve.net\/index.php\/wp-json\/wp\/v2\/posts\/133325\/revisions"}],"wp:featuredmedia":[{"embeddable":true,"href":"http:\/\/cordobateve.net\/index.php\/wp-json\/wp\/v2\/media\/133326"}],"wp:attachment":[{"href":"http:\/\/cordobateve.net\/index.php\/wp-json\/wp\/v2\/media?parent=133325"}],"wp:term":[{"taxonomy":"category","embeddable":true,"href":"http:\/\/cordobateve.net\/index.php\/wp-json\/wp\/v2\/categories?post=133325"},{"taxonomy":"post_tag","embeddable":true,"href":"http:\/\/cordobateve.net\/index.php\/wp-json\/wp\/v2\/tags?post=133325"}],"curies":[{"name":"wp","href":"https:\/\/api.w.org\/{rel}","templated":true}]}}