{"id":133339,"date":"2026-09-03T17:31:49","date_gmt":"2026-09-03T17:31:49","guid":{"rendered":"https:\/\/www.espinof.com\/entrevistas\/creador-silo-me-ha-soltado-spoiler-gigantesco-temporada-4-no-recuerdo-control-memoria-parte-fundamental-este-proyecto"},"modified":"2026-09-03T17:31:49","modified_gmt":"2026-09-03T17:31:49","slug":"el-creador-de-silo-me-ha-soltado-un-spoiler-gigantesco-de-la-temporada-4-pero-no-lo-recuerdo-el-control-de-la-memoria-es-una-parte-fundamental-de-este-proyecto","status":"publish","type":"post","link":"http:\/\/cordobateve.net\/index.php\/2026\/09\/03\/el-creador-de-silo-me-ha-soltado-un-spoiler-gigantesco-de-la-temporada-4-pero-no-lo-recuerdo-el-control-de-la-memoria-es-una-parte-fundamental-de-este-proyecto\/","title":{"rendered":"El creador de &#8216;Silo&#8217; me ha soltado un spoiler gigantesco de la temporada 4, pero no lo recuerdo: \u00abEl control de la memoria es una parte fundamental de este proyecto\u00bb"},"content":{"rendered":"<p>Era una tarde extra\u00f1amente fresca de agosto. Al otro lado de la pantalla, <strong>Graham Yost disfruta de una buena sesi\u00f3n de entrevistas<\/strong>. Poco se imaginaba entonces que casi diez minutos despu\u00e9s estuviese rogando por mantenerse en el puesto entre risas. <em>\u00abNo me despid\u00e1is\u00bb<\/em>, clamaba el creador de &#8216;<a href=\"https:\/\/www.espinof.com\/criticas\/he-visto-temporada-3-silo-puedo-decir-que-da-que-promete-thriller-ciencia-ficcion-apple-tv-arregla-sus-problemas-su-vistazo-al-pasado\">Silo<\/a>&#8216; despu\u00e9s de meterse en un jard\u00edn de <strong>spoilers<\/strong>.<\/p>\n<p><!-- BREAK 1 --> <\/p>\n<p>M\u00e1s all\u00e1 de la an\u00e9cdota que, imagino, podr\u00e9 contar m\u00e1s en detalle en lo que o bien estemos devorando la pr\u00f3xima temporada 4 de &#8216;Silo&#8217; o bien se me pase el efecto de la Vitamina D+, he <strong>podido tener un ameno rato de conversaci\u00f3n<\/strong> con el creador de la fant\u00e1stica distop\u00eda de Apple TV.&nbsp;<\/p>\n<p>Una entrevista en la que Graham Yost se ha adentrado en el gran tema de la temporada y c\u00f3mo fue la llegada de Troy (personaje que da t\u00edtulo al \u00faltimo episodio de esta temporada) en los libros lo que supuso la chispa para<strong> incorporar (el borrado de) la memoria a la trama de Juliette<\/strong> (<em>\u00ab<\/em><em>no puedes tener a Juliette ausente durante toda una temporada<\/em><em>\u00bb<\/em>).<\/p>\n<p><!-- BREAK 2 --><\/p>\n<div class=\"article-asset article-asset-normal article-asset-center\">\n<div class=\"desvio-container\">\n<div class=\"desvio\">\n<div class=\"desvio-figure js-desvio-figure\"> <a href=\"https:\/\/www.espinof.com\/series-de-ficcion\/creador-silo-desvela-cuando-veremos-al-verdadero-villano-serie-ciencia-ficcion-unica-pista-no-villano-filosofico\" class=\"pivot-outboundlink\" data-vars-post-title=\"El creador de 'Silo' desvela cu\u00e1ndo veremos al verdadero villano de la serie de ciencia ficci\u00f3n. La \u00fanica pista: &quot;No es un villano filos\u00f3fico&quot;\"> <img loading=\"lazy\" alt=\"El creador de 'Silo' desvela cu\u00e1ndo veremos al verdadero villano de la serie de ciencia ficci\u00f3n. La \u00fanica pista: &quot;No es un villano filos\u00f3fico&quot;\" width=\"375\" height=\"142\" src=\"http:\/\/cordobateve.net\/wp-content\/uploads\/2026\/09\/el-creador-de-silo-me-ha-soltado-un-spoiler-gigantesco-de-la-temporada-4-pero-no-lo-recuerdo-el-control-de-la-memoria-es-una-parte-fundamental-de-este-proyecto.jpg\"> <\/a> <\/div><\/div><\/div>\n<\/div>\n<p>Tambi\u00e9n hemos podido hablar de c\u00f3mo el que el autor de los libros, Hugh Howie, se \u00abcriase\u00bb <strong>en el mundo de la autopublicaci\u00f3n <\/strong>y el fanfic ayud\u00f3 a tener libertad a la hora de adaptar y sobre su empe\u00f1o en que los villanos de este mundo lo sean pero no mucho.&nbsp;<\/p>\n<p><!-- BREAK 3 --> <\/p>\n<h2>Graham Yost y la temporada 3 de &#8216;Silo&#8217;<\/h2>\n<p><strong>Albertini (A): Uno de los temas recurrentes de &#8216;Silo&#8217; es la memoria. En esta temporada incides en ello incluso m\u00e1s (Juliette, el tratamiento de Charlotte, la vitamina D+, etc.) \u00bfQu\u00e9 es lo que tanto te fascina sobre la memoria que lo que quisiste darle un papel tan destacado en la historia?<\/strong><\/p>\n<p><strong>Graham Yost (GY)<\/strong>: Bien, parte viene de los libros de <strong>Hugh (Howey)<\/strong>. Sent\u00edamos que las dos primeras temporadas cubr\u00edan el primer libro de la trilog\u00eda y que esta temporada, la temporada 3, cubrir\u00eda el libro del medio, el segundo. Pero Juliette no aparece en esa historia del libro hasta el mismo final. Por lo que sab\u00edamos que necesit\u00e1bamos una historia para Juliette, porque tenemos a Rebecca Ferguson y es fant\u00e1stica; nos encanta contar con ella. Adem\u00e1s, ser\u00eda una locura no aprovecharla.&nbsp;<\/p>\n<p><!-- BREAK 4 --><\/p>\n<p><strong>As\u00ed que nos preguntamos: \u00bfcu\u00e1l podr\u00eda ser su historia? <\/strong>En el libro hay un elemento importante: Daniel, que all\u00ed se llamaba Donald, despierta de la criosuspensi\u00f3n creyendo que se llama Troy. Es una persona nueva. <strong>Entonces pensamos: \u00abUn momento, la memoria\u00bb<\/strong>. El control de la memoria es una parte fundamental de este proyecto. Sabemos que en el Silo 18 pr\u00e1cticamente borraron los recuerdos de todos hace 140 a\u00f1os. Eso ya lo supimos en la primera temporada.&nbsp;<\/p>\n<p><!-- BREAK 5 --><\/p>\n<div class=\"article-asset-image article-asset-large article-asset-center\">\n<div class=\"asset-content\"> <img class=\"centro_sinmarco\" height=\"675\" width=\"1200\" loading=\"lazy\" decoding=\"async\" sizes=\"100vw\" fetchpriority=\"high\" srcset=\"http:\/\/cordobateve.net\/wp-content\/uploads\/2026\/09\/el-creador-de-silo-me-ha-soltado-un-spoiler-gigantesco-de-la-temporada-4-pero-no-lo-recuerdo-el-control-de-la-memoria-es-una-parte-fundamental-de-este-proyecto-1.jpg 450w, http:\/\/cordobateve.net\/wp-content\/uploads\/2026\/09\/el-creador-de-silo-me-ha-soltado-un-spoiler-gigantesco-de-la-temporada-4-pero-no-lo-recuerdo-el-control-de-la-memoria-es-una-parte-fundamental-de-este-proyecto-6.jpg 681w, http:\/\/cordobateve.net\/wp-content\/uploads\/2026\/09\/el-creador-de-silo-me-ha-soltado-un-spoiler-gigantesco-de-la-temporada-4-pero-no-lo-recuerdo-el-control-de-la-memoria-es-una-parte-fundamental-de-este-proyecto-7.jpg 1024w, http:\/\/cordobateve.net\/wp-content\/uploads\/2026\/09\/el-creador-de-silo-me-ha-soltado-un-spoiler-gigantesco-de-la-temporada-4-pero-no-lo-recuerdo-el-control-de-la-memoria-es-una-parte-fundamental-de-este-proyecto-8.jpg 1366w\" src=\"http:\/\/cordobateve.net\/wp-content\/uploads\/2026\/09\/el-creador-de-silo-me-ha-soltado-un-spoiler-gigantesco-de-la-temporada-4-pero-no-lo-recuerdo-el-control-de-la-memoria-es-una-parte-fundamental-de-este-proyecto-1.jpg\" alt=\"Silo 3x08 Temporada 3 Capitulo 8 S03e08 Gray Goo Apple Tv Carlost Charlotte Keene 2026 1200x675\"> <noscript><img alt=\"Silo 3x08 Temporada 3 Capitulo 8 S03e08 Gray Goo Apple Tv Carlost Charlotte Keene 2026 1200x675\" class=\"centro_sinmarco\" src=\"http:\/\/cordobateve.net\/wp-content\/uploads\/2026\/09\/el-creador-de-silo-me-ha-soltado-un-spoiler-gigantesco-de-la-temporada-4-pero-no-lo-recuerdo-el-control-de-la-memoria-es-una-parte-fundamental-de-este-proyecto-1.jpg\"><\/noscript> <\/div>\n<\/div>\n<p>As\u00ed que surgi\u00f3 la idea de profundizar en la memoria. Vale, si Juliette regresa, o bien tienen que matarla o tienen que matar sus recuerdos. Y pensamos: <em>\u00ab\u00bfY si no pueden matarla porque es demasiado popular?\u00bb.<\/em><strong> Entonces la \u00fanica opci\u00f3n es borrar su memoria. Y as\u00ed naci\u00f3 la trama de Juliette.<\/strong><\/p>\n<p><!-- BREAK 6 --> <\/p>\n<p>Despu\u00e9s se nos ocurri\u00f3 la idea de que Daniel tuviera una hermana, que fuese aviadora naval y participara en esta misi\u00f3n. En el libro existe una misi\u00f3n a Ir\u00e1n. \u00bfY si ella formara parte de ella? <strong>\u00bfY si, al regresar, no pudiera recordar nada?<\/strong> Ah\u00ed fue realmente donde empez\u00f3 todo para nosotros.<\/p>\n<p><!-- BREAK 7 --><\/p>\n<p><strong>A: Hablando sobre los libros, he visto a muchos fans criticando esta temporada porque os hab\u00e9is separado mucho de ellos. Pero entonces ves a Hugh Howie, el autor, respald\u00e1ndoos. \u00bfHasta qu\u00e9 punto est\u00e1 implicado en la serie? \u00bfLe inform\u00e1is de los cambios?, \u00bfprefiere dejaros ir a lo vuestro?<\/strong><\/p>\n<p><!-- BREAK 8 --><\/p>\n<p><strong>GY<\/strong>: Hugh nos ha dejado ir a lo nuestro. Connie, mi esposa, me recuerda esto. Justo desde el principio \u2013\u00e9l lanz\u00f3 los libros hace 10, 12 a\u00f1os o los que sean\u2013 apoya el fanfic porque \u00e9l lo escribi\u00f3 y autopublic\u00f3 en Amazon <strong>la primera historia y despeg\u00f3.<\/strong><\/p>\n<p><!-- BREAK 9 --><\/p>\n<p>Entonces empez\u00f3 a escribir los libros y, para \u00e9l, todo esto consiste en formar parte de una comunidad de personas que trabajan dentro de esta historia. Y siempre ha apoyado que cada uno aporte sus propias ideas. As\u00ed que, en este caso, se trataba simplemente de llevar eso a una escala mayor, pero trabajando tambi\u00e9n, m\u00e1s o menos, dentro de los l\u00edmites que \u00e9l hab\u00eda establecido. A lo largo de las cuatro temporadas ver\u00e1s que empezamos a\u2026 <strong>Bueno, no quiero desvelar demasiado.<\/strong><\/p>\n<p><!-- BREAK 10 --> <\/p>\n<div class=\"article-asset article-asset-normal article-asset-center\">\n<div class=\"desvio-container\">\n<div class=\"desvio\">\n<div class=\"desvio-figure js-desvio-figure\"> <a href=\"https:\/\/www.espinof.com\/series-de-ficcion\/quedaos-nosotros-temporada-3-silo-se-ha-distanciado-libros-que-su-autor-ha-lanzado-suplica-a-fans\" class=\"pivot-outboundlink\" data-vars-post-title=\"&quot;Quedaos con nosotros&quot;. La temporada 3 de 'Silo' se ha distanciado tanto de los libros que su autor ha lanzado una s\u00faplica a los fans de la saga de ciencia ficci\u00f3n\"> <img loading=\"lazy\" alt=\"&quot;Quedaos con nosotros&quot;. La temporada 3 de 'Silo' se ha distanciado tanto de los libros que su autor ha lanzado una s\u00faplica a los fans de la saga de ciencia ficci\u00f3n\" width=\"375\" height=\"142\" src=\"http:\/\/cordobateve.net\/wp-content\/uploads\/2026\/09\/el-creador-de-silo-me-ha-soltado-un-spoiler-gigantesco-de-la-temporada-4-pero-no-lo-recuerdo-el-control-de-la-memoria-es-una-parte-fundamental-de-este-proyecto-2.jpg\"> <\/a> <\/div><\/div><\/div>\n<\/div>\n<p>Hay algo que suelo decirle a la gente, y Hugh y yo lo hicimos muchas entrevistas, especialmente durante la primera temporada. Le dec\u00eda: <em>\u00abHugh, quiero que todo el mundo que nos est\u00e9 escuchando compre varios ejemplares de tus libros, pero no quiero que los lean hasta que termine la serie\u00bb.<\/em><\/p>\n<p><!-- BREAK 11 --><\/p>\n<p>S\u00e9 que en Reddit hay dos comunidades diferentes: <strong>una para la gente que ha le\u00eddo los libros y otra para quienes no los han le\u00eddo.<\/strong> Y en los foros de la serie es como: <em>\u00abSi has le\u00eddo los libros, por favor, no publiques aqu\u00ed\u00bb<\/em>, porque no quieren saber lo que va a pasar. Quieren vivir el misterio y simplemente dejar que les contemos la historia. Y, para m\u00ed, las dos maneras de vivirla est\u00e1n bien.<\/p>\n<p><!-- BREAK 12 --><\/p>\n<p>A veces recibo mensajes de amigos que acaban de leer los libros y me dicen: <em>\u00abOs hab\u00e9is alejado much\u00edsimo de los libros\u00bb<\/em>. Y yo pienso: <em>\u00abVale, amigo. S\u00ed, ese es mi trabajo\u00bb<\/em>. Tengo que convertir esto en una serie de televisi\u00f3n. Y no soy yo solo: somos un grupo muy grande de personas.<\/p>\n<p><!-- BREAK 13 --><\/p>\n<p>As\u00ed que tenemos muchas opiniones y nuestro trabajo consiste realmente en encontrar la manera de avanzar para poder hacer algo que sea provocador, fiel y entretenido. Hay cosas que tienes que hacer en una serie de televisi\u00f3n que no tienes que hacer en un libro. Por ejemplo, no puedes tener a Juliette ausente durante toda una temporada. Eso no se puede hacer.<\/p>\n<p><!-- BREAK 14 --><\/p>\n<div class=\"article-asset-image article-asset-large article-asset-center\">\n<div class=\"asset-content\"> <img class=\"centro_sinmarco\" height=\"1080\" width=\"1920\" loading=\"lazy\" decoding=\"async\" sizes=\"100vw\" fetchpriority=\"high\" srcset=\"http:\/\/cordobateve.net\/wp-content\/uploads\/2026\/09\/el-creador-de-silo-me-ha-soltado-un-spoiler-gigantesco-de-la-temporada-4-pero-no-lo-recuerdo-el-control-de-la-memoria-es-una-parte-fundamental-de-este-proyecto-3.jpg 450w, http:\/\/cordobateve.net\/wp-content\/uploads\/2026\/09\/el-creador-de-silo-me-ha-soltado-un-spoiler-gigantesco-de-la-temporada-4-pero-no-lo-recuerdo-el-control-de-la-memoria-es-una-parte-fundamental-de-este-proyecto-9.jpg 681w, http:\/\/cordobateve.net\/wp-content\/uploads\/2026\/09\/el-creador-de-silo-me-ha-soltado-un-spoiler-gigantesco-de-la-temporada-4-pero-no-lo-recuerdo-el-control-de-la-memoria-es-una-parte-fundamental-de-este-proyecto-10.jpg 1024w, http:\/\/cordobateve.net\/wp-content\/uploads\/2026\/09\/el-creador-de-silo-me-ha-soltado-un-spoiler-gigantesco-de-la-temporada-4-pero-no-lo-recuerdo-el-control-de-la-memoria-es-una-parte-fundamental-de-este-proyecto-11.jpg 1366w\" src=\"http:\/\/cordobateve.net\/wp-content\/uploads\/2026\/09\/el-creador-de-silo-me-ha-soltado-un-spoiler-gigantesco-de-la-temporada-4-pero-no-lo-recuerdo-el-control-de-la-memoria-es-una-parte-fundamental-de-este-proyecto-3.jpg\" alt=\"Silo Photo 030106 Jpg Photo Modal Show Home Large\"> <noscript><img alt=\"Silo Photo 030106 Jpg Photo Modal Show Home Large\" class=\"centro_sinmarco\" src=\"http:\/\/cordobateve.net\/wp-content\/uploads\/2026\/09\/el-creador-de-silo-me-ha-soltado-un-spoiler-gigantesco-de-la-temporada-4-pero-no-lo-recuerdo-el-control-de-la-memoria-es-una-parte-fundamental-de-este-proyecto-3.jpg\"><\/noscript> <\/div>\n<\/div>\n<p><strong>A: La serie parece determinada en que sus villanos dejen de serlo. \u00bfPor qu\u00e9 est\u00e1s tan interesado en evitar la idea de este gran antagonista y retratar a esta gente como personajes que, de alg\u00fan modo, se han encontrado en ese papel?<\/strong><\/p>\n<p><!-- BREAK 15 --> <\/p>\n<p><strong>GY<\/strong>: Sabes, estaba pensando en esto precisamente hoy. Hay personas en nuestro mundo que simplemente son malas. Son malas, sin m\u00e1s. Son los malos. Hacen cosas malas por malas razones. Pero esta no es esa clase de historia. En nuestra historia, todo el mundo tiene sus motivos.<\/p>\n<p><!-- BREAK 16 --><\/p>\n<p>Incluso los que, entre comillas, son los malos. Y sentimos que esta temporada nos daba la oportunidad de profundizar realmente en eso, cuando Bernard y Sims se enfrentan a una verdad que desconoc\u00edan: que el Silo Uno, por el motivo que fuera, pod\u00eda acabar con todo su silo en cualquier momento.<\/p>\n<p><!-- BREAK 17 --><\/p>\n<p>Y entonces tienes que elegir: puedes simplemente rendirte, puedes suicidarte. Bernard iba a hacerlo. Iba a salir al exterior, ver el mundo y despu\u00e9s morir. Y, si la situaci\u00f3n se volv\u00eda demasiado dolorosa, iba a pegarse un tiro, \u00bfno? Simplemente se hab\u00eda rendido.<\/p>\n<p><!-- BREAK 18 --><\/p>\n<div class=\"article-asset article-asset-normal article-asset-center\">\n<div class=\"desvio-container\">\n<div class=\"desvio\">\n<div class=\"desvio-figure js-desvio-figure\"> <a href=\"https:\/\/www.espinof.com\/series-de-ficcion\/silo-justifica-a-gran-antagonista-temporada-3-creo-que-esto-agrega-capa-fascinante-al-juego-poder-distopia\" class=\"pivot-outboundlink\" data-vars-post-title=\"'Silo' justifica a la gran antagonista de la temporada 3. Y creo que esto agrega una capa fascinante al juego de poder de la distop\u00eda \"> <img loading=\"lazy\" alt=\"'Silo' justifica a la gran antagonista de la temporada 3. Y creo que esto agrega una capa fascinante al juego de poder de la distop\u00eda \" width=\"375\" height=\"142\" src=\"http:\/\/cordobateve.net\/wp-content\/uploads\/2026\/09\/el-creador-de-silo-me-ha-soltado-un-spoiler-gigantesco-de-la-temporada-4-pero-no-lo-recuerdo-el-control-de-la-memoria-es-una-parte-fundamental-de-este-proyecto-4.jpg\"> <\/a> <\/div><\/div><\/div>\n<\/div>\n<p><strong>Pero entonces aparece Juliette y le dice: <\/strong><strong><em>\u00abQuiz\u00e1 haya otra manera\u00bb<\/em><\/strong>. Y eso lo cambia todo. As\u00ed que pensamos que, adem\u00e1s, es algo en lo que yo creo: las personas pueden redimirse. Incluso las personas que han hecho\u2026 Porque Bernard y Sims no sab\u00edan que eran los malos durante la primera y la segunda temporada.<\/p>\n<p><!-- BREAK 19 --><\/p>\n<p>Bernard y Sims pensaban que lo que estaban haciendo era salvar el silo. Y creo que, en realidad, hay personas malas que piensan que simplemente est\u00e1n haciendo su trabajo, que tienen que hacerlo. Y realmente no se paran a pensar en ello. Incluso cuando se enfrentan a la verdad en la vida real, dicen: <em>\u00abBueno, ya sabes, yo tengo que hacer mi trabajo\u00bb<\/em>.<\/p>\n<p><!-- BREAK 20 --><\/p>\n<p>Y t\u00fa piensas: <em>\u00abT\u00edo, \u00bfen serio? Porque tu trabajo est\u00e1 mal. Lo que est\u00e1s haciendo est\u00e1 mal. No deber\u00edas hacerle eso a la gente\u00bb<\/em>. Y, de alguna manera, esta es una versi\u00f3n m\u00e1s esperanzadora de la realidad. As\u00ed que, si hay una idea que resume toda la serie, ser\u00eda quiz\u00e1 esta: buscar a personas que hagan lo correcto cuando conocen la verdad.<\/p>\n<p><!-- BREAK 21 --> <\/p>\n<p>En Espinof |&nbsp;<a href=\"https:\/\/www.espinof.com\/listas\/mejores-series-apple-tv\">Las mejores series de Apple TV<\/a><\/p>\n<p>En Espinof | <a href=\"https:\/\/www.espinof.com\/listas\/mejores-series-ciencia-ficcion-fantasia-2026\" target=\"_blank\" rel=\"noopener noreferrer\">Las mejores series de ciencia ficci\u00f3n y fantas\u00eda en 2026 (por ahora)<\/a><\/p>\n","protected":false},"excerpt":{"rendered":"<p>Era una tarde extra\u00f1amente fresca de agosto. Al otro lado de la pantalla, Graham Yost disfruta de una buena sesi\u00f3n de entrevistas. Poco se imaginaba entonces que casi diez minutos despu\u00e9s estuviese rogando por mantenerse en el puesto entre risas. \u00abNo me despid\u00e1is\u00bb, clamaba el creador de &#8216;Silo&#8216; despu\u00e9s de meterse en un jard\u00edn de [&hellip;]<\/p>\n","protected":false},"author":1,"featured_media":133340,"comment_status":"closed","ping_status":"closed","sticky":false,"template":"","format":"standard","meta":[],"categories":[24],"tags":[],"_links":{"self":[{"href":"http:\/\/cordobateve.net\/index.php\/wp-json\/wp\/v2\/posts\/133339"}],"collection":[{"href":"http:\/\/cordobateve.net\/index.php\/wp-json\/wp\/v2\/posts"}],"about":[{"href":"http:\/\/cordobateve.net\/index.php\/wp-json\/wp\/v2\/types\/post"}],"author":[{"embeddable":true,"href":"http:\/\/cordobateve.net\/index.php\/wp-json\/wp\/v2\/users\/1"}],"replies":[{"embeddable":true,"href":"http:\/\/cordobateve.net\/index.php\/wp-json\/wp\/v2\/comments?post=133339"}],"version-history":[{"count":0,"href":"http:\/\/cordobateve.net\/index.php\/wp-json\/wp\/v2\/posts\/133339\/revisions"}],"wp:featuredmedia":[{"embeddable":true,"href":"http:\/\/cordobateve.net\/index.php\/wp-json\/wp\/v2\/media\/133340"}],"wp:attachment":[{"href":"http:\/\/cordobateve.net\/index.php\/wp-json\/wp\/v2\/media?parent=133339"}],"wp:term":[{"taxonomy":"category","embeddable":true,"href":"http:\/\/cordobateve.net\/index.php\/wp-json\/wp\/v2\/categories?post=133339"},{"taxonomy":"post_tag","embeddable":true,"href":"http:\/\/cordobateve.net\/index.php\/wp-json\/wp\/v2\/tags?post=133339"}],"curies":[{"name":"wp","href":"https:\/\/api.w.org\/{rel}","templated":true}]}}