{"id":133384,"date":"2026-09-03T19:14:03","date_gmt":"2026-09-03T19:14:03","guid":{"rendered":"https:\/\/www.clarin.com\/cultura\/ama-amoedo-expone-boca-pintura-medio-desafia-moviliza_0_x4bNICMN2R.html"},"modified":"2026-09-03T19:14:03","modified_gmt":"2026-09-03T19:14:03","slug":"ama-amoedo-expone-en-la-boca-la-pintura-es-el-medio-que-mas-me-desafia-y-moviliza","status":"publish","type":"post","link":"http:\/\/cordobateve.net\/index.php\/2026\/09\/03\/ama-amoedo-expone-en-la-boca-la-pintura-es-el-medio-que-mas-me-desafia-y-moviliza\/","title":{"rendered":"Ama Amoedo expone en La Boca: \u201cLa pintura es el medio que m\u00e1s me desaf\u00eda y moviliza\u201d"},"content":{"rendered":"<p><img src=\"http:\/\/cordobateve.net\/wp-content\/uploads\/2026\/09\/ama-amoedo-expone-en-la-boca-la-pintura-es-el-medio-que-mas-me-desafia-y-moviliza.jpg\"><\/p>\n<div class=\"sc-45461e9c-0 eqiBeF container-text text-embed \" id=\"element-body-0\" readability=\"55.802469135802\">\n<p><strong><a href=\"https:\/\/www.clarin.com\/cultura\/ama-amoedo-compartir-legado-artistas_0_TYyPeOT1jC.html\" target=\"_blank\" title=\"Ama Amoedo\" alt=\"Ama Amoedo\" rel=\"noopener noreferrer\">Ama Amoedo<\/a> <\/strong>presenta <strong><em>Entre Dos lunas<\/em><\/strong> en <strong>Ungallery<\/strong>. Un retorno a la <strong><a href=\"https:\/\/www.clarin.com\/cultura\/amalia-amoedo-adquirio-monitor-yin-yang-impactante-obra-matias-duville-bienal-venecia_0_UEakQEGRUN.html\" target=\"_blank\" title=\"pintura \" alt=\"pintura \" rel=\"noopener noreferrer\">pintura <\/a><\/strong>que se <strong>fusiona con la poes\u00eda, los rituales y los recuerdos <\/strong>que le permiten mantener intactos momentos de su infancia como disparadores que la impulsan hacia algo nuevo.<\/p>\n<\/div>\n<div class=\"sc-98b114a2-0 bkqiHH image-embed image-embed \" id=\"element-body-1\"><picture class=\"sc-98b114a2-1 jRUlDm\"><source media=\"(min-width: 975px)\" width=\"720\" height=\"480\" srcset=\"http:\/\/cordobateve.net\/wp-content\/uploads\/2026\/09\/ama-amoedo-expone-en-la-boca-la-pintura-es-el-medio-que-mas-me-desafia-y-moviliza-2.jpg\"><img alt=\"Ama Amoedo en el Museo Moderno. Foto: archivo Clar\u00edn.\" loading=\"eager\" width=\"720\" height=\"480\" decoding=\"async\" data-nimg=\"1\" src=\"http:\/\/cordobateve.net\/wp-content\/uploads\/2026\/09\/ama-amoedo-expone-en-la-boca-la-pintura-es-el-medio-que-mas-me-desafia-y-moviliza-2.jpg\"><span class=\"epigraphe\" aria-hidden=\"true\">Ama Amoedo en el Museo Moderno. Foto: archivo Clar\u00edn.<\/span><span class=\"picture-open\"><button class=\"open-image\" aria-label=\"Open Image\"><\/button><\/span><\/picture><\/div>\n<div class=\"sc-45461e9c-0 eqiBeF container-text text-embed \" id=\"element-body-2\" readability=\"57.132911392405\">\n<p>Las <a href=\"https:\/\/www.clarin.com\/cultura\/ama-amoedo-manera-ayudar-churruca-arte-contemporaneo-local_0_TWIUi58AUF.html\" target=\"_blank\" title=\"obras \" alt=\"obras \" rel=\"noopener noreferrer\">obras <\/a>emergen de <strong>un proceso \u00edntimo y paciente<\/strong>, donde se reencuentra con una t\u00e9cnica que jam\u00e1s abandon\u00f3 y que indaga bajo<strong> la curadur\u00eda de Pabli Stein<\/strong>. <\/p>\n<\/div>\n<div class=\"sc-45461e9c-0 eqiBeF container-text text-embed \" id=\"element-body-3\" readability=\"62.426229508197\">\n<p>As\u00ed, los <a href=\"https:\/\/www.clarin.com\/cultura\/fundacion-ama-amoedo-destinara-us-100-mil-financiar-becas-artistas-latinoamerica_0_kcBSQL3kgy.html\" target=\"_blank\" title=\"trazos \" alt=\"trazos \" rel=\"noopener noreferrer\">trazos <\/a>y movimientos sobre la tela se vuelven<strong> una reinterpretaci\u00f3n del cuerpo que se desplaza<\/strong>, como la ni\u00f1a que patinaba sobre el hielo, dejando marcas sutiles que, aunque estaban destinadas a desaparecer, sobrevivieron en su mente.<\/p>\n<\/div>\n<div class=\"sc-98b114a2-0 bkqiHH image-embed image-embed \" id=\"element-body-4\"><picture class=\"sc-98b114a2-1 jRUlDm\"><source media=\"(min-width: 975px)\" width=\"720\" height=\"480\" srcset=\"http:\/\/cordobateve.net\/wp-content\/uploads\/2026\/09\/ama-amoedo-expone-en-la-boca-la-pintura-es-el-medio-que-mas-me-desafia-y-moviliza-3.jpg\"><img alt=\"Vista de sala, Ama Amoedo, entre Dos lunas, Ungallery. Foto: gentileza.\" loading=\"eager\" width=\"720\" height=\"480\" decoding=\"async\" data-nimg=\"1\" src=\"http:\/\/cordobateve.net\/wp-content\/uploads\/2026\/09\/ama-amoedo-expone-en-la-boca-la-pintura-es-el-medio-que-mas-me-desafia-y-moviliza-3.jpg\"><span class=\"epigraphe\" aria-hidden=\"true\">Vista de sala, Ama Amoedo, entre Dos lunas, Ungallery. Foto: gentileza.<\/span><span class=\"picture-open\"><button class=\"open-image\" aria-label=\"Open Image\"><\/button><\/span><\/picture><\/div>\n<div class=\"sc-45461e9c-0 eqiBeF container-text text-embed \" id=\"element-body-5\" readability=\"58\">\n<p><strong>\u2013Pensaste una muestra donde la pintura vuelve a ser la protagonista despu\u00e9s de varios a\u00f1os. \u00bfEs una t\u00e9cnica que forma parte de tu cotidianeidad y procesos creativos m\u00e1s all\u00e1 del devenir?<\/strong><\/p>\n<\/div>\n<div class=\"sc-45461e9c-0 eqiBeF container-text text-embed \" id=\"element-body-6\" readability=\"66\">\n<p>\u2013S\u00ed, es una pr\u00e1ctica constante, as\u00ed como la poes\u00eda. Empec\u00e9 a pintar cuando era muy chica y siempre estoy trabajando entre telas y bastidores, aunque en mis \u00faltimas exposiciones haya optado por presentar proyectos de performance y video. Pintar es una acci\u00f3n personal y de mucha escucha entre lo que pasa sobre la tela y lo que me sucede. Me conecta profundamente con recuerdos, emociones y la acci\u00f3n de componer como si fuera un canal de comunicaci\u00f3n entre el gesto y la sensibilidad y eso me apasiona. Incluso cuando desarrollo otras actividades, muchas veces aparece la idea de una pintura que se va desarrollando y me acompa\u00f1a durante varios d\u00edas. Pintar lleva tiempo y requiere preparaci\u00f3n. En mi caso, me organizo y lo llevo adelante en tiempos reservados para el taller. Es puro disfrute.<\/p>\n<\/div>\n<div class=\"sc-98b114a2-0 bkqiHH image-embed image-embed \" id=\"element-body-7\"><picture class=\"sc-98b114a2-1 jRUlDm\"><source media=\"(min-width: 975px)\" width=\"720\" height=\"480\" srcset=\"http:\/\/cordobateve.net\/wp-content\/uploads\/2026\/09\/ama-amoedo-expone-en-la-boca-la-pintura-es-el-medio-que-mas-me-desafia-y-moviliza-4.jpg\"><img alt=\"Amalia Amoedo. Florecer, 2023. Acr\u00edlico sobre tela, 140 x 120 cm. Foto Diego Spivacow, gentileza.\" loading=\"eager\" width=\"720\" height=\"480\" decoding=\"async\" data-nimg=\"1\" src=\"http:\/\/cordobateve.net\/wp-content\/uploads\/2026\/09\/ama-amoedo-expone-en-la-boca-la-pintura-es-el-medio-que-mas-me-desafia-y-moviliza-4.jpg\"><span class=\"epigraphe\" aria-hidden=\"true\">Amalia Amoedo. Florecer, 2023. Acr\u00edlico sobre tela, 140 x 120 cm. Foto Diego Spivacow, gentileza.<\/span><span class=\"picture-open\"><button class=\"open-image\" aria-label=\"Open Image\"><\/button><\/span><\/picture><\/div>\n<div class=\"sc-45461e9c-0 eqiBeF container-text text-embed \" id=\"element-body-8\" readability=\"58\">\n<p><strong>\u2013\u00bfDir\u00edas que la pintura es uno de tus primeros amores? \u00bfQu\u00e9 te impulsa a querer compartir nuevamente lo que ven\u00eds trabajando en ese estado de intimidad?<\/strong><\/p>\n<\/div>\n<div class=\"sc-45461e9c-0 eqiBeF container-text text-embed \" id=\"element-body-9\" readability=\"69\">\n<p>\u2013Sin duda es el primer amor y uno de los lenguajes iniciales con los que empec\u00e9 a trabajar como artista. Mi formaci\u00f3n comenz\u00f3 cuando ten\u00eda 19 a\u00f1os y me acerqu\u00e9 al mundo del arte para estudiar a lo largo del tiempo con Nicola Costantino, Miguel Harte, Marcia Schwartz y Jorge Gumier Maier, entre otros. Sus miradas me transformaron enormemente. La pintura, adem\u00e1s, es el medio que m\u00e1s me desaf\u00eda y moviliza, por eso siempre quiero volver a ella. Siempre prioric\u00e9 darle lugar a la intuici\u00f3n en mis proyectos, y si bien hace mucho que no compart\u00eda mis trabajos sobre tela sent\u00ed que era momento de hacerlo. Adem\u00e1s, surgi\u00f3 la posibilidad de trabajar junto a Pabli Stein, un gran artista a cuyo taller asist\u00ed por m\u00e1s de diez a\u00f1os y de quien admiro su mirada sensible y exigente. As\u00ed se empez\u00f3 a configurar Entre Dos lunas.<\/p>\n<\/div>\n<div class=\"sc-45461e9c-0 eqiBeF container-text text-embed \" id=\"element-body-11\" readability=\"59\">\n<p><strong>\u2013Otro aspecto que se hace presente en la muestra es el ritual, que entiendo es una herramienta que incorporas en tu vida desde hace muchos a\u00f1os. \u00bfExiste una relaci\u00f3n con los recuerdos?<\/strong><\/p>\n<\/div>\n<div class=\"sc-45461e9c-0 eqiBeF container-text text-embed \" id=\"element-body-12\" readability=\"67\">\n<p>\u2013Creo que existen muchas relaciones porque recordar puede ser un ritual en s\u00ed mismo. Entre Dos lunas parte de un recuerdo puntual de mi infancia, la sensaci\u00f3n fr\u00eda y din\u00e1mica de patinar sobre hielo. Los trazos que dejaban los patines en la pista y balancearme con el cuerpo para hacer esos dibujos, casi invisibles. Levantar nieve y desplazarme con velocidad son sensaciones que a\u00fan hoy retengo en mi mente y tanto la rutina de ir a patinar, como volver sobre eso, se han convertido en rituales para m\u00ed. C\u00f3mo se entrelazan los sentidos en la memoria es algo que siempre me interes\u00f3. En esta ocasi\u00f3n me pareci\u00f3 importante unir ese recuerdo a pinturas que tienen una fuerte impronta abstracta, con l\u00edneas sinuosas que se conectan entre s\u00ed. En mi opini\u00f3n, aqu\u00ed ocurren v\u00ednculos entre rituales, sensaciones y emociones que se procesan y expresan con el cuerpo.<\/p>\n<\/div>\n<div class=\"sc-98b114a2-0 bkqiHH image-embed image-embed \" id=\"element-body-13\"><picture class=\"sc-98b114a2-1 jRUlDm\"><source media=\"(min-width: 975px)\" width=\"720\" height=\"480\" srcset=\"http:\/\/cordobateve.net\/wp-content\/uploads\/2026\/09\/ama-amoedo-expone-en-la-boca-la-pintura-es-el-medio-que-mas-me-desafia-y-moviliza-5.jpg\"><img alt=\"Vista de sala, Ama Amoedo, entre Dos lunas, Ungallery. Foto: gentileza.\" loading=\"eager\" width=\"720\" height=\"480\" decoding=\"async\" data-nimg=\"1\" src=\"http:\/\/cordobateve.net\/wp-content\/uploads\/2026\/09\/ama-amoedo-expone-en-la-boca-la-pintura-es-el-medio-que-mas-me-desafia-y-moviliza-5.jpg\"><span class=\"epigraphe\" aria-hidden=\"true\">Vista de sala, Ama Amoedo, entre Dos lunas, Ungallery. Foto: gentileza.<\/span><span class=\"picture-open\"><button class=\"open-image\" aria-label=\"Open Image\"><\/button><\/span><\/picture><\/div>\n<div class=\"sc-45461e9c-0 eqiBeF container-text text-embed \" id=\"element-body-14\" readability=\"59\">\n<p><strong>\u2013Como artista, manejas un espectro amplio de recursos que van del video a la performance y la poes\u00eda. \u00bfC\u00f3mo te relacionas con ese esp\u00edritu curioso?<\/strong><\/p>\n<\/div>\n<div class=\"sc-45461e9c-0 eqiBeF container-text text-embed \" id=\"element-body-15\" readability=\"67\">\n<p>\u2013Lo que m\u00e1s me estimula es poder producir en cualquier momento y lugar. A veces solo puedo escribir y otras pintar, filmar o pensar una performance. Cada lenguaje tiene su propio tiempo, por lo que agradezco y disfruto esa pluralidad que me permite estar en un permanente estado de proceso aunque las condiciones cambien. La poes\u00eda, por ejemplo, es una pr\u00e1ctica que emerge y que puedo hacer en distintos espacios y momentos, por eso siempre tengo mis cuadernos a mano. En cambio el video y la performance necesitan planificaci\u00f3n, procesos extensos y la colaboraci\u00f3n de otras personas. Eso tambi\u00e9n es parte de lo que disfruto: pensar cada obra desde el lenguaje que mejor le sirve, sin encerrarme en uno solo.<\/p>\n<\/div>\n<div class=\"sc-45461e9c-0 eqiBeF container-text text-embed \" id=\"element-body-16\" readability=\"60\">\n<p><strong>\u2013Esos rituales que mencionabas fueron recopilados en una publicaci\u00f3n que lleva el mismo nombre que la muestra, como una herramienta con la que compart\u00eds peque\u00f1as acciones y poemas que pueden ayudar a otros. \u00bfFue esa la intenci\u00f3n? \u00bfRegalar una posibilidad?<\/strong><\/p>\n<\/div>\n<div class=\"sc-45461e9c-0 eqiBeF container-text text-embed \" id=\"element-body-17\" readability=\"65\">\n<p>\u2013La publicaci\u00f3n re\u00fane algunos de los rituales que practico estacionalmente, como forma de cerrar o darle la bienvenida a los nuevos ciclos. Me interesa la espiritualidad y considero que los rituales son actos de cuidado y protecci\u00f3n. Ten\u00eda muchas ganas de reunir algunos, al igual que mis poemas, en una publicaci\u00f3n que las personas que vengan puedan llevarse. En ese sentido, la intenci\u00f3n es compartir peque\u00f1as acciones que me acompa\u00f1an y que cada uno puede hacer propias, transformar o simplemente guardar.<\/p>\n<\/div>\n<div class=\"sc-98b114a2-0 bkqiHH image-embed image-embed \" id=\"element-body-18\"><picture class=\"sc-98b114a2-1 jRUlDm\"><source media=\"(min-width: 975px)\" width=\"720\" height=\"480\" srcset=\"http:\/\/cordobateve.net\/wp-content\/uploads\/2026\/09\/ama-amoedo-expone-en-la-boca-la-pintura-es-el-medio-que-mas-me-desafia-y-moviliza-6.jpg\"><img alt=\"Vista de sala, Ama Amoedo, entre Dos lunas, Ungallery. Foto: gentileza.\" loading=\"eager\" width=\"720\" height=\"480\" decoding=\"async\" data-nimg=\"1\" src=\"http:\/\/cordobateve.net\/wp-content\/uploads\/2026\/09\/ama-amoedo-expone-en-la-boca-la-pintura-es-el-medio-que-mas-me-desafia-y-moviliza-6.jpg\"><span class=\"epigraphe\" aria-hidden=\"true\">Vista de sala, Ama Amoedo, entre Dos lunas, Ungallery. Foto: gentileza.<\/span><span class=\"picture-open\"><button class=\"open-image\" aria-label=\"Open Image\"><\/button><\/span><\/picture><\/div>\n<div class=\"sc-45461e9c-0 eqiBeF container-text text-embed \" id=\"element-body-19\" readability=\"57\">\n<p><strong>\u2013\u00bfD\u00f3nde aparecen los rituales en tu hacer?<\/strong><\/p>\n<\/div>\n<div class=\"sc-45461e9c-0 eqiBeF container-text text-embed \" id=\"element-body-20\" readability=\"63\">\n<p>\u2013Los rituales me encantan, tengo de todo tipo (risas) e incluso considero que la pintura y la escritura tambi\u00e9n lo son porque me llevan a un plano muy personal. Son espacios en los que me concentro y me desconecto de todo y que me ayudan a estar consciente de la energ\u00eda disponible del momento. Tambi\u00e9n practico rituales vinculados con la naturaleza, como los que aparecen en el libro. Cambiar las flores, prender una vela o transformar un ambiente a trav\u00e9s del aroma de un perfume son maneras de prestar atenci\u00f3n y conectar con el presente.<\/p>\n<\/div>\n<div class=\"sc-45461e9c-0 eqiBeF container-text text-embed \" id=\"element-body-21\" readability=\"57\">\n<p><strong>\u2013\u00bfC\u00f3mo explicar\u00edas el estado entre esas dos lunas?<\/strong><\/p>\n<\/div>\n<div class=\"sc-45461e9c-0 eqiBeF container-text text-embed \" id=\"element-body-22\" readability=\"68\">\n<p>\u2013Por un lado, es el estado de conexi\u00f3n entre la pintura, la escritura y el lenguaje del video. Por el otro, la uni\u00f3n entre pasado y presente que generan los rituales. La muestra propone ciclos que a veces se intersectan y otras se separan, como los pensamientos o los actos creativos. Alrededor de esas repeticiones circulares, me interesa rescatar la importancia del tr\u00e1nsito, de atender el camino y escuchar lo que ocurre entre un estado y otro. Ese espacio intermedio, a veces dif\u00edcil de nombrar, es el estado entre dos lunas.<\/p>\n<\/div>\n<div class=\"sc-98b114a2-0 bkqiHH image-embed image-embed \" id=\"element-body-23\"><picture class=\"sc-98b114a2-1 jRUlDm\"><source media=\"(min-width: 975px)\" width=\"720\" height=\"480\" srcset=\"http:\/\/cordobateve.net\/wp-content\/uploads\/2026\/09\/ama-amoedo-expone-en-la-boca-la-pintura-es-el-medio-que-mas-me-desafia-y-moviliza-7.jpg\"><img alt=\"Amalia Amoedo. Entre dos lunas, 2023. Acr\u00edlico sobre tela, 58 x 29 cm. Foto Diego Spivacow, gentileza.\" loading=\"eager\" width=\"720\" height=\"480\" decoding=\"async\" data-nimg=\"1\" src=\"http:\/\/cordobateve.net\/wp-content\/uploads\/2026\/09\/ama-amoedo-expone-en-la-boca-la-pintura-es-el-medio-que-mas-me-desafia-y-moviliza-7.jpg\"><span class=\"epigraphe\" aria-hidden=\"true\">Amalia Amoedo. Entre dos lunas, 2023. Acr\u00edlico sobre tela, 58 x 29 cm. Foto Diego Spivacow, gentileza.<\/span><span class=\"picture-open\"><button class=\"open-image\" aria-label=\"Open Image\"><\/button><\/span><\/picture><\/div>\n<div class=\"sc-45461e9c-0 eqiBeF container-text text-embed \" id=\"element-body-24\" readability=\"60\">\n<p>Por \u00faltimo,<strong> Pabli Stein<\/strong> comparte su experiencia en relaci\u00f3n al acompa\u00f1amiento <strong>curatorial <\/strong>desde un lugar de <strong>colega pintor y amigo<\/strong>: \u00abMi v\u00ednculo con la obra de Ama viene de hace m\u00e1s de una d\u00e9cada y volver a su taller despu\u00e9s de tanto tiempo fue como un gran <em>d\u00e9j\u00e0 vu<\/em>\u00ab. <\/p>\n<\/div>\n<div class=\"sc-45461e9c-0 eqiBeF container-text text-embed \" id=\"element-body-25\" readability=\"63\">\n<p>Stein agreg\u00f3: \u00abDurante nuestras primeras conversaciones, comenz\u00f3 a aparecer ese recuerdo del patinaje sobre hielo ligado a su infancia. Ella hablaba de la experiencia desde un lugar muy presente y enseguida encontramos relaciones con su manera de pintar hasta que apareci\u00f3 con mucha claridad el gesto en el desplazamiento sobre la superficie, dejando una marca que por momentos controla el movimiento y por momentos tiene que entregarse a \u00e9l. A partir de ah\u00ed apareci\u00f3 el tema central:<strong> c\u00f3mo una experiencia puede ir pasando de un lenguaje a otro<\/strong>. Aqu\u00ed no busc\u00e1bamos ilustrar el patinaje, sino ver qu\u00e9 queda de ese recuerdo al atravesar por diferentes medios\u00bb.<\/p>\n<\/div>\n<div class=\"sc-45461e9c-0 eqiBeF container-text text-embed \" id=\"element-body-27\" readability=\"61\">\n<p><strong><em>Entre Dos lunas<\/em>, obra de Ama Amoedo en Galer\u00eda Ungallery. Inauguraci\u00f3n: s\u00e1bado 5 de septiembre, de 14 a 18 en Ministro Brin 1335, La Boca.<\/strong><\/p>\n<\/div>\n","protected":false},"excerpt":{"rendered":"<p>Ama Amoedo presenta Entre Dos lunas en Ungallery. Un retorno a la pintura que se fusiona con la poes\u00eda, los rituales y los recuerdos que le permiten mantener intactos momentos de su infancia como disparadores que la impulsan hacia algo nuevo. Ama Amoedo en el Museo Moderno. Foto: archivo Clar\u00edn. Las obras emergen de un [&hellip;]<\/p>\n","protected":false},"author":1,"featured_media":133385,"comment_status":"closed","ping_status":"closed","sticky":false,"template":"","format":"standard","meta":[],"categories":[22],"tags":[],"_links":{"self":[{"href":"http:\/\/cordobateve.net\/index.php\/wp-json\/wp\/v2\/posts\/133384"}],"collection":[{"href":"http:\/\/cordobateve.net\/index.php\/wp-json\/wp\/v2\/posts"}],"about":[{"href":"http:\/\/cordobateve.net\/index.php\/wp-json\/wp\/v2\/types\/post"}],"author":[{"embeddable":true,"href":"http:\/\/cordobateve.net\/index.php\/wp-json\/wp\/v2\/users\/1"}],"replies":[{"embeddable":true,"href":"http:\/\/cordobateve.net\/index.php\/wp-json\/wp\/v2\/comments?post=133384"}],"version-history":[{"count":0,"href":"http:\/\/cordobateve.net\/index.php\/wp-json\/wp\/v2\/posts\/133384\/revisions"}],"wp:featuredmedia":[{"embeddable":true,"href":"http:\/\/cordobateve.net\/index.php\/wp-json\/wp\/v2\/media\/133385"}],"wp:attachment":[{"href":"http:\/\/cordobateve.net\/index.php\/wp-json\/wp\/v2\/media?parent=133384"}],"wp:term":[{"taxonomy":"category","embeddable":true,"href":"http:\/\/cordobateve.net\/index.php\/wp-json\/wp\/v2\/categories?post=133384"},{"taxonomy":"post_tag","embeddable":true,"href":"http:\/\/cordobateve.net\/index.php\/wp-json\/wp\/v2\/tags?post=133384"}],"curies":[{"name":"wp","href":"https:\/\/api.w.org\/{rel}","templated":true}]}}