{"id":133386,"date":"2026-09-03T19:06:29","date_gmt":"2026-09-03T19:06:29","guid":{"rendered":"https:\/\/www.clarin.com\/cultura\/fiesta-libro-usado-vuelve-nueva-edicion-fin-semana_0_mK6Qni2al5.html"},"modified":"2026-09-03T19:06:29","modified_gmt":"2026-09-03T19:06:29","slug":"la-fiesta-del-libro-usado-vuelve-con-una-nueva-edicion-este-fin-de-semana","status":"publish","type":"post","link":"http:\/\/cordobateve.net\/index.php\/2026\/09\/03\/la-fiesta-del-libro-usado-vuelve-con-una-nueva-edicion-este-fin-de-semana\/","title":{"rendered":"La Fiesta del Libro Usado vuelve con una nueva edici\u00f3n este fin de semana"},"content":{"rendered":"<p><img src=\"http:\/\/cordobateve.net\/wp-content\/uploads\/2026\/09\/la-fiesta-del-libro-usado-vuelve-con-una-nueva-edicion-este-fin-de-semana.jpg\"><\/p>\n<div><img src=\"http:\/\/cordobateve.net\/wp-content\/uploads\/2026\/09\/la-fiesta-del-libro-usado-vuelve-con-una-nueva-edicion-este-fin-de-semana-2.jpg\" class=\"ff-og-image-inserted\"><\/div>\n<div id=\"element-body-0\" readability=\"54.364532019704\">\n<p>La quinta edici\u00f3n de la <strong><a href=\"https:\/\/www.clarin.com\/cultura\/vuelve-feria-usados-encontrar-libros-buenos-bonitos-baratos-joyas_0_uOEngJY1U7.html\" target=\"_blank\" title=\"FLU\" alt=\"FLU\" rel=\"noopener noreferrer\">FLU<\/a>, la <a href=\"https:\/\/www.clarin.com\/cultura\/libros-7000-actividades-culturales-llega-fiesta-libro-usado-biblioteca-nacional_0_Kck65YspWj.html\" target=\"_blank\" title=\"Fiesta del Libro Usado\" alt=\"Fiesta del Libro Usado\" rel=\"noopener noreferrer\">Fiesta del Libro Usado<\/a><\/strong>, se realizar\u00e1 <strong>el s\u00e1bado 5 y el domingo 6 de septiembre<\/strong> en el <strong>Centro Cultural Recoleta<\/strong>, con entrada libre y gratuita para argentinos y residentes. <\/p>\n<\/div>\n<div id=\"element-body-2\" readability=\"59.885714285714\">\n<p>El encuentro, que <strong>se convirti\u00f3 en uno de los <a href=\"https:\/\/www.clarin.com\/cultura\/llega-segunda-edicion-fiesta-libro-usado_0_dQ7jcDye1h.html\" target=\"_blank\" title=\"cl\u00e1sicos \" alt=\"cl\u00e1sicos \" rel=\"noopener noreferrer\">cl\u00e1sicos <\/a>de la agenda <a href=\"https:\/\/linda.buenosaires.gob.ar\/eventos\/flu-la-fiesta-del-libro-usado\" target=\"_blank\" title=\"literaria \" alt=\"literaria \" rel=\"noopener noreferrer\">literaria <\/a>porte\u00f1a<\/strong>, <strong>cambia este a\u00f1o de locaci\u00f3n <\/strong>para instalarse en <strong>Jun\u00edn 1930.<\/strong> Durante ambas jornadas, de 12 a 19, <strong>lectores, autores y libreros volver\u00e1n a encontrarse<\/strong> alrededor de los libros de segunda mano.<\/p>\n<\/div>\n<div id=\"element-body-3\" readability=\"62\">\n<p>Organizada de manera autogestiva por Patricio Rago, librero de Aristipo Libros y autor de <em>Homo ludens<\/em> y <em>Ejemplares \u00fanicos<\/em>, junto con la productora y gestora cultural Paz Marenco, la FLU naci\u00f3 con el objetivo de promover la lectura y<strong> generar un espacio de encuentro en torno a los libros usados.<\/strong><\/p>\n<\/div>\n<div id=\"element-body-4\" readability=\"62\">\n<p>En sus cuatro ediciones anteriores,<strong> la propuesta consigui\u00f3 consolidar una comunidad que trasciende las fronteras de la ciudad<\/strong>: \u201cMucha gente viaja de otras provincias para venir a la FLU. El a\u00f1o pasado tambi\u00e9n vinieron varias personas de Uruguay, de Chile y hasta de Brasil\u201d, cuenta Rago.<\/p>\n<\/div>\n<div id=\"element-body-5\" readability=\"64\">\n<p>Uno de los principales atractivos de la feria ser\u00e1, una vez m\u00e1s, <strong>la presencia de librer\u00edas de usados de Buenos Aires<\/strong>, que trabajan durante meses para <strong>seleccionar ejemplares especiales y llevar a la FLU t\u00edtulos dif\u00edciles de encontrar<\/strong> en las librer\u00edas tradicionales. La apuesta es combinar una oferta de alto nivel con precios accesibles, en un contexto de crisis que tambi\u00e9n afecta al sector editorial y librero.<\/p>\n<\/div>\n<div id=\"element-body-6\" readability=\"62\">\n<p>\u201cA pesar de la tremenda crisis que estamos atravesando, la FLU sigue siendo un \u00e9xito\u201d, se\u00f1ala Rago, quien define el encuentro como<strong> \u201cun fiest\u00f3n incre\u00edble\u201d<\/strong> y destaca la intenci\u00f3n de que los visitantes puedan llevarse libros<strong> sin que el precio sea un impedimento.<\/strong><\/p>\n<\/div>\n<div id=\"element-body-8\" readability=\"61\">\n<p>La convocatoria de p\u00fablico ya mostr\u00f3 el alcance de la propuesta. <strong>El a\u00f1o pasado, pese a las condiciones clim\u00e1ticas \u2013el s\u00e1bado hubo temperaturas muy altas y el domingo llovizn\u00f3\u2013, m\u00e1s de 15.000 personas se acercaron<\/strong> a buscar esas \u201cjoyas\u201d que muchas veces ya no se consiguen nuevas.<\/p>\n<\/div>\n<div id=\"element-body-9\" readability=\"63\">\n<p>Para Rago, la respuesta demuestra la fuerza de la comunidad lectora: \u201cNada detiene a la pasi\u00f3n lectora\u201d. Este a\u00f1o, adem\u00e1s de los libros y las actividades, la FLU sumar\u00e1 el atractivo de la terraza del Centro Cultural Recoleta como escenario de un encuentro que busca celebrar la cultura y la experiencia art\u00edstica.<\/p>\n<\/div>\n<div id=\"element-body-11\" readability=\"65\">\n<p>La <strong>programaci\u00f3n <\/strong>literaria comenzar\u00e1 el s\u00e1bado 5 a las 13.30 con la m\u00fasica en vivo de <strong>Perd\u00f3n Poeta, una banda emergente<\/strong> que tendr\u00e1 a su cargo por segundo a\u00f1o consecutivo la apertura de la feria. A las 14.30, <strong>Lucas Adur y Juan Maisonnave <\/strong>conversar\u00e1n sobre el <em>Borges <\/em>de Bioy, mientras que a las 15.30 <strong>Esther Cross y Ricardo Romero<\/strong> abordar\u00e1n el tema de los monstruos en la literatura. A las 16.30 ser\u00e1 <strong>el discurso de apertura, a cargo de Gabriela Borrelli,<\/strong> y la jornada concluir\u00e1 a las 17.30 con la presentaci\u00f3n musical de <strong>Naci\u00f3n Ekeko.<\/strong><\/p>\n<\/div>\n<div id=\"element-body-13\" readability=\"62\">\n<p>El domingo 6, las actividades continuar\u00e1n a las 14.30 con<strong> Cecilia Bona<\/strong> y la charla Todos somos lectores. A las 15.30, <strong>Susana Villalba y Tom Maver<\/strong> ofrecer\u00e1n una lectura de poes\u00eda titulada Un milagro perdido, y a las 16.30<strong> Liliana Heker<\/strong> ser\u00e1 entrevistada por Juan Mattio.<\/p>\n<\/div>\n<div id=\"element-body-14\" readability=\"65\">\n<p>El cierre de la jornada, previsto para las 17.30, estar\u00e1 a cargo de <strong>Paula Maffia<\/strong>, que llevar\u00e1 su m\u00fasica al escenario de la FLU. De este modo, la programaci\u00f3n vuelve a c<strong>ombinar literatura, poes\u00eda, conversaci\u00f3n y m\u00fasica<\/strong> para ampliar el encuentro m\u00e1s all\u00e1 de la compra y venta de libros.<\/p>\n<\/div>\n<div id=\"element-body-16\" readability=\"61\">\n<p>Con cinco ediciones en su haber, la FLU se propone as\u00ed <strong>volver a convertir el libro usado en una puerta de entrada a la lectura<\/strong>, pero tambi\u00e9n en un objeto de intercambio, descubrimiento y encuentro.<\/p>\n<\/div>\n","protected":false},"excerpt":{"rendered":"<p>La quinta edici\u00f3n de la FLU, la Fiesta del Libro Usado, se realizar\u00e1 el s\u00e1bado 5 y el domingo 6 de septiembre en el Centro Cultural Recoleta, con entrada libre y gratuita para argentinos y residentes. El encuentro, que se convirti\u00f3 en uno de los cl\u00e1sicos de la agenda literaria porte\u00f1a, cambia este a\u00f1o de [&hellip;]<\/p>\n","protected":false},"author":1,"featured_media":133387,"comment_status":"closed","ping_status":"closed","sticky":false,"template":"","format":"standard","meta":[],"categories":[22],"tags":[],"_links":{"self":[{"href":"http:\/\/cordobateve.net\/index.php\/wp-json\/wp\/v2\/posts\/133386"}],"collection":[{"href":"http:\/\/cordobateve.net\/index.php\/wp-json\/wp\/v2\/posts"}],"about":[{"href":"http:\/\/cordobateve.net\/index.php\/wp-json\/wp\/v2\/types\/post"}],"author":[{"embeddable":true,"href":"http:\/\/cordobateve.net\/index.php\/wp-json\/wp\/v2\/users\/1"}],"replies":[{"embeddable":true,"href":"http:\/\/cordobateve.net\/index.php\/wp-json\/wp\/v2\/comments?post=133386"}],"version-history":[{"count":0,"href":"http:\/\/cordobateve.net\/index.php\/wp-json\/wp\/v2\/posts\/133386\/revisions"}],"wp:featuredmedia":[{"embeddable":true,"href":"http:\/\/cordobateve.net\/index.php\/wp-json\/wp\/v2\/media\/133387"}],"wp:attachment":[{"href":"http:\/\/cordobateve.net\/index.php\/wp-json\/wp\/v2\/media?parent=133386"}],"wp:term":[{"taxonomy":"category","embeddable":true,"href":"http:\/\/cordobateve.net\/index.php\/wp-json\/wp\/v2\/categories?post=133386"},{"taxonomy":"post_tag","embeddable":true,"href":"http:\/\/cordobateve.net\/index.php\/wp-json\/wp\/v2\/tags?post=133386"}],"curies":[{"name":"wp","href":"https:\/\/api.w.org\/{rel}","templated":true}]}}