{"id":133439,"date":"2026-09-05T01:45:16","date_gmt":"2026-09-05T01:45:16","guid":{"rendered":"https:\/\/www.clarin.com\/cultura\/alejandro-dolina-recibio-doctorado-honoris-causa-uba-duda-vida_0_JPLPImyapY.html"},"modified":"2026-09-05T01:45:16","modified_gmt":"2026-09-05T01:45:16","slug":"alejandro-dolina-recibio-el-doctorado-honoris-causa-de-la-uba-la-duda-es-la-vida","status":"publish","type":"post","link":"http:\/\/cordobateve.net\/index.php\/2026\/09\/05\/alejandro-dolina-recibio-el-doctorado-honoris-causa-de-la-uba-la-duda-es-la-vida\/","title":{"rendered":"Alejandro Dolina recibi\u00f3 el doctorado Honoris Causa de la UBA: \u201cLa duda es la vida\u201d"},"content":{"rendered":"<p><img src=\"http:\/\/cordobateve.net\/wp-content\/uploads\/2026\/09\/alejandro-dolina-recibio-el-doctorado-honoris-causa-de-la-uba-la-duda-es-la-vida.jpg\"><\/p>\n<div class=\"sc-45461e9c-0 eqiBeF container-text text-embed \" id=\"element-body-0\" readability=\"55.656934306569\">\n<p><strong>\u00abGenio\u00bb. \u00abMaestro\u00bb<\/strong>. Acompa\u00f1ado por voces que lo celebraban, el <a href=\"https:\/\/www.clarin.com\/literatura\/alejandro-dolina-cartas-marcadas_0_rk54E1UhPme.html\" target=\"_blank\" title=\"escritor\" alt=\"escritor\" rel=\"noopener noreferrer\">escritor<\/a>, m\u00fasico y pensador <strong><a href=\"https:\/\/www.clarin.com\/cultura\/alejandro-dolina-dificil-congraciar-sabiduria-vejez-_0_z2Dx5r3aFv.html\" target=\"_blank\" title=\"Alejandro Dolina\" alt=\"Alejandro Dolina\" rel=\"noopener noreferrer\">Alejandro Dolina<\/a><\/strong> avanz\u00f3 esta noche por el pasillo del auditorio de la <strong>Facultad de Ciencias Sociales<\/strong> para recibir el <strong>doctorado Honoris Causa de la Universidad de Buenos Aires (UBA).<\/strong> <\/p>\n<\/div>\n<div class=\"sc-98b114a2-0 bkqiHH image-embed image-embed \" id=\"element-body-1\"><picture class=\"sc-98b114a2-1 jRUlDm\"><source media=\"(min-width: 975px)\" width=\"720\" height=\"480\" srcset=\"http:\/\/cordobateve.net\/wp-content\/uploads\/2026\/09\/alejandro-dolina-recibio-el-doctorado-honoris-causa-de-la-uba-la-duda-es-la-vida-2.jpg\"><img alt=\"Alejandro Dolina recibi\u00f3 el doctorado Honoris Causa de la UBA en la Facultad de Ciencias Sociales. Foto: Mart\u00edn Bonetto. \" loading=\"eager\" width=\"720\" height=\"480\" decoding=\"async\" data-nimg=\"1\" src=\"http:\/\/cordobateve.net\/wp-content\/uploads\/2026\/09\/alejandro-dolina-recibio-el-doctorado-honoris-causa-de-la-uba-la-duda-es-la-vida-2.jpg\"><span class=\"epigraphe\" aria-hidden=\"true\">Alejandro Dolina recibi\u00f3 el doctorado Honoris Causa de la UBA en la Facultad de Ciencias Sociales. Foto: Mart\u00edn Bonetto. <\/span><span class=\"picture-open\"><button class=\"open-image\" aria-label=\"Open Image\"><\/button><\/span><\/picture><\/div>\n<div class=\"sc-45461e9c-0 eqiBeF container-text text-embed \" id=\"element-body-2\" readability=\"63.139318885449\">\n<p>Los aplausos, las risas y las muestras de cari\u00f1o no se detuvieron ni durante la <em>laudatio<\/em>, ni con el <strong>agradecimiento <\/strong>del autor de <em><a href=\"https:\/\/www.clarin.com\/literatura\/premio-lector-alejandro-dolina_0_SkvgcwdswQg.html\" target=\"_blank\" title=\"El \u00c1ngel Gris\" alt=\"El \u00c1ngel Gris\" rel=\"noopener noreferrer\">El \u00c1ngel Gris<\/a><\/em>, ni tampoco mientras <strong>dialog\u00f3 con el psicoanalista Gabriel Rol\u00f3n, <\/strong>ni cuando un ataque de tos lo interrumpi\u00f3 moment\u00e1neamente. Ese p\u00fablico, su p\u00fablico, no dej\u00f3 de agradecerle.<\/p>\n<\/div>\n<div class=\"sc-45461e9c-0 eqiBeF container-text text-embed \" id=\"element-body-3\" readability=\"60.734693877551\">\n<p>El nombramiento para <a href=\"https:\/\/www.clarin.com\/espectaculos\/Dolina-hablo-miedo-muerte_0_HJ0PDevsDXg.html\" target=\"_blank\" title=\"Dolina \" alt=\"Dolina \" rel=\"noopener noreferrer\">Dolina <\/a><strong>fue promovido por dos de las cinco carreras<\/strong> que se dictan en esa facultad: <strong>la licenciatura en Ciencias de la Comunicaci\u00f3n Social,<\/strong> representada en el acto por su directora <strong>Larisa Kejval<\/strong>; y la de <strong>Ciencias Pol\u00edticas<\/strong>, en cuyo nombre estuvo su director, <strong>Miguel De Luca.<\/strong> <\/p>\n<\/div>\n<div class=\"sc-45461e9c-0 eqiBeF container-text text-embed \" id=\"element-body-4\" readability=\"62\">\n<p>La idea fue <strong>acompa\u00f1ada por unanimidad<\/strong> en todas las instancias formales y esta tarde, de manos del <strong>rector Ricardo Gelpi<\/strong> y del <strong>vicedecano de Sociales, Diego de Charras<\/strong>, el escritor recibi\u00f3 el diploma de honor y la medalla.<\/p>\n<\/div>\n<div class=\"sc-45461e9c-0 eqiBeF container-text text-embed \" id=\"element-body-5\" readability=\"65\">\n<p>\u201cLas alegr\u00edas despu\u00e9s de cierta edad vienen acompa\u00f1adas por una deliciosa melancol\u00eda y por una noble tristeza. No porque uno sienta los achaques, sino porque uno comprende mejor la naturaleza humana, siendo \u00e9sta tr\u00e1gica\u00bb, dijo Dolina ante un auditorio colmado por estudiantes, docentes, p\u00fablico en general y no pocos periodistas y amigos del homenajeado.<\/p>\n<\/div>\n<div class=\"sc-45461e9c-0 eqiBeF container-text text-embed \" id=\"element-body-6\" readability=\"59\">\n<p><strong>\u00abQuiero decir que no poder disfrutar enteramente de esta alegr\u00eda me alegra much\u00edsimo\u00bb<\/strong>, agreg\u00f3 Dolina.<\/p>\n<\/div>\n<p><h2>Momento de comuni\u00f3n<\/h2>\n<\/p>\n<div class=\"sc-45461e9c-0 eqiBeF container-text text-embed \" id=\"element-body-8\" readability=\"63\">\n<p>El conductor radial y televisivo, que inmortaliz\u00f3 ya no un programa sino un ritual llamado \u00abLa venganza ser\u00e1 terrible\u00bb, valor\u00f3 que<strong> \u00abla universidad p\u00fablica es donde se recibe, pero tambi\u00e9n donde se da. Y donde se produce un momento de comuni\u00f3n, pese a que nuestra vida es creadora de soledad\u00bb.<\/strong><\/p>\n<\/div>\n<div class=\"sc-98b114a2-0 bkqiHH image-embed image-embed \" id=\"element-body-9\"><picture class=\"sc-98b114a2-1 jRUlDm\"><source media=\"(min-width: 975px)\" width=\"720\" height=\"480\" srcset=\"http:\/\/cordobateve.net\/wp-content\/uploads\/2026\/09\/alejandro-dolina-recibio-el-doctorado-honoris-causa-de-la-uba-la-duda-es-la-vida-3.jpg\"><img alt=\"Alejandro Dolina recibi\u00f3 el doctorado Honoris Causa de la UBA en la Facultad de Ciencias Sociales. Foto: Mart\u00edn Bonetto. \" loading=\"eager\" width=\"720\" height=\"480\" decoding=\"async\" data-nimg=\"1\" src=\"http:\/\/cordobateve.net\/wp-content\/uploads\/2026\/09\/alejandro-dolina-recibio-el-doctorado-honoris-causa-de-la-uba-la-duda-es-la-vida-3.jpg\"><span class=\"epigraphe\" aria-hidden=\"true\">Alejandro Dolina recibi\u00f3 el doctorado Honoris Causa de la UBA en la Facultad de Ciencias Sociales. Foto: Mart\u00edn Bonetto. <\/span><span class=\"picture-open\"><button class=\"open-image\" aria-label=\"Open Image\"><\/button><\/span><\/picture><\/div>\n<div class=\"sc-45461e9c-0 eqiBeF container-text text-embed \" id=\"element-body-10\" readability=\"63\">\n<p>Y comparti\u00f3 <strong>recuerdos de sus tiempos de estudiante de Derecho<\/strong>, de la camarader\u00eda y de la amistad que encontr\u00f3 en las aulas. \u00abPocas comuniones hay m\u00e1s fuertes que la del compa\u00f1ero. El compa\u00f1ero es preferible al profesor muchas veces. El profesor est\u00e1 demasiado lejos. O por lo menos as\u00ed era cuando no era joven. En cambio, <strong>los compa\u00f1eros estaban cerca y ayudaban mejor a buscar el conocimiento y el sentido<\/strong>\u00ab, evoc\u00f3.<\/p>\n<\/div>\n<div class=\"sc-45461e9c-0 eqiBeF container-text text-embed \" id=\"element-body-11\" readability=\"62\">\n<p>Dolina brome\u00f3 con la idea de la \u00abuniversidad de la calle\u00bb. <strong>\u00abNo puedo evitar sentirme un poco farsante, un poco impostor porque no provengo del mundo acad\u00e9mico\u00bb<\/strong>, reconoci\u00f3 y rog\u00f3: \u00abLe voy a rogar que nadie me diga que yo provengo de la universidad de la calle. No es un foro muy adecuado para formarse. Las cosas que se aprenden en la esquina no siempre son acad\u00e9micamente interesantes\u00bb.<\/p>\n<\/div>\n<div class=\"sc-45461e9c-0 eqiBeF container-text text-embed \" id=\"element-body-12\" readability=\"66\">\n<p>Y, aunque valor\u00f3 el aprendizaje por fuera de las instituciones, asegur\u00f3 que \u00absi uno quiere aprender verdaderamente, estudiar y aprender, pero adem\u00e1s vivir todo ese mundo maravilloso de intercambio, de sensaciones y de reflexiones acerca de la constituci\u00f3n de la realidad, <strong>es mejor que vaya a la universidad y no al boliche de la esquina<\/strong>\u00ab.<\/p>\n<\/div>\n<div class=\"sc-45461e9c-0 eqiBeF container-text text-embed \" id=\"element-body-14\" readability=\"61\">\n<p>Por eso, agreg\u00f3, \u00abdeber\u00edan entenderlo as\u00ed quienes los estados nacionales gobiernan y <strong>propender cuando se trata de educaci\u00f3n a preferir la inauguraci\u00f3n de universidades y colegios antes que las de parrilladas\u201d<\/strong>. Lo secund\u00f3 una estruendosa ovaci\u00f3n.<\/p>\n<\/div>\n<p><h2>Duelos de ingenio y erudici\u00f3n<\/h2>\n<\/p>\n<div class=\"sc-45461e9c-0 eqiBeF container-text text-embed \" id=\"element-body-16\" readability=\"62\">\n<p>Luego de las formalidades, <strong>Dolina invit\u00f3 al psic\u00f3logo y escritor Gabriel Rol\u00f3n a subir al estrado<\/strong> y replicar, por un ratito, aquellos duelos de ingenio y erudici\u00f3n que durante catorce a\u00f1os compartieron en \u201cLa venganza ser\u00e1 terrible\u201d.<\/p>\n<\/div>\n<div class=\"sc-98b114a2-0 bkqiHH image-embed image-embed \" id=\"element-body-17\"><picture class=\"sc-98b114a2-1 jRUlDm\"><source media=\"(min-width: 975px)\" width=\"720\" height=\"480\" srcset=\"http:\/\/cordobateve.net\/wp-content\/uploads\/2026\/09\/alejandro-dolina-recibio-el-doctorado-honoris-causa-de-la-uba-la-duda-es-la-vida-4.jpg\"><img alt=\"Alejandro Dolina recibi\u00f3 el doctorado Honoris Causa de la UBA. Foto: gentileza Prensa UBA.\" loading=\"eager\" width=\"720\" height=\"480\" decoding=\"async\" data-nimg=\"1\" src=\"http:\/\/cordobateve.net\/wp-content\/uploads\/2026\/09\/alejandro-dolina-recibio-el-doctorado-honoris-causa-de-la-uba-la-duda-es-la-vida-4.jpg\"><span class=\"epigraphe\" aria-hidden=\"true\">Alejandro Dolina recibi\u00f3 el doctorado Honoris Causa de la UBA. Foto: gentileza Prensa UBA.<\/span><span class=\"picture-open\"><button class=\"open-image\" aria-label=\"Open Image\"><\/button><\/span><\/picture><\/div>\n<div class=\"sc-45461e9c-0 eqiBeF container-text text-embed \" id=\"element-body-18\" readability=\"61\">\n<p>Personificando un espont\u00e1neo tutor de doctorado, <strong>Rol\u00f3n fue recorriendo los grandes temas que Dolina ha trabajado a lo largo de los a\u00f1os.<\/strong> Del amor a la poes\u00eda, de la filosof\u00eda a la mitolog\u00eda o a la m\u00fasica.<\/p>\n<\/div>\n<div class=\"sc-45461e9c-0 eqiBeF container-text text-embed \" id=\"element-body-19\" readability=\"62\">\n<p>\u00abLa duda es la vida\u00bb, recit\u00f3 Rol\u00f3n unos versos escritos por Dolina, para preguntarle por esa conexi\u00f3n: <strong>\u00abLa respuesta es definitiva y se trata de eludir lo definitivo. La pregunta abre. La respuesta clausura\u00bb,<\/strong> respondi\u00f3 el escritor.<\/p>\n<\/div>\n<div class=\"sc-45461e9c-0 eqiBeF container-text text-embed \" id=\"element-body-20\" readability=\"63\">\n<p>Posteriormente, consultado por su inter\u00e9s fervoroso por la mitolog\u00eda, Dolina consider\u00f3 que se trata de <strong>\u00abla ciencia reemplazada por la poes\u00eda. <\/strong>Y el mundo que resulta de esa construcci\u00f3n tiene sentido. La mitolog\u00eda tiene met\u00e1foras para todo, para todo hay sentido, el sentido que da el arte\u00bb.<\/p>\n<\/div>\n<div class=\"sc-98b114a2-0 bkqiHH image-embed image-embed \" id=\"element-body-21\"><picture class=\"sc-98b114a2-1 jRUlDm\"><source media=\"(min-width: 975px)\" width=\"720\" height=\"480\" srcset=\"http:\/\/cordobateve.net\/wp-content\/uploads\/2026\/09\/alejandro-dolina-recibio-el-doctorado-honoris-causa-de-la-uba-la-duda-es-la-vida-5.jpg\"><img alt=\"Ovacionado lleg\u00f3 Alejandro Dolina a la Facultad de Ciencias Sociales para recibir el doctorado Honoris Causa de la UBA. Foto: Mart\u00edn Bonetto. \" loading=\"eager\" width=\"720\" height=\"480\" decoding=\"async\" data-nimg=\"1\" src=\"http:\/\/cordobateve.net\/wp-content\/uploads\/2026\/09\/alejandro-dolina-recibio-el-doctorado-honoris-causa-de-la-uba-la-duda-es-la-vida-5.jpg\"><span class=\"epigraphe\" aria-hidden=\"true\">Ovacionado lleg\u00f3 Alejandro Dolina a la Facultad de Ciencias Sociales para recibir el doctorado Honoris Causa de la UBA. Foto: Mart\u00edn Bonetto. <\/span><span class=\"picture-open\"><button class=\"open-image\" aria-label=\"Open Image\"><\/button><\/span><\/picture><\/div>\n<div class=\"sc-45461e9c-0 eqiBeF container-text text-embed \" id=\"element-body-22\" readability=\"66\">\n<p>Rol\u00f3n \u00abaprob\u00f3\u00bb al nuevo doctor y, emocionado hasta las l\u00e1grimas, le agradeci\u00f3: \u00abGracias por su generosidad, por abrir puertas que de otro modo no se habr\u00edan abierto; gracias por ser un ejemplo de artista y de pensador; y gracias por una vida juntos, en la radio y hoy en este momento. <strong>Yo pens\u00e9 que la Universidad de Buenos Aires ya no podr\u00eda hacerme m\u00e1s feliz que el d\u00eda que recib\u00ed mi t\u00edtulo de psic\u00f3logo, que me cost\u00f3 tanto. Pero estaba equivocado<\/strong>\u00ab, dijo conmovido y conmoviendo.<\/p>\n<\/div>\n<p><h2>Reconocer el conocimiento<\/h2>\n<\/p>\n<div class=\"sc-45461e9c-0 eqiBeF container-text text-embed \" id=\"element-body-24\" readability=\"61\">\n<p>El nuevo doctor Honoris Causa fue recibido por el vicedecano Diego de Charras, que explic\u00f3: \u00ab<strong>Este diploma es la m\u00e1xima distinci\u00f3n de nuestra universidad y busca reconocer el conocimiento<\/strong> que no necesariamente se gesta en las aulas pero que es tanto m\u00e1s importante porque en esta casa de estudios nos dedicamos a estudiar la cultura popular\u00bb.<\/p>\n<\/div>\n<div class=\"sc-98b114a2-0 bkqiHH image-embed image-embed \" id=\"element-body-25\"><picture class=\"sc-98b114a2-1 jRUlDm\"><source media=\"(min-width: 975px)\" width=\"720\" height=\"480\" srcset=\"http:\/\/cordobateve.net\/wp-content\/uploads\/2026\/09\/alejandro-dolina-recibio-el-doctorado-honoris-causa-de-la-uba-la-duda-es-la-vida-6.jpg\"><img alt=\"Alejandro Dolina recibi\u00f3 el doctorado Honoris Causa de la UBA en la Facultad de Ciencias Sociales. Foto: Mart\u00edn Bonetto. \" loading=\"eager\" width=\"720\" height=\"480\" decoding=\"async\" data-nimg=\"1\" src=\"http:\/\/cordobateve.net\/wp-content\/uploads\/2026\/09\/alejandro-dolina-recibio-el-doctorado-honoris-causa-de-la-uba-la-duda-es-la-vida-6.jpg\"><span class=\"epigraphe\" aria-hidden=\"true\">Alejandro Dolina recibi\u00f3 el doctorado Honoris Causa de la UBA en la Facultad de Ciencias Sociales. Foto: Mart\u00edn Bonetto. <\/span><span class=\"picture-open\"><button class=\"open-image\" aria-label=\"Open Image\"><\/button><\/span><\/picture><\/div>\n<div class=\"sc-45461e9c-0 eqiBeF container-text text-embed \" id=\"element-body-26\" readability=\"62\">\n<p>De Charras record\u00f3 que la Facultad de Ciencias Sociales \u00abes una facultad joven, nacida en 1988, que<strong> vivi\u00f3 con mucha intensidad esos finales de la d\u00e9cada del 80 y los principios del 90, durante los cuales la figura de Alejandro Dolina circulaba cual \u00c1ngel Gris por los pasillos de nuestra casa<\/strong>\u00ab. <\/p>\n<\/div>\n<div class=\"sc-45461e9c-0 eqiBeF container-text text-embed \" id=\"element-body-27\" readability=\"59\">\n<p>Por eso, el vicedecano concluy\u00f3 que \u00ab<strong>la presencia de Alejandro atraviesa la formaci\u00f3n de nuestros y nuestras estudiantes<\/strong> a lo largo de toda la historia de esta casa de estudios\u00bb.<\/p>\n<\/div>\n<div class=\"sc-45461e9c-0 eqiBeF container-text text-embed \" id=\"element-body-28\" readability=\"64\">\n<p>La <em>laudatio<\/em>, <strong>un discurso que recorre los m\u00e9ritos del celebrado, fue le\u00eddo por la directora de la licenciatura en Ciencias de la Comunicaci\u00f3n Social, Larisa Kejval<\/strong>, que revis\u00f3 la vida y la obra de Dolina con un texto doliniano, acorde al protagonista de la tarde:<\/p>\n<\/div>\n<div class=\"sc-45461e9c-0 eqiBeF container-text text-embed \" id=\"element-body-29\" readability=\"67\">\n<p>\u00abEscritor, ensayista, observador, actor, conductor de radio, c\u00f3mico, fil\u00f3sofo, orador, pensador y m\u00fasico \u2013enumer\u00f3\u2013. <strong>Casi no hay medio de comunicaci\u00f3n de la actualidad por el que Dolina no haya pasado<\/strong>\u00ab.<\/p>\n<\/div>\n<p><h2>Un nombre que se volvi\u00f3 adjetivo<\/h2>\n<\/p>\n<div class=\"sc-45461e9c-0 eqiBeF container-text text-embed \" id=\"element-body-31\" readability=\"63\">\n<p>Kejval record\u00f3 que \u201cDolina, quiz\u00e1s a su propio pesar,<strong> ha dejado de ser solamente un hombre. Su nombre se volvi\u00f3 adjetivo, verbo<\/strong>, una forma de ret\u00f3rica argumentativa: A lo Dolina. Eso es dolinesco. Eso es doliniano. Vaya pavada de legado\u00bb.<\/p>\n<\/div>\n<div class=\"sc-98b114a2-0 bkqiHH image-embed image-embed \" id=\"element-body-32\"><picture class=\"sc-98b114a2-1 jRUlDm\"><source media=\"(min-width: 975px)\" width=\"720\" height=\"480\" srcset=\"http:\/\/cordobateve.net\/wp-content\/uploads\/2026\/09\/alejandro-dolina-recibio-el-doctorado-honoris-causa-de-la-uba-la-duda-es-la-vida-7.jpg\"><img alt=\"Alejandro Dolina recibi\u00f3 el doctorado Honoris Causa de la UBA en la Facultad de Ciencias Sociales tras la lectura de la laudatio de Larisa Kejval. Foto: Mart\u00edn Bonetto. \" loading=\"eager\" width=\"720\" height=\"480\" decoding=\"async\" data-nimg=\"1\" src=\"http:\/\/cordobateve.net\/wp-content\/uploads\/2026\/09\/alejandro-dolina-recibio-el-doctorado-honoris-causa-de-la-uba-la-duda-es-la-vida-7.jpg\"><span class=\"epigraphe\" aria-hidden=\"true\">Alejandro Dolina recibi\u00f3 el doctorado Honoris Causa de la UBA en la Facultad de Ciencias Sociales tras la lectura de la laudatio de Larisa Kejval. Foto: Mart\u00edn Bonetto. <\/span><span class=\"picture-open\"><button class=\"open-image\" aria-label=\"Open Image\"><\/button><\/span><\/picture><\/div>\n<div class=\"sc-45461e9c-0 eqiBeF container-text text-embed \" id=\"element-body-33\" readability=\"59\">\n<p>Y record\u00f3 que \u00abincluso una plaza del barrio de Flores no lleva su nombre sino que va m\u00e1s all\u00e1: lleva el nombre de uno de sus personajes. El \u00c1ngel Gris. <strong>Es el triunfo de la prosa. La demostraci\u00f3n de que la ficci\u00f3n puede cruzar la frontera de la p\u00e1gina e intervenir sobre la realidad<\/strong>\u00ab.<\/p>\n<\/div>\n<div class=\"sc-45461e9c-0 eqiBeF container-text text-embed \" id=\"element-body-34\" readability=\"72\">\n<p>Por eso, la acad\u00e9mica cerr\u00f3 agradeciendo: \u00ab<strong>Gracias por haber construido durante d\u00e9cadas un lugar al que millones de personas pudimos entrar<\/strong>, donde todav\u00eda cabe la imaginaci\u00f3n, el humor, la m\u00fasica, la literatura, el amor, la melancol\u00eda y, por supuesto, las palabras. <strong>Gracias, Alejandro Dolina. Gracias, Negro. Gracias, Doctor\u201d.<\/strong><\/p>\n<\/div>\n","protected":false},"excerpt":{"rendered":"<p>\u00abGenio\u00bb. \u00abMaestro\u00bb. Acompa\u00f1ado por voces que lo celebraban, el escritor, m\u00fasico y pensador Alejandro Dolina avanz\u00f3 esta noche por el pasillo del auditorio de la Facultad de Ciencias Sociales para recibir el doctorado Honoris Causa de la Universidad de Buenos Aires (UBA). Alejandro Dolina recibi\u00f3 el doctorado Honoris Causa de la UBA en la Facultad [&hellip;]<\/p>\n","protected":false},"author":1,"featured_media":133440,"comment_status":"closed","ping_status":"closed","sticky":false,"template":"","format":"standard","meta":[],"categories":[22],"tags":[],"_links":{"self":[{"href":"http:\/\/cordobateve.net\/index.php\/wp-json\/wp\/v2\/posts\/133439"}],"collection":[{"href":"http:\/\/cordobateve.net\/index.php\/wp-json\/wp\/v2\/posts"}],"about":[{"href":"http:\/\/cordobateve.net\/index.php\/wp-json\/wp\/v2\/types\/post"}],"author":[{"embeddable":true,"href":"http:\/\/cordobateve.net\/index.php\/wp-json\/wp\/v2\/users\/1"}],"replies":[{"embeddable":true,"href":"http:\/\/cordobateve.net\/index.php\/wp-json\/wp\/v2\/comments?post=133439"}],"version-history":[{"count":0,"href":"http:\/\/cordobateve.net\/index.php\/wp-json\/wp\/v2\/posts\/133439\/revisions"}],"wp:featuredmedia":[{"embeddable":true,"href":"http:\/\/cordobateve.net\/index.php\/wp-json\/wp\/v2\/media\/133440"}],"wp:attachment":[{"href":"http:\/\/cordobateve.net\/index.php\/wp-json\/wp\/v2\/media?parent=133439"}],"wp:term":[{"taxonomy":"category","embeddable":true,"href":"http:\/\/cordobateve.net\/index.php\/wp-json\/wp\/v2\/categories?post=133439"},{"taxonomy":"post_tag","embeddable":true,"href":"http:\/\/cordobateve.net\/index.php\/wp-json\/wp\/v2\/tags?post=133439"}],"curies":[{"name":"wp","href":"https:\/\/api.w.org\/{rel}","templated":true}]}}