{"id":133441,"date":"2026-09-04T21:19:45","date_gmt":"2026-09-04T21:19:45","guid":{"rendered":"https:\/\/www.clarin.com\/cultura\/poeta-peruano-mario-montalbetti-gano-premio-iberoamericano-letras-jose-donoso_0_alXkHDPU61.html"},"modified":"2026-09-04T21:19:45","modified_gmt":"2026-09-04T21:19:45","slug":"el-poeta-peruano-mario-montalbetti-gano-el-premio-iberoamericano-de-letras-jose-donoso","status":"publish","type":"post","link":"http:\/\/cordobateve.net\/index.php\/2026\/09\/04\/el-poeta-peruano-mario-montalbetti-gano-el-premio-iberoamericano-de-letras-jose-donoso\/","title":{"rendered":"El poeta peruano Mario Montalbetti gan\u00f3 el Premio Iberoamericano de Letras Jos\u00e9 Donoso"},"content":{"rendered":"<p><img src=\"http:\/\/cordobateve.net\/wp-content\/uploads\/2026\/09\/el-poeta-peruano-mario-montalbetti-gano-el-premio-iberoamericano-de-letras-jose-donoso.jpg\"><\/p>\n<div><img src=\"http:\/\/cordobateve.net\/wp-content\/uploads\/2026\/09\/el-poeta-peruano-mario-montalbetti-gano-el-premio-iberoamericano-de-letras-jose-donoso-2.jpg\" class=\"ff-og-image-inserted\"><\/div>\n<div id=\"element-body-0\" readability=\"60\">\n<p>El <strong>poeta y escritor peruano Mario Montalbetti <\/strong>gan\u00f3 este viernes el <strong>Premio Iberoamericano de Letras Jos\u00e9 Donoso 2025, <\/strong>reconocido reconocimiento internacional que entrega anualmente la Universidad de Talca en Chile como homenaje al autor chileno.<\/p>\n<\/div>\n<div id=\"element-body-2\" readability=\"61\">\n<p>La decisi\u00f3n del jurado internacional que confiri\u00f3 el galard\u00f3n a Montalbetti fue un\u00e1nime y sustentada en \u00abla <strong>calidad, originalidad y consistencia de su obra <\/strong>literaria. Adem\u00e1s, de la <strong>relevancia e influencia<\/strong> de su producci\u00f3n intelectual en el \u00e1mbito de la literatura y cultura iberoamericanas\u00bb.<\/p>\n<\/div>\n<div id=\"element-body-3\" readability=\"59\">\n<p>La instancia destac\u00f3 tambi\u00e9n \u00abla contribuci\u00f3n de su trayectoria al <strong>desarrollo de la literatura contempor\u00e1nea<\/strong> junto con el reconocimiento nacional e internacional alcanzado por su obra y c\u00f3mo su producci\u00f3n ha fortalecido el patrimonio literario y cultural iberoamericano\u00bb.<\/p>\n<\/div>\n<div id=\"element-body-5\" readability=\"59\">\n<p>\u00abEstoy realmente muy contento de <strong>ser parte de esta lista muy notable <\/strong>de galardonados por este premio\u00bb, dijo el poeta peruano tras recibir el fallo del jurado.<\/p>\n<\/div>\n<div id=\"element-body-6\" readability=\"62\">\n<p>Montalbetti agradeci\u00f3 a la Universidad de Talca y al comit\u00e9 y a la hospitalidad -afectiva tambi\u00e9n- \u00abde <strong>una serie de amigos chilenos, intelectuales, poetas, <\/strong>que siempre me han demostrado. Porque creo que sin esa hospitalidad hubiera sido casi imposible llegar a este punto\u00bb.<\/p>\n<\/div>\n<div id=\"element-body-7\" readability=\"61\">\n<p>Nacido en Lima en 1953, Montalbetti es <strong>poeta, ling\u00fcista, ensayista y profesor<\/strong> del Departamento Acad\u00e9mico de Humanidades de la Pontificia Universidad Cat\u00f3lica del Per\u00fa (PUCP).<\/p>\n<\/div>\n<div id=\"element-body-8\" readability=\"62\">\n<p>Como poeta, inici\u00f3 tempranamente su trayectoria literaria y public\u00f3 <strong>su primer libro, <em>Perro Negro, 31 poemas, <\/em>en 1978.<\/strong><\/p>\n<\/div>\n<div id=\"element-body-10\" readability=\"63\">\n<p>Entre sus principales obras po\u00e9ticas se encuentran <em>Fin Desierto <\/em>(1997), <em>Llantos El\u00edseos <\/em>(2002), <em>Cinco segundos de horizonte<\/em> (2005), <em>Ocho cuartetas contra el caballo de paso peruano <\/em>(2008) y <em>Lejos de m\u00ed decirles, <\/em>volumen de poes\u00eda reunida publicado en 2013.<\/p>\n<\/div>\n<div id=\"element-body-11\" readability=\"61\">\n<p>Su bibliograf\u00eda posterior incluye, entre otros t\u00edtulos, <em>Notas para un seminario sobre Foucault, El pensamiento del poema + Decoherencia <\/em>y<em> El lenguaje del poema.<\/em><\/p>\n<\/div>\n<div id=\"element-body-13\" readability=\"58\">\n<p>Uno de los rasgos m\u00e1s reconocibles de su obra es precisamente <strong>la exploraci\u00f3n del lenguaje como materia po\u00e9tica<\/strong>.<\/p>\n<\/div>\n<div id=\"element-body-14\" readability=\"61\">\n<p>Su trabajo ha tenido tambi\u00e9n una <strong>dimensi\u00f3n editorial y cr\u00edtica <\/strong>publicando art\u00edculos acad\u00e9micos sobre gram\u00e1tica formal en revistas especializadas y ha participado en proyectos vinculados con la literatura, la fotograf\u00eda, la filosof\u00eda y la reflexi\u00f3n contempor\u00e1nea sobre el poema.<\/p>\n<\/div>\n<div id=\"element-body-15\" readability=\"69\">\n<p>\nEl galard\u00f3n ha sido anteriormente otorgado a escritores como Isabel Allende (2003), Javier Mar\u00edas (2008), Juan Villoro (2012), Pedro Lemebel (2013), Ra\u00fal Zurita (2017), Cristina Peri Rossi (2019), Cristina Rivera Garza (2021), Samanta Schweblin (2022), Mariana Enr\u00edquez (2024) y Carmen Oll\u00e9 (2025), entre otros. <\/p>\n<\/div>\n<div id=\"element-body-16\" readability=\"60\">\n<p>La distinci\u00f3n fue creada en 2001 por iniciativa del Instituto de Estudios Human\u00edsticos Juan Ignacio Molina de la Universidad de Talca, para reconocer en el \u00e1mbito de la producci\u00f3n intelectual iberoamericana a \u00absus figuras m\u00e1s relevantes\u00bb. <\/p>\n<\/div>\n","protected":false},"excerpt":{"rendered":"<p>El poeta y escritor peruano Mario Montalbetti gan\u00f3 este viernes el Premio Iberoamericano de Letras Jos\u00e9 Donoso 2025, reconocido reconocimiento internacional que entrega anualmente la Universidad de Talca en Chile como homenaje al autor chileno. La decisi\u00f3n del jurado internacional que confiri\u00f3 el galard\u00f3n a Montalbetti fue un\u00e1nime y sustentada en \u00abla calidad, originalidad y [&hellip;]<\/p>\n","protected":false},"author":1,"featured_media":133442,"comment_status":"closed","ping_status":"closed","sticky":false,"template":"","format":"standard","meta":[],"categories":[22],"tags":[],"_links":{"self":[{"href":"http:\/\/cordobateve.net\/index.php\/wp-json\/wp\/v2\/posts\/133441"}],"collection":[{"href":"http:\/\/cordobateve.net\/index.php\/wp-json\/wp\/v2\/posts"}],"about":[{"href":"http:\/\/cordobateve.net\/index.php\/wp-json\/wp\/v2\/types\/post"}],"author":[{"embeddable":true,"href":"http:\/\/cordobateve.net\/index.php\/wp-json\/wp\/v2\/users\/1"}],"replies":[{"embeddable":true,"href":"http:\/\/cordobateve.net\/index.php\/wp-json\/wp\/v2\/comments?post=133441"}],"version-history":[{"count":0,"href":"http:\/\/cordobateve.net\/index.php\/wp-json\/wp\/v2\/posts\/133441\/revisions"}],"wp:featuredmedia":[{"embeddable":true,"href":"http:\/\/cordobateve.net\/index.php\/wp-json\/wp\/v2\/media\/133442"}],"wp:attachment":[{"href":"http:\/\/cordobateve.net\/index.php\/wp-json\/wp\/v2\/media?parent=133441"}],"wp:term":[{"taxonomy":"category","embeddable":true,"href":"http:\/\/cordobateve.net\/index.php\/wp-json\/wp\/v2\/categories?post=133441"},{"taxonomy":"post_tag","embeddable":true,"href":"http:\/\/cordobateve.net\/index.php\/wp-json\/wp\/v2\/tags?post=133441"}],"curies":[{"name":"wp","href":"https:\/\/api.w.org\/{rel}","templated":true}]}}