{"id":133492,"date":"2026-09-05T11:02:21","date_gmt":"2026-09-05T11:02:21","guid":{"rendered":"https:\/\/www.clarin.com\/cultura\/misterio-aves-suicidas-duelo-familiar-nueva-novela-ernesto-carrion_0_F92uaWZCun.html"},"modified":"2026-09-05T11:02:21","modified_gmt":"2026-09-05T11:02:21","slug":"el-misterio-de-las-aves-suicidas-y-un-duelo-familiar-la-nueva-novela-de-ernesto-carrion","status":"publish","type":"post","link":"http:\/\/cordobateve.net\/index.php\/2026\/09\/05\/el-misterio-de-las-aves-suicidas-y-un-duelo-familiar-la-nueva-novela-de-ernesto-carrion\/","title":{"rendered":"El misterio de las aves suicidas y un duelo familiar: la nueva novela de Ernesto Carri\u00f3n"},"content":{"rendered":"<p><img src=\"http:\/\/cordobateve.net\/wp-content\/uploads\/2026\/09\/el-misterio-de-las-aves-suicidas-y-un-duelo-familiar-la-nueva-novela-de-ernesto-carrion.jpg\"><\/p>\n<div class=\"sc-45461e9c-0 eqiBeF container-text text-embed \" id=\"element-body-0\" readability=\"70.528455284553\">\n<p>Salir de la ciudad escapando de s\u00ed mismo. Renacer en la ruta o en otro paisaje, persiguiendo nubes diferentes. El <strong>duelo <\/strong>y el <strong>viaje<\/strong>, entonces, como experiencias similares, esa vieja idea de lo interno y lo externo, lo \u00edntimo y lo p\u00fablico que se yuxtaponen, se tensionan, se fugan en mutaciones inciertas. \u201cLos caminos, aunque no sean nuevos, aunque los hayamos recorridos en tiempos pasados, se nos presentan con otra luz y la posibilidad\u201d, escribe <strong><a href=\"https:\/\/www.clarin.com\/cultura\/proxima-lectura-libros-llegan-julio-vas-querer-leer_0_mVhmskq6lR.html\" target=\"_blank\" title=\"Ernesto Carri\u00f3n\" alt=\"Ernesto Carri\u00f3n\" rel=\"noopener noreferrer\">Ernesto Carri\u00f3n<\/a><\/strong> (Guayaquil, 1977) en las ideas de apertura de <strong><em>Cat\u00e1logo de aves muertas<\/em><\/strong>, primera novela de un ecuatoriano publicada en la editorial Anagrama, que el prol\u00edfico y premiado autor termin\u00f3 durante <strong>una <a href=\"https:\/\/www.clarin.com\/cultura\/autores-extranjeros-escribiran-nuevo-libro-buenos-aires_0_gCGj82IaoU.html\" target=\"_blank\" title=\"residencia \" alt=\"residencia \" rel=\"noopener noreferrer\">residencia <\/a>en el <a href=\"https:\/\/www.instagram.com\/p\/DZ-bd49FFx9\/\" target=\"_blank\" title=\"MALBA \" alt=\"MALBA \" rel=\"noopener noreferrer\">MALBA <\/a>durante su estad\u00eda en <a href=\"https:\/\/malba.org.ar\/entrevista-ernesto-carrion\/\" target=\"_blank\" title=\"Buenos Aires,\" alt=\"Buenos Aires,\" rel=\"noopener noreferrer\">Buenos Aires,<\/a> en 2024.<\/strong><\/p>\n<\/div>\n<div class=\"sc-98b114a2-0 bkqiHH image-embed image-embed \" id=\"element-body-1\"><picture class=\"sc-98b114a2-1 jRUlDm\"><source media=\"(min-width: 975px)\" width=\"720\" height=\"480\" srcset=\"http:\/\/cordobateve.net\/wp-content\/uploads\/2026\/09\/el-misterio-de-las-aves-suicidas-y-un-duelo-familiar-la-nueva-novela-de-ernesto-carrion-2.jpg\"><img alt=\"El Ernesto Carri\u00f3n form\u00f3 parte de la Residencia de Escritores del Malba. Foto: gentileza REM.\" loading=\"eager\" width=\"720\" height=\"480\" decoding=\"async\" data-nimg=\"1\" src=\"http:\/\/cordobateve.net\/wp-content\/uploads\/2026\/09\/el-misterio-de-las-aves-suicidas-y-un-duelo-familiar-la-nueva-novela-de-ernesto-carrion-2.jpg\"><span class=\"epigraphe\" aria-hidden=\"true\">El Ernesto Carri\u00f3n form\u00f3 parte de la Residencia de Escritores del Malba. Foto: gentileza REM.<\/span><span class=\"picture-open\"><button class=\"open-image\" aria-label=\"Open Image\"><\/button><\/span><\/picture><\/div>\n<div class=\"sc-45461e9c-0 eqiBeF container-text text-embed \" id=\"element-body-2\" readability=\"67\">\n<p>Con la <strong>tristeza <\/strong>a flor de piel, el protagonista de <em>Cat\u00e1logo de aves muertas<\/em>, de nombre Le\u00f3nidas, <strong>es un padre que narra un viaje con su hijo Lautaro<\/strong>. Quiere acampar en la monta\u00f1a, bajo el aire helado y p\u00e1ramos ancestrales, en la zona del <strong>Parque Nacional Sangay de la provincia ecuatoriana de Chimborazo<\/strong>, y en los d\u00edas previos a lo que se conoce como <strong>el suicidio colectivo de unas aves famosas<\/strong>, que justo coincid\u00edan con la previa del aniversario de la muerte inesperada de su esposa Elisa. No est\u00e1n solos en la naturaleza: <strong>otros visitantes llegan hasta all\u00ed arrastrados por el mismo deseo.<\/strong><\/p>\n<\/div>\n<div class=\"sc-45461e9c-0 eqiBeF container-text text-embed \" id=\"element-body-3\" readability=\"65\">\n<p>\u201cUna familia nueva de s\u00f3lo dos integrantes\u201d, define el padre a su <strong>orfandad<\/strong>, a esos olores de ella que ya no est\u00e1n en el hogar, \u201csus extravagantes verduras, sus zapatillas para trotar, su desodorante blanco, su t\u00e9 negro y su leche de almendras\u201d.<\/p>\n<\/div>\n<div class=\"sc-45461e9c-0 eqiBeF container-text text-embed \" id=\"element-body-4\" readability=\"68\">\n<p>Elisa, que se hab\u00eda doctorado a los 28 a\u00f1os, era una prominente bi\u00f3loga que trabajaba para una compa\u00f1\u00eda extranjera y amaba la naturaleza hasta los bichos m\u00e1s min\u00fasculos. De un momento para el otro, <strong>capturada por un fen\u00f3meno que sigue siendo enigm\u00e1tico para la ciencia, hab\u00eda empezado a estudiar el asombroso caso de los cuviv\u00edes,<\/strong> unas aves migratorias que cada a\u00f1o, <strong>en septiembre, se precipitan en masa hacia la muerte <\/strong>en las Lagunas de Ozogoche, espejos de aguas fr\u00edas a tres mil quinientos metros de altura.<\/p>\n<\/div>\n<p><h2>Un ritual desenfrenado<\/h2>\n<\/p>\n<div class=\"sc-45461e9c-0 eqiBeF container-text text-embed \" id=\"element-body-6\" readability=\"62\">\n<p>\u201c<strong>Se trata de un ritual desenfrenado de la naturaleza que no posee una explicaci\u00f3n.<\/strong> Supuestamente, cientos de aves llegan hasta all\u00ed con el \u00fanico prop\u00f3sito de estrellarse contra la laguna. Caen como aniquiladas por un razonamiento imposible: quitarse la vida o simplemente dejar de volar\u201d, se describe en la novela.<\/p>\n<\/div>\n<div class=\"sc-45461e9c-0 eqiBeF container-text text-embed \" id=\"element-body-7\" readability=\"65\">\n<p>Todo cambi\u00f3 repentinamente. <strong>Meses antes de ir al territorio para observar el suicidio colectivo de las aves, Elisa muere <\/strong>al estrellar su coche de forma aparentemente voluntaria, ya que en la pericia no hab\u00eda rastros de ning\u00fan desperfecto mec\u00e1nico. <strong>Su investigaci\u00f3n cient\u00edfica sobre los cuviv\u00edes, en efecto, qued\u00f3 inconclusa o sin respuestas, como su suicidio.<\/strong><\/p>\n<\/div>\n<div class=\"sc-45461e9c-0 eqiBeF container-text text-embed \" id=\"element-body-8\" readability=\"65\">\n<p>El viaje de Le\u00f3nidas con su hijo se presenta terriblemente doloroso, sin que pueda alcanzar alg\u00fan nivel posible de comprensi\u00f3n, y no casualmente, <strong>en esa suerte de <em>road movie <\/em>que es la novela, se dice que los suicidas son los peores muertos<\/strong>: aquellos cuyo descanso resulta imposible, con el desvelo de los seres queridos que se la pasan indagando por qu\u00e9 ocurri\u00f3 ese final.<\/p>\n<\/div>\n<div class=\"sc-45461e9c-0 eqiBeF container-text text-embed \" id=\"element-body-10\" readability=\"60\">\n<p>\u201c\u00bfPor qu\u00e9 Elisa decidi\u00f3 un d\u00eda estrellar su auto? \u00bfCu\u00e1l fue el sufrimiento que guardaba mi mujer y jam\u00e1s advert\u00ed? \u00bfQu\u00e9 insana idea tap\u00f3 la mitad de nuestra vida juntos y destap\u00f3 un abismo frente a sus ojos?\u201d, son algunos de los desesperados pasajes.<\/p>\n<\/div>\n<div class=\"sc-45461e9c-0 eqiBeF container-text text-embed \" id=\"element-body-11\" readability=\"66\">\n<p>Mientras ocurre el viaje,<strong> el narrador habla de documentos e informes que examinan el suicidio animal<\/strong>. Un tono algo period\u00edstico, algo ensay\u00edstico, a trav\u00e9s de los cuales Eduardo Carri\u00f3n, que adem\u00e1s de narrador es poeta y guionista,<strong> ganador del Premio Casa de las Am\u00e9ricas con <em>Incendiamos las yeguas en la madrugada<\/em><\/strong>, agrega a la trama como una capa de sentido.<\/p>\n<\/div>\n<div class=\"sc-45461e9c-0 eqiBeF container-text text-embed \" id=\"element-body-12\" readability=\"59\">\n<p>As\u00ed, s<strong>e destierra la idea de que solamente los seres humanos son los que pueden imaginar un futuro donde voluntariamente podr\u00edan desaparecer<\/strong>. <\/p>\n<\/div>\n<div class=\"sc-45461e9c-0 eqiBeF container-text text-embed \" id=\"element-body-13\" readability=\"65\">\n<p>En rigor,<strong> la informaci\u00f3n cient\u00edfica que ir\u00e1 apareciendo en la novela <\/strong>\u2013el marido que se obsesiona con la obsesi\u00f3n de su esposa\u2013 <strong>prueba lo opuesto: los animales no s\u00f3lo poseen capacidad de autorreflexi\u00f3n sino que tambi\u00e9n se deprimen profundamente<\/strong>, como los tarseros de las Filipinas, las ovejas y las vacas y los toros que se arrojan continuamente de acantilados en distintas partes del mundo, o el delf\u00edn de la serie Flipper, que decide de pronto dejar de respirar.<\/p>\n<\/div>\n<div class=\"sc-45461e9c-0 eqiBeF container-text text-embed \" id=\"element-body-14\" readability=\"61\">\n<p>Las preguntas se suceden y ninguna certeza aparece en el corto plazo para aplacarlas. \u00bfPor qu\u00e9 se precipitan las aves hacia el fin? \u00bfFruto de un cansancio extremo tras vuelos largos? \u00bfDesorientados por el clima y los fuertes vientos en la alta monta\u00f1a? \u00bfPor un ritual ancestral ligado a la condici\u00f3n sagrada de las lagunas? En montaje paralelo, el narrador indaga en la muerte de su mujer.<\/p>\n<\/div>\n<div class=\"sc-98b114a2-0 bkqiHH image-embed image-embed \" id=\"element-body-15\"><picture class=\"sc-98b114a2-1 jRUlDm\"><source media=\"(min-width: 975px)\" width=\"720\" height=\"480\" srcset=\"http:\/\/cordobateve.net\/wp-content\/uploads\/2026\/09\/el-misterio-de-las-aves-suicidas-y-un-duelo-familiar-la-nueva-novela-de-ernesto-carrion-3.jpg\"><img alt=\"El Ernesto Carri\u00f3n form\u00f3 parte de la Residencia de Escritores del Malba. Foto: gentileza REM.\" loading=\"eager\" width=\"720\" height=\"480\" decoding=\"async\" data-nimg=\"1\" src=\"http:\/\/cordobateve.net\/wp-content\/uploads\/2026\/09\/el-misterio-de-las-aves-suicidas-y-un-duelo-familiar-la-nueva-novela-de-ernesto-carrion-3.jpg\"><span class=\"epigraphe\" aria-hidden=\"true\">El Ernesto Carri\u00f3n form\u00f3 parte de la Residencia de Escritores del Malba. Foto: gentileza REM.<\/span><span class=\"picture-open\"><button class=\"open-image\" aria-label=\"Open Image\"><\/button><\/span><\/picture><\/div>\n<div class=\"sc-45461e9c-0 eqiBeF container-text text-embed \" id=\"element-body-16\" readability=\"63\">\n<p>\u201c\u00bfPuede una persona simplemente decidir un d\u00eda su inexistencia? \u00bfPerder la fuerza que sacaba quiz\u00e1s de su entorno y las palabras? \u00bfCambian las palabras el \u00e1nimo de la persona? \u00bfQu\u00e9 les hace pensar a los seres humanos que solamente ellos tienen conciencia de lo que son la compa\u00f1\u00eda, el amor y la tristeza?\u201d, se cuestiona Le\u00f3nidas, perplejo ante las razones de por qu\u00e9 alguien opta por abandonar la existencia.<\/p>\n<\/div>\n<p><h2>Ritos funerarios y esp\u00edritus<\/h2>\n<\/p>\n<div class=\"sc-45461e9c-0 eqiBeF container-text text-embed \" id=\"element-body-18\" readability=\"60\">\n<p><strong>Septiembre, adem\u00e1s, es el mes en que hay m\u00e1s suicidios en el mundo<\/strong>. \u00bfHay un contagio entre las especies? \u00bfHay una suerte de tristeza que se transmite universalmente en esos d\u00edas? <\/p>\n<\/div>\n<div class=\"sc-45461e9c-0 eqiBeF container-text text-embed \" id=\"element-body-19\" readability=\"66\">\n<p><strong>Aparecen, en los cap\u00edtulos sucesivos, referencias al poder de las monta\u00f1as, a ritos funerarios y esp\u00edritus<\/strong>, a Jonathan Swift y Gulliver, antepasados incas y cosmovisiones andinas, y destellos metaf\u00edsicos como que \u201clos seres humanos convivimos entre seres y objetos que han echado ra\u00edces por todas partes. Por eso asusta mucho volverlo todo cenizas\u201d o \u201ces dif\u00edcil que cualquier ser vivo persiga su propio aniquilamiento\u201d.<\/p>\n<\/div>\n<div class=\"sc-45461e9c-0 eqiBeF container-text text-embed \" id=\"element-body-20\" readability=\"59\">\n<p><strong>Alrededor de las Lagunas de Ozogoche ocurre algo inesperado<\/strong>, e irrumpe una amiga llamada Lucrecia y la tragedia de un tal Pablo Garc\u00eda. <\/p>\n<\/div>\n<div class=\"sc-45461e9c-0 eqiBeF container-text text-embed \" id=\"element-body-21\" readability=\"63\">\n<p><strong>La novela luego cambia de foco y de narrador. <\/strong>El hijo, quince a\u00f1os despu\u00e9s, viaja a India. Sigue el rompecabezas mental y emocional de su madre, y junto a su padre contratan a una empresa que recrea avatares digitales de los muertos. Con una simple base de datos alcanza para revivir a una persona a trav\u00e9s de la inteligencia artificial.<\/p>\n<\/div>\n<div class=\"sc-98b114a2-0 bkqiHH image-embed image-embed \" id=\"element-body-22\"><picture class=\"sc-98b114a2-1 jRUlDm\"><source media=\"(min-width: 975px)\" width=\"720\" height=\"480\" srcset=\"http:\/\/cordobateve.net\/wp-content\/uploads\/2026\/09\/el-misterio-de-las-aves-suicidas-y-un-duelo-familiar-la-nueva-novela-de-ernesto-carrion-4.jpg\"><img alt=\"El Ernesto Carri\u00f3n form\u00f3 parte de la Residencia de Escritores del Malba. Foto: gentileza REM.\" loading=\"eager\" width=\"720\" height=\"480\" decoding=\"async\" data-nimg=\"1\" src=\"http:\/\/cordobateve.net\/wp-content\/uploads\/2026\/09\/el-misterio-de-las-aves-suicidas-y-un-duelo-familiar-la-nueva-novela-de-ernesto-carrion-4.jpg\"><span class=\"epigraphe\" aria-hidden=\"true\">El Ernesto Carri\u00f3n form\u00f3 parte de la Residencia de Escritores del Malba. Foto: gentileza REM.<\/span><span class=\"picture-open\"><button class=\"open-image\" aria-label=\"Open Image\"><\/button><\/span><\/picture><\/div>\n<div class=\"sc-45461e9c-0 eqiBeF container-text text-embed \" id=\"element-body-23\" readability=\"61\">\n<p><strong>\u201cSanar es tambi\u00e9n una cuesti\u00f3n de saber perderse\u201d<\/strong>, piensa Lautaro, que no deja de cuestionarse los tiempos del duelo y de c\u00f3mo con la resurrecci\u00f3n virtual de su madre se impide habitar y transitar la complejidad humana de los sentimientos.<\/p>\n<\/div>\n<div class=\"sc-45461e9c-0 eqiBeF container-text text-embed \" id=\"element-body-24\" readability=\"65\">\n<p>\u201c\u00bfS\u00f3lo estamos dando vueltas en una enorme bola de gas, llena de agua, fantas\u00eda y muerte? \u00bfEstamos aqu\u00ed para perder los d\u00edas aspirando a la inmortalidad mientras nos miramos las palmas de las manos? \u00bfO somos esa cantidad de oscuridad que necesita una estrella para brillar con m\u00e1s fuerza?\u201d, son otras preguntas que surgen entre la memoria y el presente, los muertos y los vivos, el dolor y la reparaci\u00f3n.<\/p>\n<\/div>\n<div class=\"sc-45461e9c-0 eqiBeF container-text text-embed \" id=\"element-body-25\" readability=\"69\">\n<p><strong>Carri\u00f3n contagia un lazo sensible con el mundo animal<\/strong>, bajo un tono \u00edntimo y po\u00e9tico que viaja en el tiempo y a trav\u00e9s de diferentes espacios.<strong> Una novela breve que, a la vez que sacude los sentimientos intrincados de una familia,<\/strong> pone a sus personajes en la reconexi\u00f3n con la naturaleza, entre \u201crecuerdos desprendidos como ramas\u201d, reflexiones sobre la paternidad y la condici\u00f3n de hijo, y la convivencia con los fantasmas propios y ajenos, sin por eso anular la dimensi\u00f3n de la p\u00e9rdida y las ausencias, el azar y el destino, y la leve percepci\u00f3n de que la muerte de los otros \u201ces un debate sobrenatural con uno mismo\u201d.<\/p>\n<\/div>\n<div class=\"sc-45461e9c-0 eqiBeF container-text text-embed \" id=\"element-body-27\" readability=\"58\">\n<p><strong><em>Cat\u00e1logo de aves muertas<\/em>, de Ernesto Carri\u00f3n (Anagrama).<\/strong><\/p>\n<\/div>\n","protected":false},"excerpt":{"rendered":"<p>Salir de la ciudad escapando de s\u00ed mismo. Renacer en la ruta o en otro paisaje, persiguiendo nubes diferentes. El duelo y el viaje, entonces, como experiencias similares, esa vieja idea de lo interno y lo externo, lo \u00edntimo y lo p\u00fablico que se yuxtaponen, se tensionan, se fugan en mutaciones inciertas. \u201cLos caminos, aunque [&hellip;]<\/p>\n","protected":false},"author":1,"featured_media":133493,"comment_status":"closed","ping_status":"closed","sticky":false,"template":"","format":"standard","meta":[],"categories":[22],"tags":[],"_links":{"self":[{"href":"http:\/\/cordobateve.net\/index.php\/wp-json\/wp\/v2\/posts\/133492"}],"collection":[{"href":"http:\/\/cordobateve.net\/index.php\/wp-json\/wp\/v2\/posts"}],"about":[{"href":"http:\/\/cordobateve.net\/index.php\/wp-json\/wp\/v2\/types\/post"}],"author":[{"embeddable":true,"href":"http:\/\/cordobateve.net\/index.php\/wp-json\/wp\/v2\/users\/1"}],"replies":[{"embeddable":true,"href":"http:\/\/cordobateve.net\/index.php\/wp-json\/wp\/v2\/comments?post=133492"}],"version-history":[{"count":0,"href":"http:\/\/cordobateve.net\/index.php\/wp-json\/wp\/v2\/posts\/133492\/revisions"}],"wp:featuredmedia":[{"embeddable":true,"href":"http:\/\/cordobateve.net\/index.php\/wp-json\/wp\/v2\/media\/133493"}],"wp:attachment":[{"href":"http:\/\/cordobateve.net\/index.php\/wp-json\/wp\/v2\/media?parent=133492"}],"wp:term":[{"taxonomy":"category","embeddable":true,"href":"http:\/\/cordobateve.net\/index.php\/wp-json\/wp\/v2\/categories?post=133492"},{"taxonomy":"post_tag","embeddable":true,"href":"http:\/\/cordobateve.net\/index.php\/wp-json\/wp\/v2\/tags?post=133492"}],"curies":[{"name":"wp","href":"https:\/\/api.w.org\/{rel}","templated":true}]}}