{"id":13784,"date":"2021-05-04T23:33:16","date_gmt":"2021-05-04T23:33:16","guid":{"rendered":"http:\/\/cordobateve.net\/index.php\/2021\/05\/04\/santiago-del-moro-publico-una-foto-de-su-hija-y-su-parecido-con-lali-esposito-es-increible\/"},"modified":"2021-05-04T23:33:16","modified_gmt":"2021-05-04T23:33:16","slug":"santiago-del-moro-publico-una-foto-de-su-hija-y-su-parecido-con-lali-esposito-es-increible","status":"publish","type":"post","link":"http:\/\/cordobateve.net\/index.php\/2021\/05\/04\/santiago-del-moro-publico-una-foto-de-su-hija-y-su-parecido-con-lali-esposito-es-increible\/","title":{"rendered":"Santiago del Moro public\u00f3 una foto de su hija y su parecido con Lali Esp\u00f3sito es incre\u00edble"},"content":{"rendered":"<div class=\"media_block\"><\/div>\n<p><a target=\"_blank\" href=\"http:\/\/https:\/\/caras.perfil.com\/noticias\/celebridades\/masterchef-celebrity-2-quienes-regresan-al-programa-tras-la-super-revancha.phtml\" rel=\"noopener noreferrer\"><strong>Santiago del Moro <\/strong><\/a>comparti\u00f3 una foto de su <strong>hija Catalina <\/strong>que hizo estallar las redes sociales. El conductor de<strong> Masterchef Celebrity<\/strong> subi\u00f3 una publicaci\u00f3n de la peque\u00f1a y sus seguidores la <strong>compararon <\/strong>con<strong> Lali Esp\u00f3sito.<\/strong><\/p>\n<p>En el post, la ni\u00f1a luce con un <strong>particular estilo con enormes gafas y labios pintados<\/strong>.&nbsp;\u00ab\u00a1Es Lali!\u00bb, <strong>\u00abPerd\u00f3n, pens\u00e9 que era Lali<\/strong>&#8230;\u00bb, \u00abTodos pensamos que era<strong> una mini Lali, <\/strong>\u00bfno?\u00bb, dijeron sus followers al ver la publicaci\u00f3n.&nbsp;<\/p>\n<p><img alt=\"Santiago del Moro public\u00f3 una foto de su hija y su parecido con Lali Esp\u00f3sito es incre\u00edble \" src=\"http:\/\/cordobateve.net\/wp-content\/uploads\/2021\/05\/santiago-del-moro-publico-una-foto-de-su-hija-y-su-parecido-con-lali-esposito-es-increible.jpg\"><\/p>\n<p>A pesar de mantener su vida privada en la m\u00e1s absoluta reserva, <strong>Santiago del Moro<\/strong> comparte algunas publicaciones en familia. El periodista est\u00e1 casado desde hace m\u00e1s de 20 a\u00f1os con<a target=\"_blank\" href=\"https:\/\/caras.perfil.com\/noticias\/celebridades\/masterchef-asi-empezo-la-historia-de-amor-de-santiago-del-moro-y-maria-jose-sanchez.phtml\" rel=\"noopener noreferrer\"><strong> Mar\u00eda Jos\u00e9 S\u00e1nchez <\/strong><\/a>y, adem\u00e1s de <strong>Catalina<\/strong>, es tambi\u00e9n pap\u00e1 de <strong>Amanda<\/strong>.<\/p>\n<p><img alt=\"Masterchef: as\u00ed empez\u00f3 la historia de amor de Santiago del Moro y Mar\u00eda Jos\u00e9 S\u00e1nchez\" src=\"http:\/\/cordobateve.net\/wp-content\/uploads\/2021\/05\/santiago-del-moro-publico-una-foto-de-su-hija-y-su-parecido-con-lali-esposito-es-increible-1.jpg\"><\/p>\n<p>Para&nbsp;<strong>Santiago Del Moro<\/strong>&nbsp;el gran secreto para equilibrar su vida familiar con la televisiva es que Mar\u00eda Jos\u00e9 no tiene nada que ver con el mundillo medi\u00e1tico.<\/p>\n<p><img alt=\"Masterchef: as\u00ed empez\u00f3 la historia de amor de Santiago del Moro y Mar\u00eda Jos\u00e9 S\u00e1nchez\" src=\"http:\/\/cordobateve.net\/wp-content\/uploads\/2021\/05\/santiago-del-moro-publico-una-foto-de-su-hija-y-su-parecido-con-lali-esposito-es-increible-2.jpg\"><\/p>\n<p>\u00bb&nbsp;A mi mujer&nbsp;<strong>nunca le import\u00f3 ni la notita en el portal, ni la fama<\/strong>. Eso me ayud\u00f3 mucho. El d\u00eda que Jaime&nbsp;Stiuso sali\u00f3 al aire en Intratables fue un quilombo. Imaginate,&nbsp;llegu\u00e9 a casa y ten\u00eda el tel\u00e9fono estallado y la cabeza hecha un bombo. Mi mujer me esperaba con el bolet\u00edn de la nena en la mano\u00bb, dijo en referencia a sus dos peque\u00f1as.&nbsp;<\/p>\n<p><img alt=\"Masterchef: as\u00ed empez\u00f3 la historia de amor de Santiago del Moro y Mar\u00eda Jos\u00e9 S\u00e1nchez\" src=\"http:\/\/cordobateve.net\/wp-content\/uploads\/2021\/05\/santiago-del-moro-publico-una-foto-de-su-hija-y-su-parecido-con-lali-esposito-es-increible-3.jpg\"><\/p>\n<section class=\"noticias-relacionadas\" readability=\"0.17032967032967\">\n<p><h5>Tambi\u00e9n te puede interesar<\/h5>\n<\/p>\n<\/section>\n<div class>\n<h3>Galer\u00eda de im\u00e1genes<\/h3>\n<\/p><\/div>\n<p> <!-- e-planning v3 - Comienzo espacio _ articulo _ teads --> <noscript><a href=\"https:\/\/ads.us.e-planning.net\/ei\/3\/279a3\/articulo\/teads?it=i&amp;rnd=$RANDOM\" target=\"_blank\" rel=\"noopener noreferrer\"><img loading=\"lazy\" width=\"1\" height=\"1\" alt=\"e-planning ad\" src=\"http:\/\/cordobateve.net\/wp-content\/uploads\/2021\/05\/santiago-del-moro-publico-una-foto-de-su-hija-y-su-parecido-con-lali-esposito-es-increible.gif\" border=\"0\"><\/a><\/noscript><br \/>\n<!-- e-planning v3 - Fin espacio _ articulo _ teads --> <\/p>\n","protected":false},"excerpt":{"rendered":"<p>Santiago del Moro comparti\u00f3 una foto de su hija Catalina que hizo estallar las redes sociales. El conductor de Masterchef Celebrity subi\u00f3 una publicaci\u00f3n de la peque\u00f1a y sus seguidores la compararon con Lali Esp\u00f3sito. En el post, la ni\u00f1a luce con un particular estilo con enormes gafas y labios pintados.&nbsp;\u00ab\u00a1Es Lali!\u00bb, \u00abPerd\u00f3n, pens\u00e9 que [&hellip;]<\/p>\n","protected":false},"author":1,"featured_media":13785,"comment_status":"closed","ping_status":"closed","sticky":false,"template":"","format":"standard","meta":[],"categories":[22],"tags":[],"_links":{"self":[{"href":"http:\/\/cordobateve.net\/index.php\/wp-json\/wp\/v2\/posts\/13784"}],"collection":[{"href":"http:\/\/cordobateve.net\/index.php\/wp-json\/wp\/v2\/posts"}],"about":[{"href":"http:\/\/cordobateve.net\/index.php\/wp-json\/wp\/v2\/types\/post"}],"author":[{"embeddable":true,"href":"http:\/\/cordobateve.net\/index.php\/wp-json\/wp\/v2\/users\/1"}],"replies":[{"embeddable":true,"href":"http:\/\/cordobateve.net\/index.php\/wp-json\/wp\/v2\/comments?post=13784"}],"version-history":[{"count":0,"href":"http:\/\/cordobateve.net\/index.php\/wp-json\/wp\/v2\/posts\/13784\/revisions"}],"wp:featuredmedia":[{"embeddable":true,"href":"http:\/\/cordobateve.net\/index.php\/wp-json\/wp\/v2\/media\/13785"}],"wp:attachment":[{"href":"http:\/\/cordobateve.net\/index.php\/wp-json\/wp\/v2\/media?parent=13784"}],"wp:term":[{"taxonomy":"category","embeddable":true,"href":"http:\/\/cordobateve.net\/index.php\/wp-json\/wp\/v2\/categories?post=13784"},{"taxonomy":"post_tag","embeddable":true,"href":"http:\/\/cordobateve.net\/index.php\/wp-json\/wp\/v2\/tags?post=13784"}],"curies":[{"name":"wp","href":"https:\/\/api.w.org\/{rel}","templated":true}]}}