{"id":1490,"date":"2020-10-02T19:12:04","date_gmt":"2020-10-02T19:12:04","guid":{"rendered":"https:\/\/exitoina.perfil.com\/noticias\/television\/marcelo-polino-dejo-laflia-y-se-suma-a-telefe.phtml"},"modified":"2020-10-02T19:12:04","modified_gmt":"2020-10-02T19:12:04","slug":"marcelo-polino-dejo-laflia-y-se-suma-a-telefe","status":"publish","type":"post","link":"http:\/\/cordobateve.net\/index.php\/2020\/10\/02\/marcelo-polino-dejo-laflia-y-se-suma-a-telefe\/","title":{"rendered":"Marcelo Polino dej\u00f3 Laflia y se suma a Telefe"},"content":{"rendered":"<p><img src=\"http:\/\/cordobateve.net\/wp-content\/uploads\/2020\/10\/marcelo-polino-dejo-laflia-y-se-suma-a-telefe.jpg\"><\/p>\n<p><a target=\"_blank\" href=\"https:\/\/exitoina.perfil.com\/noticias\/escandalo\/marcelo-polino-contraataco-andrea-tabodada-mal-terminada.phtml\" rel=\"noopener noreferrer\"><strong>Marcelo Polino<\/strong><\/a> deja el equipo de <strong>Marcelo Tinelli<\/strong> en <strong>El Trece<\/strong> para cambiar de canal y sumarse a distintos programas de <strong>Telefe<\/strong>: <em><strong>MasterChef<\/strong><\/em> <em><strong>Celebrity<\/strong><\/em> y el nuevo magazine que estar\u00e1 conducido por <a target=\"_blank\" href=\"https:\/\/exitoina.perfil.com\/noticias\/television\/lflorencia-pena-palabra-tras-su-regreso-a-telefe.phtml\" rel=\"noopener noreferrer\"><strong>Florencia Pe\u00f1a<\/strong><\/a>, entre muchos otros m\u00e1s.<\/p>\n<p>El pase, que reson\u00f3 como una bomba en el mundo del espect\u00e1culo debido a la larga trayectoria del <strong>periodista <\/strong>primero en <strong>Ideas del Sur<\/strong> y luego en <strong>Laflia<\/strong>, ocurre a horas del estreno del <strong>reality<\/strong> a cargo de <strong>Santiago del Moro<\/strong> y en un a\u00f1o en el que Polino no form\u00f3 parte de ning\u00fan proyecto de la productora que realiza el <em><strong>Cantando 2020<\/strong><\/em>.<\/p>\n<p>\u201c\u00a1Bienvenido @MarceloPolino! El destacado periodista, uno de los referentes m\u00e1s importantes del mundo del espect\u00e1culo, <strong>ser\u00e1 el embajador de <\/strong><em><strong>MasterChef Celebrity<\/strong><\/em> en el equipo del nuevo magazine matutino de <strong>@Flor_de_P<\/strong> y en diferentes programas de Telefe\u201d, anunciaron desde el equipo de prensa del la emisora de <strong>Viacom<\/strong>.<\/p>\n<p>\u201c\u00a1Feliz y agradecido de sumarme a @telefe y este mega proyecto! \u00a1Gracias! \u00a1Gracias! \u00a1Vamooos!\u201d, respondi\u00f3 el <strong>presentador de televisi\u00f3n y radio<\/strong> a trav\u00e9s de Twitter.<\/p>\n<blockquote class=\"twitter-tweet\" readability=\"4.4210526315789\">\n<p lang=\"es\" dir=\"ltr\">Feliz y agradecido de sumarme a <a href=\"https:\/\/twitter.com\/telefe?ref_src=twsrc%5Etfw\">@telefe<\/a> y este Mega proyecto! Gracias! Gracias!Vamooos! \ud83e\udd29\ud83d\ude4c <a href=\"https:\/\/t.co\/ijNk8mVSm1\">https:\/\/t.co\/ijNk8mVSm1<\/a><\/p>\n<p>\u2014 Marcelo Polino (@MarceloPolino) <a href=\"https:\/\/twitter.com\/MarceloPolino\/status\/1312096009267355648?ref_src=twsrc%5Etfw\">October 2, 2020<\/a><\/p><\/blockquote>\n<p>El conductor de <em>Polino Aut\u00e9ntico<\/em> (Radio Mitre) fue integrante del jurado de distintos env\u00edos producidos por la compa\u00f1\u00eda de Marcelo Tinelli, como el <em><strong>Bailando por un sue\u00f1o<\/strong><\/em>, el <em><strong>Cantando por un sue\u00f1o<\/strong><\/em> y el <em><strong>Patinando por un sue\u00f1o<\/strong><\/em>, y tambi\u00e9n estuvo al frente del ciclo de espect\u00e1culos <em><strong>Los especialistas del show<\/strong><\/em> en 2018.<\/p>\n<p><em>El canal de las pelotas<\/em> ya se hab\u00eda quedado con una figura que previamente se destac\u00f3 en la pantalla de su principal competidor: <a target=\"_blank\" href=\"https:\/\/exitoina.perfil.com\/noticias\/destacada\/flor-vigna-error-telefe-masterchef-celebrity.phtml\" rel=\"noopener noreferrer\"><strong>Flor Vigna<\/strong><\/a>, quien no solo se consagr\u00f3 campeona en dos oportunidades del <em><strong>Bailando<\/strong><\/em>, sino que tambi\u00e9n actu\u00f3 en diversas tiras de <strong>Polka<\/strong>. En el caso de la ex <em>Combate<\/em> (El Nueve), ella se encargar\u00e1 de ser la <em>host digital<\/em> del formato de cocina que <strong>se estrenar\u00e1 el pr\u00f3ximo lunes 5 de octubre.<\/strong><\/p>\n<p>Este cambio de canal tambi\u00e9n significa el debut de Marcelo en <strong>Telefe<\/strong>. Adem\u00e1s de su rol en los productos de <strong>Laflia<\/strong>, tambi\u00e9n fue parte de <strong>Am\u00e9rica<\/strong> con <em><strong>Intrusos<\/strong><\/em> y <em><strong>Ponele la firma<\/strong><\/em>, y del inolvidable y escandaloso <em><strong>Zap TV<\/strong><\/em> en Azul Televisi\u00f3n, se\u00f1al que hoy es <strong>El Nueve<\/strong>.<\/p>\n<p>L.L.<\/p>\n<div class=\" d-none \">\n<h3>Galer\u00eda de im\u00e1genes<\/h3>\n<div id=\"gallery-thumbnails\" class=\"bottom-gallery\"> <a href=\"https:\/\/fotos.perfil.com\/2020\/10\/02\/marcelo-polino-1002-1053958.jpg\" title=\"Ampliar Marcelo Polino\"> <img src=\"http:\/\/cordobateve.net\/wp-content\/uploads\/2020\/10\/marcelo-polino-dejo-laflia-y-se-suma-a-telefe-2.jpg\" alt=\"Marcelo Polino\"> <\/a> <\/div><\/div>\n<p> <!-- e-planning v3 - Comienzo espacio _ articulo _ teads --> <noscript><a href=\"https:\/\/ads.us.e-planning.net\/ei\/3\/26e9b\/articulo\/teads?it=i&amp;rnd=$RANDOM\" target=\"_blank\" rel=\"noopener noreferrer\"><img loading=\"lazy\" width=\"1\" height=\"1\" alt=\"e-planning ad\" src=\"http:\/\/cordobateve.net\/wp-content\/uploads\/2020\/10\/marcelo-polino-dejo-laflia-y-se-suma-a-telefe.gif\" border=\"0\"><\/a><\/noscript><br \/>\n<!-- e-planning v3 - Fin espacio _ articulo _ teads --> <\/p>\n","protected":false},"excerpt":{"rendered":"<p>Marcelo Polino deja el equipo de Marcelo Tinelli en El Trece para cambiar de canal y sumarse a distintos programas de Telefe: MasterChef Celebrity y el nuevo magazine que estar\u00e1 conducido por Florencia Pe\u00f1a, entre muchos otros m\u00e1s. El pase, que reson\u00f3 como una bomba en el mundo del espect\u00e1culo debido a la larga trayectoria [&hellip;]<\/p>\n","protected":false},"author":1,"featured_media":1491,"comment_status":"closed","ping_status":"closed","sticky":false,"template":"","format":"standard","meta":[],"categories":[22,21],"tags":[],"_links":{"self":[{"href":"http:\/\/cordobateve.net\/index.php\/wp-json\/wp\/v2\/posts\/1490"}],"collection":[{"href":"http:\/\/cordobateve.net\/index.php\/wp-json\/wp\/v2\/posts"}],"about":[{"href":"http:\/\/cordobateve.net\/index.php\/wp-json\/wp\/v2\/types\/post"}],"author":[{"embeddable":true,"href":"http:\/\/cordobateve.net\/index.php\/wp-json\/wp\/v2\/users\/1"}],"replies":[{"embeddable":true,"href":"http:\/\/cordobateve.net\/index.php\/wp-json\/wp\/v2\/comments?post=1490"}],"version-history":[{"count":0,"href":"http:\/\/cordobateve.net\/index.php\/wp-json\/wp\/v2\/posts\/1490\/revisions"}],"wp:featuredmedia":[{"embeddable":true,"href":"http:\/\/cordobateve.net\/index.php\/wp-json\/wp\/v2\/media\/1491"}],"wp:attachment":[{"href":"http:\/\/cordobateve.net\/index.php\/wp-json\/wp\/v2\/media?parent=1490"}],"wp:term":[{"taxonomy":"category","embeddable":true,"href":"http:\/\/cordobateve.net\/index.php\/wp-json\/wp\/v2\/categories?post=1490"},{"taxonomy":"post_tag","embeddable":true,"href":"http:\/\/cordobateve.net\/index.php\/wp-json\/wp\/v2\/tags?post=1490"}],"curies":[{"name":"wp","href":"https:\/\/api.w.org\/{rel}","templated":true}]}}