{"id":19268,"date":"2021-08-03T15:40:24","date_gmt":"2021-08-03T15:40:24","guid":{"rendered":"http:\/\/cordobateve.net\/index.php\/2021\/08\/03\/pampita-hablo-de-la-posibilidad-de-tener-otro-hijo-con-su-marido-y-aclaro-como-se-llama-su-hija\/"},"modified":"2021-08-03T15:40:24","modified_gmt":"2021-08-03T15:40:24","slug":"pampita-hablo-de-la-posibilidad-de-tener-otro-hijo-con-su-marido-y-aclaro-como-se-llama-su-hija","status":"publish","type":"post","link":"http:\/\/cordobateve.net\/index.php\/2021\/08\/03\/pampita-hablo-de-la-posibilidad-de-tener-otro-hijo-con-su-marido-y-aclaro-como-se-llama-su-hija\/","title":{"rendered":"Pampita habl\u00f3 de la posibilidad de tener otro hijo con su marido y aclar\u00f3 como se llama su hija"},"content":{"rendered":"<div class=\"media_block\"><\/div>\n<p>Luego de dar a luz hace unos d\u00edas a su quinto hijo, en este caso una nena, la primera que tiene con su marido, <strong>Roberto Garc\u00eda Morit\u00e1n<\/strong>, <strong><a target=\"_blank\" href=\"https:\/\/caras.perfil.com\/noticias\/celebridades\/la-academia-asi-fue-el-regreso-de-pampita-junto-a-su-hija-y-garcia-moritan.phtml\" rel=\"noopener noreferrer\">Pampita<\/a><\/strong> v<strong>olvi\u00f3 a su rol de jurado en \u00abLa Academia\u00bb y llev\u00f3 a su hija al estudio<\/strong> ya que para ella son cuatro horas lejos de su peque\u00f1a si la deja en su casa y no la puede amamantar coment\u00f3 en di\u00e1logo con \u00abLos \u00c1ngeles a la Ma\u00f1ana\u00bb en donde habl\u00f3 de todo y <strong>asegur\u00f3 que no cerr\u00f3 la puerta de volver a ser madre y aclar\u00f3 como se llama su hija<\/strong>.<\/p>\n<p>\u00ab\u00bf<strong>Pampita como se llama tu hija realmente Ana Carolina o Ana<\/strong>? pregunto \u00c1ngel de Brito y la top model respondi\u00f3: \u00abNo, s<strong>e llama Ana solamente, un portal se equivoc\u00f3 y puso el segundo nombre pero es Ana solo. Imaginate que tiene un apellido compuesto<\/strong> y sino quedar\u00eda largu\u00edsimo, as\u00ed que nos decidimos s\u00f3lo por ponerle Ana\u00bb, aclar\u00f3 Carolina.<\/p>\n<p>Luego de hablar sobre los pol\u00e9micos reemplazos en el programa y del 5 que le puso a <strong>Flor Vigna<\/strong> en el baile del ca\u00f1o, el conductor quiso saber si ya hab\u00eda \u00abcerrado la fabrica\u00bb o iba a buscar el varoncito con Robert y Pampa fue categ\u00f3rica: \u00ab<strong>A\u00fan no decid\u00ed si cerr\u00e9&nbsp;la fabrica. obviamente me encantar\u00eda tener un hermanito con Robert<\/strong>. No te puedo decir si cerr\u00e9 la puerta pero si que me encantar\u00eda\u00bb, cerr\u00f3 Pampita.<\/p>\n<p>Adem\u00e1s finaliz\u00f3 contando que<strong> todos sus hijos se pasan de brazo en brazo a Ana y que su marido le saca a su hija de los brazos y se la sube a una mochilita que tiene y hace los zooms<\/strong> y las reuniones siempre con la beba a upa de \u00e9l. \u00abEsta re baboso, Ana lleg\u00f3 para que la llenemos de amor\u00bb, concluy\u00f3.<\/p>\n<figure class=\"image\"><img alt=\"A d\u00edas del nacimiento de Ana, Garc\u00eda Morit\u00e1n admiti\u00f3 que Pampita quiere otro var\u00f3n\" src=\"http:\/\/cordobateve.net\/wp-content\/uploads\/2021\/08\/pampita-hablo-de-la-posibilidad-de-tener-otro-hijo-con-su-marido-y-aclaro-como-se-llama-su-hija.jpg\"><figcaption>Pampita habl\u00f3 de la posibilidad de tener otro hijo con su marido y aclar\u00f3 como se llama su hija.<\/figcaption><\/figure>\n<h2>La Academia: as\u00ed fue el regreso de Pampita junto a su hija y Garc\u00eda Morit\u00e1n<br \/><\/h2>\n<p><strong>Pampita volvi\u00f3 a La Academia y present\u00f3 oficialmente a Ana. Junto a <a target=\"_blank\" href=\"https:\/\/caras.perfil.com\/noticias\/celebridades\/roberto-garcia-moritan-compartio-un-tierno-video-de-ana-a-una-diez-dias-de-su-nacimiento.phtml\" rel=\"noopener noreferrer\">Roberto Garc\u00eda Morit\u00e1n<\/a><\/strong>, la modelo hizo su primera aparici\u00f3n en el certamen a pocos d\u00edas de dar a luz.<\/p>\n<p>La modelo de 43 a\u00f1os fue presentada especialmente por Marcelo Tinelli quien se dirigi\u00f3 al camar\u00edn de la jurado donde<strong> apareci\u00f3 la peque\u00f1a por primera vez en televisi\u00f3n<\/strong>.<\/p>\n<p>\u00abEstamos haciendo juntos. De 3 a 6 de la ma\u00f1ana es complicado.<strong> Los hermanos est\u00e1n felices, se pelean para tenerla a upa<\/strong>\u00ab, a\u00f1adi\u00f3 el empresario.&nbsp;<\/p>\n<p>\u00abNo llora nunca\u00bb, dijo la modelo que tampoco permiti\u00f3 que la llevaran al estudio. \u00ab<strong>Yo me quedo ac\u00e1 mientras ella est\u00e1 en el piso\u00bb, agreg\u00f3 Garc\u00eda Morit\u00e1n<\/strong>.&nbsp;<\/p>\n<p>\u00ab<strong>Es mi quinta hija, ya sab\u00eda lo que ven\u00eda\u00bb, a\u00f1adi\u00f3 Pampita<\/strong> sobre el nacimiento de su beb\u00e9.&nbsp;<\/p>\n<p>Al momento de ocupar su lugar, la jurado se manifest\u00f3 en contra de los reemplazos de algunos participantes. \u00ab<strong>Vi todos los programas y estoy en contra de los reemplazos\u00bb, tir\u00f3 la modelo picant\u00edsima<\/strong>.&nbsp;<\/p>\n<p>FL<\/p>\n<div class>\n<h3>Galer\u00eda de im\u00e1genes<\/h3>\n<\/p><\/div>\n<p> <noscript><a href=\"https:\/\/ads.us.e-planning.net\/ei\/3\/279a3\/articulo\/teads?it=i&amp;rnd=$RANDOM\" target=\"_blank\" rel=\"noopener noreferrer\"><img loading=\"lazy\" width=\"1\" height=\"1\" alt=\"e-planning ad\" src=\"http:\/\/cordobateve.net\/wp-content\/uploads\/2021\/08\/pampita-hablo-de-la-posibilidad-de-tener-otro-hijo-con-su-marido-y-aclaro-como-se-llama-su-hija.gif\" border=\"0\"><\/a><\/noscript> <\/p>\n","protected":false},"excerpt":{"rendered":"<p>Luego de dar a luz hace unos d\u00edas a su quinto hijo, en este caso una nena, la primera que tiene con su marido, Roberto Garc\u00eda Morit\u00e1n, Pampita volvi\u00f3 a su rol de jurado en \u00abLa Academia\u00bb y llev\u00f3 a su hija al estudio ya que para ella son cuatro horas lejos de su peque\u00f1a [&hellip;]<\/p>\n","protected":false},"author":1,"featured_media":19269,"comment_status":"closed","ping_status":"closed","sticky":false,"template":"","format":"standard","meta":[],"categories":[22],"tags":[],"_links":{"self":[{"href":"http:\/\/cordobateve.net\/index.php\/wp-json\/wp\/v2\/posts\/19268"}],"collection":[{"href":"http:\/\/cordobateve.net\/index.php\/wp-json\/wp\/v2\/posts"}],"about":[{"href":"http:\/\/cordobateve.net\/index.php\/wp-json\/wp\/v2\/types\/post"}],"author":[{"embeddable":true,"href":"http:\/\/cordobateve.net\/index.php\/wp-json\/wp\/v2\/users\/1"}],"replies":[{"embeddable":true,"href":"http:\/\/cordobateve.net\/index.php\/wp-json\/wp\/v2\/comments?post=19268"}],"version-history":[{"count":0,"href":"http:\/\/cordobateve.net\/index.php\/wp-json\/wp\/v2\/posts\/19268\/revisions"}],"wp:featuredmedia":[{"embeddable":true,"href":"http:\/\/cordobateve.net\/index.php\/wp-json\/wp\/v2\/media\/19269"}],"wp:attachment":[{"href":"http:\/\/cordobateve.net\/index.php\/wp-json\/wp\/v2\/media?parent=19268"}],"wp:term":[{"taxonomy":"category","embeddable":true,"href":"http:\/\/cordobateve.net\/index.php\/wp-json\/wp\/v2\/categories?post=19268"},{"taxonomy":"post_tag","embeddable":true,"href":"http:\/\/cordobateve.net\/index.php\/wp-json\/wp\/v2\/tags?post=19268"}],"curies":[{"name":"wp","href":"https:\/\/api.w.org\/{rel}","templated":true}]}}