{"id":19395,"date":"2021-08-05T11:51:51","date_gmt":"2021-08-05T11:51:51","guid":{"rendered":"http:\/\/cordobateve.net\/index.php\/2021\/08\/05\/charlie-watts-se-bajo-de-la-gira-de-los-rolling-stones-por-sus-problemas-de-salud\/"},"modified":"2021-08-05T11:51:51","modified_gmt":"2021-08-05T11:51:51","slug":"charlie-watts-se-bajo-de-la-gira-de-los-rolling-stones-por-sus-problemas-de-salud","status":"publish","type":"post","link":"http:\/\/cordobateve.net\/index.php\/2021\/08\/05\/charlie-watts-se-bajo-de-la-gira-de-los-rolling-stones-por-sus-problemas-de-salud\/","title":{"rendered":"Charlie Watts se baj\u00f3 de la gira de los Rolling Stones por sus problemas de salud"},"content":{"rendered":"<div class=\"media_block\"><\/div>\n<div><img src=\"http:\/\/cordobateve.net\/wp-content\/uploads\/2021\/08\/charlie-watts-se-bajo-de-la-gira-de-los-rolling-stones-por-sus-problemas-de-salud.jpg\" class=\"ff-og-image-inserted\"><\/div>\n<p>En un comunicado dado a conocer por los<strong><a target=\"_blank\" href=\"http:\/\/Pandemia, encierro y rock and roll, el nuevo tema de Mick Jagger y Dave Grohl\" rel=\"noopener noreferrer\">Rolling Stones<\/a>,<\/strong> se inform\u00f3 que su legendario baterista, <strong><a target=\"_blank\" href=\"https:\/\/exitoina.perfil.com\/noticias\/musica\/los-rolling-stones-estrenan-la-cancion-living-in-a-ghost-town-cuarentena.phtml\" rel=\"noopener noreferrer\">Charlie Watts<\/a> <\/strong>no participar\u00e1 de la gira que la banda ten\u00eda programa para septiembre debido a que se est\u00e1&nbsp;recuperando de una operaci\u00f3n.<\/p>\n<p>Watts de 80 a\u00f1os, decidi\u00f3 tomarse un descanso luego de un procedimiento quir\u00fargico y seg\u00fan explic\u00f3:&nbsp;\u201cHoy he aceptado, siguiendo los consejos de los expertos, que esto llevar\u00e1 un tiempo. Por una vez, mis tiempos han estado un poco fuera de lugar\u201d.<\/p>\n<p>Luego agreg\u00f3 que&nbsp;&nbsp;\u201cDespu\u00e9s de todo el sufrimiento de los fan\u00e1ticos causado por <strong>Covid-19,<\/strong> realmente no quiero que los muchos fan\u00e1ticos de RS que han estado reservando boletos para esta gira se sientan decepcionados por otro aplazamiento o cancelaci\u00f3n. Por lo tanto, le he pedido a mi gran amigo Steve Jordan que me sustituya\u00bb<\/p>\n<p>&nbsp;<\/p>\n<blockquote class=\"twitter-tweet\" readability=\"6.9793103448276\">\n<p lang=\"en\" dir=\"ltr\">This has been a bit of a blow to all of us, to say the least and we&#8217;re all wishing for Charlie to&nbsp;have a speedy recovery and to see him as soon as possible.&nbsp; Thank you to Steve Jordan for joining us in the meantime. <a href=\"https:\/\/t.co\/dJbo8D2hRW\">https:\/\/t.co\/dJbo8D2hRW<\/a><\/p>\n<p>\u2014 Keith Richards (@officialKeef) <a href=\"https:\/\/twitter.com\/officialKeef\/status\/1423161689298636809?ref_src=twsrc%5Etfw\">August 5, 2021<\/a><\/p><\/blockquote>\n<p>\u00abCharlie se someti\u00f3 a un procedimiento que fue completamente exitoso, pero sus m\u00e9dicos concluyeron esta semana que ahora necesita un descanso y una recuperaci\u00f3n adecuados\u00bb, dijo un representante de la banda en un comunicado,&nbsp;consigna <em>RollingStone.com<\/em>. \u00abCon los ensayos que comenzar\u00e1n en un par de semanas, es muy decepcionante por decir lo m\u00ednimo, pero tambi\u00e9n es justo decir que nadie lo vio venir\u00bb.<\/p>\n<blockquote class=\"twitter-tweet\" readability=\"5.5786802030457\">\n<p lang=\"en\" dir=\"ltr\">We\u2019re sure you\u2019ll all join us in wishing Charlie a speedy recovery.<\/p>\n<p>All 2021 tour dates will go ahead as planned. <a href=\"https:\/\/t.co\/8OgOIEwHWq\">pic.twitter.com\/8OgOIEwHWq<\/a><\/p>\n<p>\u2014 The Rolling Stones (@RollingStones) <a href=\"https:\/\/twitter.com\/RollingStones\/status\/1423161159813828610?ref_src=twsrc%5Etfw\">August 5, 2021<\/a><\/p><\/blockquote>\n<p>Watts fue diagnosticado con c\u00e1ncer de garganta en 2004, pero logr\u00f3 superar el mal momento&nbsp;despu\u00e9s de someterse a dos operaciones. \u00abPens\u00e9 que iba a morir,&nbsp;Te enfermas de c\u00e1ncer, te marchitas y mueres. Tuve otra operaci\u00f3n para extirpar los ganglios linf\u00e1ticos y radioterapia, que dur\u00f3 seis semanas\u00bb<\/p>\n<p>\u00abEs un absoluto honor y un privilegio ser el suplente de Charlie y estoy deseando ensayar con Mick, Keith y Ronnie\u00bb, dijo Jordan en un comunicado. \u00abNadie estar\u00e1 m\u00e1s feliz que yo de ceder mi asiento en el elevador de bater\u00eda tan pronto como Charlie me diga que est\u00e1 listo para irse\u00bb.<\/p>\n<div class=\"noticias-relacionadas\" readability=\"0.59259259259259\">\n<p>Tambi\u00e9n te puede interesar<\/p>\n<\/p><\/div>\n","protected":false},"excerpt":{"rendered":"<p>En un comunicado dado a conocer por losRolling Stones, se inform\u00f3 que su legendario baterista, Charlie Watts no participar\u00e1 de la gira que la banda ten\u00eda programa para septiembre debido a que se est\u00e1&nbsp;recuperando de una operaci\u00f3n. Watts de 80 a\u00f1os, decidi\u00f3 tomarse un descanso luego de un procedimiento quir\u00fargico y seg\u00fan explic\u00f3:&nbsp;\u201cHoy he aceptado, [&hellip;]<\/p>\n","protected":false},"author":1,"featured_media":19396,"comment_status":"closed","ping_status":"closed","sticky":false,"template":"","format":"standard","meta":[],"categories":[22],"tags":[],"_links":{"self":[{"href":"http:\/\/cordobateve.net\/index.php\/wp-json\/wp\/v2\/posts\/19395"}],"collection":[{"href":"http:\/\/cordobateve.net\/index.php\/wp-json\/wp\/v2\/posts"}],"about":[{"href":"http:\/\/cordobateve.net\/index.php\/wp-json\/wp\/v2\/types\/post"}],"author":[{"embeddable":true,"href":"http:\/\/cordobateve.net\/index.php\/wp-json\/wp\/v2\/users\/1"}],"replies":[{"embeddable":true,"href":"http:\/\/cordobateve.net\/index.php\/wp-json\/wp\/v2\/comments?post=19395"}],"version-history":[{"count":0,"href":"http:\/\/cordobateve.net\/index.php\/wp-json\/wp\/v2\/posts\/19395\/revisions"}],"wp:featuredmedia":[{"embeddable":true,"href":"http:\/\/cordobateve.net\/index.php\/wp-json\/wp\/v2\/media\/19396"}],"wp:attachment":[{"href":"http:\/\/cordobateve.net\/index.php\/wp-json\/wp\/v2\/media?parent=19395"}],"wp:term":[{"taxonomy":"category","embeddable":true,"href":"http:\/\/cordobateve.net\/index.php\/wp-json\/wp\/v2\/categories?post=19395"},{"taxonomy":"post_tag","embeddable":true,"href":"http:\/\/cordobateve.net\/index.php\/wp-json\/wp\/v2\/tags?post=19395"}],"curies":[{"name":"wp","href":"https:\/\/api.w.org\/{rel}","templated":true}]}}