{"id":19833,"date":"2021-08-12T17:01:49","date_gmt":"2021-08-12T17:01:49","guid":{"rendered":"http:\/\/cordobateve.net\/index.php\/2021\/08\/12\/la-voz-argentina-revelan-el-enojo-de-mau-y-ricky-montaner-con-la-produccion-del-reality\/"},"modified":"2021-08-12T17:01:49","modified_gmt":"2021-08-12T17:01:49","slug":"la-voz-argentina-revelan-el-enojo-de-mau-y-ricky-montaner-con-la-produccion-del-reality","status":"publish","type":"post","link":"http:\/\/cordobateve.net\/index.php\/2021\/08\/12\/la-voz-argentina-revelan-el-enojo-de-mau-y-ricky-montaner-con-la-produccion-del-reality\/","title":{"rendered":"La Voz Argentina: revelan el enojo de Mau y Ricky Montaner con la producci\u00f3n del reality"},"content":{"rendered":"<div class=\"media_block\"><\/div>\n<p><strong>Ricardo Montaner y sus hijo <a target=\"_blank\" href=\"https:\/\/caras.perfil.com\/noticias\/television\/mau-y-ricky-terminantes-con-dos-participantes-de-su-equipo-no-nos-motiva-trabajar-con-gente-que-no-esta-dispuesta.phtml\" rel=\"noopener noreferrer\">Mau y Ricky Montaner <\/a><\/strong>no est\u00e1n conformes con las nuevas disposiciones para las grabaciones de&nbsp;La Voz Argentina.<\/p>\n<p>Seg\u00fan informaron en <strong>La Pavada, de Cr\u00f3nica<\/strong>, los jurados regresaron al pa\u00eds desde Miami para instalarse por algunas semanas y as\u00ed grabar la etapa final de certamen de <strong>Telefe<\/strong>, que ya est\u00e1 llegando a su desenlace.<\/p>\n<p>Pero debido a las restricciones para ingresar al pa\u00eds, en medio de las medidas del Gobierno nacional para frenar la serie de contagios por&nbsp;la variante Delta, el<strong> clan Montaner debi\u00f3 aplazar el rodaje de La Voz Argentina<\/strong>, que tuvo modificaciones.&nbsp;<\/p>\n<figure class=\"image\"><img alt=\"La Voz Argentina: un participante volvi\u00f3 al certamen y cautiv\u00f3 a los Montaner&nbsp;\" src=\"http:\/\/cordobateve.net\/wp-content\/uploads\/2021\/08\/la-voz-argentina-revelan-el-enojo-de-mau-y-ricky-montaner-con-la-produccion-del-reality.jpg\"><figcaption>revelan el enojo de Mau y Ricky Montaner con la producci\u00f3n del reality.&nbsp;<\/figcaption><\/figure>\n<p>\u00abLindo el humor de los <strong>Montaner, Ricardo, Mau y Ricky,<\/strong> cuando les avisaron que<strong> tendr\u00e1n que grabar el reality &#8216;La Voz Argentina&#8217; el s\u00e1bado y domingo pr\u00f3ximo\u00bb<\/strong>, dijeron desde el portal.&nbsp;<\/p>\n<p>Al parecer, <strong>Ricardo, <a target=\"_blank\" href=\"https:\/\/www.instagram.com\/mauyricky\/\" rel=\"noopener noreferrer\">Mau y Ricky Montaner<\/a><\/strong> no est\u00e1n contentos con esta decisi\u00f3n de acelerar el proceso durante los d\u00edas de descanso. \u00abY encima se van a tener que aguantar un mes sin moverse\u00bb, agregaron desde el sitio.<\/p>\n<h2>Cu\u00e1ndo es la final de La Voz Argentina<\/h2>\n<p>La fecha del final de <strong>La Voz Argentina<\/strong> ya est\u00e1 definida y ser\u00e1 el pr\u00f3ximo domingo 5 de septiembre. Despu\u00e9s de los <strong>Knockouts<\/strong>, etapa que se est\u00e1 transmitiendo en este momento en <strong>Telefe<\/strong>, seguir\u00e1n los <strong>\u00abplay offs\u00bb <\/strong>y, luego,&nbsp;cada entrenador seleccionar\u00e1 a los cuatro mejores que representar\u00e1n a su equipo en la etapa final.<\/p>\n<p>Este segmento se llamar\u00e1&nbsp;<strong>\u201cshows por teams\u201d<\/strong>, que se espera que se vean en la pantalla a partir del 23 de agosto,&nbsp;y en la que cada candidato vuelve a cantar de forma individual.<\/p>\n<p>En cuanto a algunos cambios, ya se sabe que el programa tambi\u00e9n se emitir\u00e1 los viernes&nbsp;en el horario habitual de las 22.30.<\/p>\n<section class=\"noticias-relacionadas\" readability=\"0.20735785953177\">\n<p><h5>Tambi\u00e9n te puede interesar<\/h5>\n<\/p>\n<\/section>\n<div class>\n<h3>Galer\u00eda de im\u00e1genes<\/h3>\n<\/p><\/div>\n<p> <noscript><a href=\"https:\/\/ads.us.e-planning.net\/ei\/3\/279a3\/articulo\/teads?it=i&amp;rnd=$RANDOM\" target=\"_blank\" rel=\"noopener noreferrer\"><img loading=\"lazy\" width=\"1\" height=\"1\" alt=\"e-planning ad\" src=\"http:\/\/cordobateve.net\/wp-content\/uploads\/2021\/08\/la-voz-argentina-revelan-el-enojo-de-mau-y-ricky-montaner-con-la-produccion-del-reality.gif\" border=\"0\"><\/a><\/noscript> <\/p>\n","protected":false},"excerpt":{"rendered":"<p>Ricardo Montaner y sus hijo Mau y Ricky Montaner no est\u00e1n conformes con las nuevas disposiciones para las grabaciones de&nbsp;La Voz Argentina. Seg\u00fan informaron en La Pavada, de Cr\u00f3nica, los jurados regresaron al pa\u00eds desde Miami para instalarse por algunas semanas y as\u00ed grabar la etapa final de certamen de Telefe, que ya est\u00e1 llegando [&hellip;]<\/p>\n","protected":false},"author":1,"featured_media":19834,"comment_status":"closed","ping_status":"closed","sticky":false,"template":"","format":"standard","meta":[],"categories":[22],"tags":[],"_links":{"self":[{"href":"http:\/\/cordobateve.net\/index.php\/wp-json\/wp\/v2\/posts\/19833"}],"collection":[{"href":"http:\/\/cordobateve.net\/index.php\/wp-json\/wp\/v2\/posts"}],"about":[{"href":"http:\/\/cordobateve.net\/index.php\/wp-json\/wp\/v2\/types\/post"}],"author":[{"embeddable":true,"href":"http:\/\/cordobateve.net\/index.php\/wp-json\/wp\/v2\/users\/1"}],"replies":[{"embeddable":true,"href":"http:\/\/cordobateve.net\/index.php\/wp-json\/wp\/v2\/comments?post=19833"}],"version-history":[{"count":0,"href":"http:\/\/cordobateve.net\/index.php\/wp-json\/wp\/v2\/posts\/19833\/revisions"}],"wp:featuredmedia":[{"embeddable":true,"href":"http:\/\/cordobateve.net\/index.php\/wp-json\/wp\/v2\/media\/19834"}],"wp:attachment":[{"href":"http:\/\/cordobateve.net\/index.php\/wp-json\/wp\/v2\/media?parent=19833"}],"wp:term":[{"taxonomy":"category","embeddable":true,"href":"http:\/\/cordobateve.net\/index.php\/wp-json\/wp\/v2\/categories?post=19833"},{"taxonomy":"post_tag","embeddable":true,"href":"http:\/\/cordobateve.net\/index.php\/wp-json\/wp\/v2\/tags?post=19833"}],"curies":[{"name":"wp","href":"https:\/\/api.w.org\/{rel}","templated":true}]}}