{"id":20275,"date":"2021-08-19T17:55:00","date_gmt":"2021-08-19T17:55:00","guid":{"rendered":"https:\/\/pablolayus.com.ar\/?p=109694"},"modified":"2021-08-19T17:55:00","modified_gmt":"2021-08-19T17:55:00","slug":"virginia-gallardo-le-contesto-a-rodrigo-diaz","status":"publish","type":"post","link":"http:\/\/cordobateve.net\/index.php\/2021\/08\/19\/virginia-gallardo-le-contesto-a-rodrigo-diaz\/","title":{"rendered":"Virginia Gallardo le contest\u00f3 a Rodrigo D\u00edaz"},"content":{"rendered":"<div><img src=\"http:\/\/cordobateve.net\/wp-content\/uploads\/2021\/08\/virginia-gallardo-le-contesto-a-rodrigo-diaz.jpg\" class=\"ff-og-image-inserted\"><\/div>\n<p>Contin\u00faa este jueves el trabajo incesante de los bombero para poder contener los incendios que se desataron ayer en diversos puntos de las serran\u00edas cordobesas donde ayer se registraron 34\u00b0 de temperatura y hoy, aunque disminuy\u00f3 a casi 20\u00b0, las r\u00e1fagas de viento complican el combate del fuego. <\/p>\n<p>Pasadas las 10 de la ma\u00f1ana de este jueves, los focos registrados no presentaban fuego en el per\u00edmetro, pero s\u00ed puntos calientes, en los que siguen las tareas. Diego Concha, director de Defensa Civil de la Provincia, dijo esta ma\u00f1ana a Cadena 3: \u00abSe sigue trabajando con una gran cantidad de efectivos, unos 390 en lo que es San Clemente, Potrero de Garay e Intiyaco\u00bb.<\/p>\n<p>\u00abPor suerte, un 70% del incendio est\u00e1 contenido, as\u00ed como en la zona de Intiyaco. Tenemos que tener en cuenta que estamos hablando de una zona donde hay muchas forestaci\u00f3n y un per\u00edmetro realmente muy tenso e inestable\u00bb.<\/p>\n<p>Por su parte, el ministro de Seguridad, Alfonso Mosquera, se refiri\u00f3 a los operativos a\u00e9reos para combatir los incendios en C\u00f3rdoba: \u201cVan a operar los cuatro aviones hidrantes de la Provincia, sumado a los dos helic\u00f3pteros y otros medios\u201d, anunci\u00f3, y agreg\u00f3 que desde Naci\u00f3n comprometieron dos aviones hidrantes y un helic\u00f3ptero para colaborar.<\/p>\n<p>\u201cLos incendios est\u00e1n en manos de los fiscales de instrucci\u00f3n (Alejandro) Carballo, de R\u00edo Tercero, para el incendio en Atos Pampa, y (Diego) Fern\u00e1ndez, para el de Potrero de Garay. Son incendios explosivos, ligados al cambio clim\u00e1tico, lo vemos en otras partes del mundo\u201d, dijo, e inst\u00f3 a la concientizaci\u00f3n ciudadana.<\/p>\n<p>El intendente de San Clemente, Ram\u00f3n Cuello, indic\u00f3 a Cadena 3 que \u00abestuvo muy cerca anoche, pero gracias a los bomberos y gente de la comuna, se pudo controlar\u00bb. Este foco habr\u00eda sido ocasionado por un poste que se cay\u00f3, seg\u00fan informaron testigos.<\/p>\n<p>\u00abEl incendio est\u00e1 controlado, pero se espera que pueda haber una rotaci\u00f3n del viento que podr\u00eda ser peligrosa. Estamos muy preparados porque nos ha pasado en otras ocasiones, el a\u00f1o pasado sin ir m\u00e1s lejos, y tenemos los medios para hacer frente a la situaci\u00f3n\u00bb, aclar\u00f3.<\/p>\n<h5 id=\"h-foto-una-caba-a-totalmente-destruida-en-potrero-de-garay-en-el-departamento-santa-mar-a-gentileza-diario-la-voz-del-interior\"> Foto: Una caba\u00f1a totalmente destruida en Potrero de Garay, en el departamento Santa Mar\u00eda. Gentileza diario La Voz del interior<\/h5>\n","protected":false},"excerpt":{"rendered":"<p>Contin\u00faa este jueves el trabajo incesante de los bombero para poder contener los incendios que se desataron ayer en diversos puntos de las serran\u00edas cordobesas donde ayer se registraron 34\u00b0 de temperatura y hoy, aunque disminuy\u00f3 a casi 20\u00b0, las r\u00e1fagas de viento complican el combate del fuego. Pasadas las 10 de la ma\u00f1ana de [&hellip;]<\/p>\n","protected":false},"author":1,"featured_media":20276,"comment_status":"closed","ping_status":"closed","sticky":false,"template":"","format":"standard","meta":[],"categories":[21],"tags":[],"_links":{"self":[{"href":"http:\/\/cordobateve.net\/index.php\/wp-json\/wp\/v2\/posts\/20275"}],"collection":[{"href":"http:\/\/cordobateve.net\/index.php\/wp-json\/wp\/v2\/posts"}],"about":[{"href":"http:\/\/cordobateve.net\/index.php\/wp-json\/wp\/v2\/types\/post"}],"author":[{"embeddable":true,"href":"http:\/\/cordobateve.net\/index.php\/wp-json\/wp\/v2\/users\/1"}],"replies":[{"embeddable":true,"href":"http:\/\/cordobateve.net\/index.php\/wp-json\/wp\/v2\/comments?post=20275"}],"version-history":[{"count":0,"href":"http:\/\/cordobateve.net\/index.php\/wp-json\/wp\/v2\/posts\/20275\/revisions"}],"wp:featuredmedia":[{"embeddable":true,"href":"http:\/\/cordobateve.net\/index.php\/wp-json\/wp\/v2\/media\/20276"}],"wp:attachment":[{"href":"http:\/\/cordobateve.net\/index.php\/wp-json\/wp\/v2\/media?parent=20275"}],"wp:term":[{"taxonomy":"category","embeddable":true,"href":"http:\/\/cordobateve.net\/index.php\/wp-json\/wp\/v2\/categories?post=20275"},{"taxonomy":"post_tag","embeddable":true,"href":"http:\/\/cordobateve.net\/index.php\/wp-json\/wp\/v2\/tags?post=20275"}],"curies":[{"name":"wp","href":"https:\/\/api.w.org\/{rel}","templated":true}]}}