{"id":20886,"date":"2021-08-29T17:12:00","date_gmt":"2021-08-29T17:12:00","guid":{"rendered":"https:\/\/pablolayus.com.ar\/?p=111032"},"modified":"2021-08-29T17:12:00","modified_gmt":"2021-08-29T17:12:00","slug":"el-conmovedor-mensaje-de-andy-kusnetzoff-tras-el-nacimiento-de-su-hijo","status":"publish","type":"post","link":"http:\/\/cordobateve.net\/index.php\/2021\/08\/29\/el-conmovedor-mensaje-de-andy-kusnetzoff-tras-el-nacimiento-de-su-hijo\/","title":{"rendered":"El conmovedor mensaje de Andy Kusnetzoff tras el nacimiento de su hijo"},"content":{"rendered":"<div><img src=\"http:\/\/cordobateve.net\/wp-content\/uploads\/2021\/08\/el-conmovedor-mensaje-de-andy-kusnetzoff-tras-el-nacimiento-de-su-hijo.jpg\" class=\"ff-og-image-inserted\"><\/div>\n<p>D\u00edas atr\u00e1s, a&nbsp;In\u00e9s Est\u00e9vez&nbsp;le preguntaron por la relaci\u00f3n con&nbsp;Paula Morales, actual pareja de su ex,&nbsp;Fabi\u00e1n Vena, con quien tiene dos hijas,&nbsp;<strong>Cielo<\/strong>&nbsp;y<strong>&nbsp;Vida<\/strong>. Justamente, la consulta estuvo vinculada a las nenas y&nbsp;la respuesta de la actriz dej\u00f3 mucha tela para cortar.<\/p>\n<p>\u201cPr\u00e1cticamente no nos conocemos. Es una pena. Me encantar\u00eda compartir aspectos de la crianza.&nbsp;A veces las cosas se dan como se dan y me limito a aceptarlas\u00bb, fue la respuesta de Est\u00e9vez. Que haya hablado de la crianza, dando a entender que Fabi\u00e1n no se ocupada como corresponde, hizo que \u00e9l salga a hablar a trav\u00e9s de un comunicado. Sobre todo, despu\u00e9s de que en el programa A la tarde se hayan referido a \u00e9l como un padre que no est\u00e1 presente. \u201cToda informaci\u00f3n que emitieron acerca de&nbsp;mi rol como padre y de nuestra vida en familia es absolutamente falsa.&nbsp;Compartimos con In\u00e9s, de com\u00fan acuerdo, un r\u00e9gimen de tenencia compartida de nuestras hijas y dictaminada por un Juez, a partir de nuestro divorcio\u201d,&nbsp;fue parte del descargo de Vena.<\/p>\n<figure class=\"wp-block-embed is-type-rich is-provider-instagram wp-block-embed-instagram\"><\/figure>\n<p>Con el tema sobre la mesa,&nbsp;Paula Morales&nbsp;acudi\u00f3 a su cuenta de Instagram para respaldar a su pareja. \u201cCerebro que por fin Fabi\u00e1n haya hablado, aunque solo sea a trav\u00e9s de un comunicado\u201d, empez\u00f3.<\/p>\n<p>\u201cPodr\u00eda decir mucho, much\u00edsimo m\u00e1s. Incluso varias veces le han sugerido que fuera por la v\u00eda legal.&nbsp;Su bajo perfil y respeto por sus hijas hizo que tuviera que soportar durante a\u00f1os mentiras, descalificaciones y cuestionamientos en el que es su mejor rol: el de padre\u201d, prosigui\u00f3. \u00abHace 8 a\u00f1os que comparto mi vida con \u00e9l y jam\u00e1s lo escuch\u00e9 quejarse, ni siquiera en nuestra intimidad, de su realidad, de su d\u00eda a d\u00eda\u2026Sin \u00e1nimo de generar ning\u00fan tipo de enfrentamiento, sino de dejar en claro algunas verdades que injustamente se han puesto en duda\u201d, cerr\u00f3 Paula.<\/p>\n","protected":false},"excerpt":{"rendered":"<p>D\u00edas atr\u00e1s, a&nbsp;In\u00e9s Est\u00e9vez&nbsp;le preguntaron por la relaci\u00f3n con&nbsp;Paula Morales, actual pareja de su ex,&nbsp;Fabi\u00e1n Vena, con quien tiene dos hijas,&nbsp;Cielo&nbsp;y&nbsp;Vida. Justamente, la consulta estuvo vinculada a las nenas y&nbsp;la respuesta de la actriz dej\u00f3 mucha tela para cortar. \u201cPr\u00e1cticamente no nos conocemos. Es una pena. Me encantar\u00eda compartir aspectos de la crianza.&nbsp;A veces las [&hellip;]<\/p>\n","protected":false},"author":1,"featured_media":20887,"comment_status":"closed","ping_status":"closed","sticky":false,"template":"","format":"standard","meta":[],"categories":[21],"tags":[],"_links":{"self":[{"href":"http:\/\/cordobateve.net\/index.php\/wp-json\/wp\/v2\/posts\/20886"}],"collection":[{"href":"http:\/\/cordobateve.net\/index.php\/wp-json\/wp\/v2\/posts"}],"about":[{"href":"http:\/\/cordobateve.net\/index.php\/wp-json\/wp\/v2\/types\/post"}],"author":[{"embeddable":true,"href":"http:\/\/cordobateve.net\/index.php\/wp-json\/wp\/v2\/users\/1"}],"replies":[{"embeddable":true,"href":"http:\/\/cordobateve.net\/index.php\/wp-json\/wp\/v2\/comments?post=20886"}],"version-history":[{"count":0,"href":"http:\/\/cordobateve.net\/index.php\/wp-json\/wp\/v2\/posts\/20886\/revisions"}],"wp:featuredmedia":[{"embeddable":true,"href":"http:\/\/cordobateve.net\/index.php\/wp-json\/wp\/v2\/media\/20887"}],"wp:attachment":[{"href":"http:\/\/cordobateve.net\/index.php\/wp-json\/wp\/v2\/media?parent=20886"}],"wp:term":[{"taxonomy":"category","embeddable":true,"href":"http:\/\/cordobateve.net\/index.php\/wp-json\/wp\/v2\/categories?post=20886"},{"taxonomy":"post_tag","embeddable":true,"href":"http:\/\/cordobateve.net\/index.php\/wp-json\/wp\/v2\/tags?post=20886"}],"curies":[{"name":"wp","href":"https:\/\/api.w.org\/{rel}","templated":true}]}}