{"id":21618,"date":"2021-09-09T20:08:00","date_gmt":"2021-09-09T20:08:00","guid":{"rendered":"https:\/\/pablolayus.com.ar\/?p=112701"},"modified":"2021-09-09T20:08:00","modified_gmt":"2021-09-09T20:08:00","slug":"miguel-romano-rompio-el-silencio-como-quedo-su-relacion-con-susana","status":"publish","type":"post","link":"http:\/\/cordobateve.net\/index.php\/2021\/09\/09\/miguel-romano-rompio-el-silencio-como-quedo-su-relacion-con-susana\/","title":{"rendered":"Miguel Romano rompi\u00f3 el silencio: c\u00f3mo quedo su relaci\u00f3n con Susana ?"},"content":{"rendered":"<div><img src=\"http:\/\/cordobateve.net\/wp-content\/uploads\/2021\/09\/miguel-romano-rompio-el-silencio-como-quedo-su-relacion-con-susana.jpg\" class=\"ff-og-image-inserted\"><\/div>\n<p>En una entrevista brindada este jueves con Daniel G\u00f3mez Rinaldi en AM 540, Miguel Romano cont\u00f3 que no vio a Susana luego de que regresara de su estad\u00eda en Uruguay al tiempo que indic\u00f3 que que la diva ya cuenta con otro peluquero que era asistente de \u00e9l y que se queda con ella todo el tiempo en Punta del Este. \u201dEl es muy metido, un chico que deja mucho que desear y Susana es muy inocente en todo esto\u201d, explic\u00f3 Romano mientras Gomez Rinaldi definia al joven como \u201dun trepa\u201d.<\/p>\n<p>\u201cSusana es una gran persona, yo la quiero mucho y la esta peinando \u00e9l todo el dia y va por detr\u00e1s suyo\u201d, explic\u00f3 Romano, aunque aclar\u00f3 que le hubiera gustado enterarse por ella que habia firmado un acuerdo con este otro peluquero. <\/p>\n<p>Por otro lado opin\u00f3 que no le gusto c\u00f3mo le dejo el pelo ni como la maquill\u00f3 porque \u201dla dejo muy blanca\u201d.<\/p>\n<p>\u201cYo tenia ahora una peluca para entregarle maravillosa pero bueno. Esa es gente que te traiciona. No lo digo por susana sino por este pendejo boludo\u201d, afirm\u00f3. \u201dEs un trepador y un estafador\u201d, concluy\u00f3.<\/p>\n<p>El famoso peluquero fue consultado luego del robo de la peluca de Susana, que fue noticia en todos los portales y programas de espect\u00e1culos.<\/p>\n<p>\u201cSon 60 a\u00f1os que tengo como peinador. Susana es como mi hermana, mi amiga. Me hubiera gustado que me lo dijera, quizas con esa intenci\u00f3n de que no salga y no me enferme\u201d, reconoci\u00f3 Romano pero insistio en que le hubiese gustado que lo llamase y se lo dijera.<\/p>\n<p>Por ultimo descrey\u00f3 de que le haya faltado alguna peluca a Susana o se la hayan robado como trascendi\u00f3. \u201dson todas mentiras. Yo tengo un par de pelucas de ella y hemos dejado dos pelucas en Telefe que dejo en el camar\u00edn. Yo no fui mas a su camar\u00edn. Ya hace dos a\u00f1os que no vamos\u201d, destac\u00f3 por \u00faltimo.<\/p>\n","protected":false},"excerpt":{"rendered":"<p>En una entrevista brindada este jueves con Daniel G\u00f3mez Rinaldi en AM 540, Miguel Romano cont\u00f3 que no vio a Susana luego de que regresara de su estad\u00eda en Uruguay al tiempo que indic\u00f3 que que la diva ya cuenta con otro peluquero que era asistente de \u00e9l y que se queda con ella todo [&hellip;]<\/p>\n","protected":false},"author":1,"featured_media":21619,"comment_status":"closed","ping_status":"closed","sticky":false,"template":"","format":"standard","meta":[],"categories":[21],"tags":[],"_links":{"self":[{"href":"http:\/\/cordobateve.net\/index.php\/wp-json\/wp\/v2\/posts\/21618"}],"collection":[{"href":"http:\/\/cordobateve.net\/index.php\/wp-json\/wp\/v2\/posts"}],"about":[{"href":"http:\/\/cordobateve.net\/index.php\/wp-json\/wp\/v2\/types\/post"}],"author":[{"embeddable":true,"href":"http:\/\/cordobateve.net\/index.php\/wp-json\/wp\/v2\/users\/1"}],"replies":[{"embeddable":true,"href":"http:\/\/cordobateve.net\/index.php\/wp-json\/wp\/v2\/comments?post=21618"}],"version-history":[{"count":0,"href":"http:\/\/cordobateve.net\/index.php\/wp-json\/wp\/v2\/posts\/21618\/revisions"}],"wp:featuredmedia":[{"embeddable":true,"href":"http:\/\/cordobateve.net\/index.php\/wp-json\/wp\/v2\/media\/21619"}],"wp:attachment":[{"href":"http:\/\/cordobateve.net\/index.php\/wp-json\/wp\/v2\/media?parent=21618"}],"wp:term":[{"taxonomy":"category","embeddable":true,"href":"http:\/\/cordobateve.net\/index.php\/wp-json\/wp\/v2\/categories?post=21618"},{"taxonomy":"post_tag","embeddable":true,"href":"http:\/\/cordobateve.net\/index.php\/wp-json\/wp\/v2\/tags?post=21618"}],"curies":[{"name":"wp","href":"https:\/\/api.w.org\/{rel}","templated":true}]}}