{"id":22655,"date":"2021-09-28T12:27:27","date_gmt":"2021-09-28T12:27:27","guid":{"rendered":"https:\/\/enelmedio.tv\/?p=4959"},"modified":"2021-09-28T12:27:27","modified_gmt":"2021-09-28T12:27:27","slug":"paula-espanol-logramos-contener-los-precios-de-la-carne-en-el-mercado-interno","status":"publish","type":"post","link":"http:\/\/cordobateve.net\/index.php\/2021\/09\/28\/paula-espanol-logramos-contener-los-precios-de-la-carne-en-el-mercado-interno\/","title":{"rendered":"Paula Espa\u00f1ol: \u201cLogramos contener los precios de la carne en el mercado interno\u201d"},"content":{"rendered":"<div><img src=\"http:\/\/cordobateve.net\/wp-content\/uploads\/2021\/09\/paula-espanol-logramos-contener-los-precios-de-la-carne-en-el-mercado-interno.jpg\" class=\"ff-og-image-inserted\"><\/div>\n<p>La secretaria de Comercio Interior,&nbsp;<strong>Paula Espa\u00f1ol<\/strong>&nbsp;asegur\u00f3 que con el Ministerio de Agricultura poseen el objetivo com\u00fan de&nbsp;<strong>\u201cequilibrar\u201d las exportaciones de la carne y el abastecimiento del mercado interno<\/strong>, m\u00e1s all\u00e1 de las \u201csoluciones espec\u00edficas\u201d.<\/p>\n<p>\u201cLa exportaci\u00f3n de la carne es un sector clave que ha venido creciendo en los \u00faltimos a\u00f1os y que, con las condiciones de normal precio y abastecimiento del mercado interno, tambi\u00e9n queremos impulsar\u201d, remarc\u00f3 Espa\u00f1ol a FM Futurock.<\/p>\n<p>Adem\u00e1s, la funcionaria se refiri\u00f3 a la reuni\u00f3n que tendr\u00e1 este martes a la tarde el nuevo ministro de Agricultura,&nbsp;<strong>Juli\u00e1n Dom\u00ednguez<\/strong>, con las entidades que integran la Mesa de Enlace.<\/p>\n<p>\u201cNo tengo dudas que est\u00e1 trabajando en la misma l\u00ednea que ven\u00edamos nosotros de tener esta din\u00e1mica compatible entre precios internos y exportaciones de carne\u201d, sostuvo Espa\u00f1ol.<\/p>\n<p>Tras lo cual agreg\u00f3 que ambas \u00e1reas poseen \u201cobjetivos compartidos m\u00e1s all\u00e1 de las soluciones espec\u00edficas\u201d.<\/p>\n<blockquote readability=\"9\">\n<p>\u201cLa exportaci\u00f3n de la carne es un sector clave que ha venido creciendo en los \u00faltimos a\u00f1os y que, con las condiciones de normal precio y abastecimiento del mercado interno, tambi\u00e9n queremos impulsar\u201d<\/p>\n<p>PAULA ESPA\u00d1OL<\/p>\n<\/blockquote>\n<p>Se conoce que el objetivo de las organizaciones rurales es que el Gobierno levante de manera anticipada las restricciones existentes a las exportaciones, que inicialmente fueron extendidas hasta el 31 de octubre pr\u00f3ximo.<\/p>\n<p>Seg\u00fan Espa\u00f1ol, la medida \u201cprovoc\u00f3 un impacto efectivo sobre el precio de la carne\u201d logrando \u201cquebrar la inercia creciente de precio que tra\u00eda del \u00faltimo a\u00f1o\u201d.<\/p>\n<p>\u201cAdem\u00e1s de un&nbsp;<strong>reordenamiento del mercado externo<\/strong>, de comportamientos especulativos y distorsivos que hab\u00eda, fundamentalmente&nbsp;<strong>logramos contener los precios en el mercado interno<\/strong>\u201d, manifest\u00f3 la titular de Comercio Interior.<\/p>\n<p>En ese marco, record\u00f3 que en agosto, pese a una \u201cdin\u00e1mica de crecimiento de las exportaciones\u201d, los precios \u201csiguieron contenidos en el mercado dom\u00e9stico\u201d al haber sido una \u201cexpansi\u00f3n dirigida\u201d.<\/p>\n<p>Respecto de&nbsp;<a href=\"https:\/\/www.telam.com.ar\/notas\/202109\/569921-espanol-reunion-supermercadistas-cuidar-poder-adquisitivo-consumidores.html\" target=\"_blank\" rel=\"noopener noreferrer\">la reuni\u00f3n que mantuvo en la tarde del martes con las autoridades de las principales cadenas de supermercados del pa\u00eds<\/a>, Espa\u00f1ol subray\u00f3 a radio Nacional que el objetivo fue \u201cestablecer reglas claras de funcionamiento\u201d.<\/p>\n<p>Dichas reglas, seg\u00fan la titular de Comercio Interior, deber\u00e1n \u201cplantear previsibilidad de ac\u00e1 a los meses que siguen hasta fin de a\u00f1o, y evitar las subas de precios especulativas\u201d.<\/p>\n<p>\u201cEn los \u00faltimos meses se empieza a ver que&nbsp;<strong>los salarios le empiezan a ganar a la inflaci\u00f3n<\/strong>, y la expectativa es que, con la reapertura de paritarias, el incremento de ingresos que se est\u00e1 generando en estos meses y una pol\u00edtica de contenci\u00f3n de precios, se potencie la ampliaci\u00f3n de la capacidad de compra\u201d, agreg\u00f3 la funcionaria.<\/p>\n<p>Tambi\u00e9n remarc\u00f3 que \u201cno hay raz\u00f3n\u201d para que el motivo de los incrementos de precios sea por incremento de demanda y se\u00f1al\u00f3 que \u201chay capacidad de las empresas para abastecer estos productos\u201d.<\/p>\n<p>Asimismo, subray\u00f3 que los supermercados son solo \u201cla vidriera de una parte de la comercializaci\u00f3n\u201d y que, desde la Secretar\u00eda, ya se agendaron otras reuniones con los actores de la cadena de producci\u00f3n y comercializaci\u00f3n, incluyendo a los mayoristas, almacenes y supermercados de las provincias.<\/p>\n<p>Por otra parte, adelant\u00f3 que se est\u00e1 trabajando en la implementaci\u00f3n de la&nbsp;<a href=\"https:\/\/www.telam.com.ar\/notas\/202109\/568116-comercio-interior-ley-de-gondolas-tiendas-virtuales-cadenas-supermercados.html\" target=\"_blank\" rel=\"noopener noreferrer\">Ley de G\u00f3ndolas Virtuales<\/a>&nbsp;que permitir\u00e1 \u201cver cu\u00e1les son los productos de menor precio con una etiqueta, cu\u00e1les son los generados por empresas peque\u00f1as, y ordenarlos de menor a mayor precio\u201d.<\/p>\n<p>Acerca de la&nbsp;<strong>inflaci\u00f3n de septiembre<\/strong>, que se conocer\u00e1 en las pr\u00f3ximas semanas, la funcionaria explic\u00f3 que se trata de un mes que posee \u201cmuchas subas estacionales\u201d y que, en consecuencia, \u201cpuede no tener la misma din\u00e1mica que ven\u00eda teniendo en muchos sectores\u201d.<\/p>\n<p>\u201cEso no quita que nosotros vamos a seguir trabajando a lo largo de estos meses para seguir en esta curva descendente con todos los actores de la cadena\u201d, concluy\u00f3 Espa\u00f1ol.<\/p>\n<p>Fuente; TELAM<\/p>\n","protected":false},"excerpt":{"rendered":"<p>La secretaria de Comercio Interior,&nbsp;Paula Espa\u00f1ol&nbsp;asegur\u00f3 que con el Ministerio de Agricultura poseen el objetivo com\u00fan de&nbsp;\u201cequilibrar\u201d las exportaciones de la carne y el abastecimiento del mercado interno, m\u00e1s all\u00e1 de las \u201csoluciones espec\u00edficas\u201d. \u201cLa exportaci\u00f3n de la carne es un sector clave que ha venido creciendo en los \u00faltimos a\u00f1os y que, con las [&hellip;]<\/p>\n","protected":false},"author":1,"featured_media":22656,"comment_status":"closed","ping_status":"closed","sticky":false,"template":"","format":"standard","meta":[],"categories":[23],"tags":[],"_links":{"self":[{"href":"http:\/\/cordobateve.net\/index.php\/wp-json\/wp\/v2\/posts\/22655"}],"collection":[{"href":"http:\/\/cordobateve.net\/index.php\/wp-json\/wp\/v2\/posts"}],"about":[{"href":"http:\/\/cordobateve.net\/index.php\/wp-json\/wp\/v2\/types\/post"}],"author":[{"embeddable":true,"href":"http:\/\/cordobateve.net\/index.php\/wp-json\/wp\/v2\/users\/1"}],"replies":[{"embeddable":true,"href":"http:\/\/cordobateve.net\/index.php\/wp-json\/wp\/v2\/comments?post=22655"}],"version-history":[{"count":0,"href":"http:\/\/cordobateve.net\/index.php\/wp-json\/wp\/v2\/posts\/22655\/revisions"}],"wp:featuredmedia":[{"embeddable":true,"href":"http:\/\/cordobateve.net\/index.php\/wp-json\/wp\/v2\/media\/22656"}],"wp:attachment":[{"href":"http:\/\/cordobateve.net\/index.php\/wp-json\/wp\/v2\/media?parent=22655"}],"wp:term":[{"taxonomy":"category","embeddable":true,"href":"http:\/\/cordobateve.net\/index.php\/wp-json\/wp\/v2\/categories?post=22655"},{"taxonomy":"post_tag","embeddable":true,"href":"http:\/\/cordobateve.net\/index.php\/wp-json\/wp\/v2\/tags?post=22655"}],"curies":[{"name":"wp","href":"https:\/\/api.w.org\/{rel}","templated":true}]}}