{"id":2293,"date":"2020-10-18T20:01:53","date_gmt":"2020-10-18T20:01:53","guid":{"rendered":"https:\/\/www.clarin.com\/cultura\/poquito-argentinos-usamos-lenguaje-inclusivo-twitter_0_K0mU2Zc0w.html"},"modified":"2020-10-18T20:01:53","modified_gmt":"2020-10-18T20:01:53","slug":"mucho-poquito-nada-cuanto-y-como-los-argentinos-usamos-el-lenguaje-inclusivo-en-twitter","status":"publish","type":"post","link":"http:\/\/cordobateve.net\/index.php\/2020\/10\/18\/mucho-poquito-nada-cuanto-y-como-los-argentinos-usamos-el-lenguaje-inclusivo-en-twitter\/","title":{"rendered":"Mucho, poquito, nada: cu\u00e1nto y c\u00f3mo los argentinos usamos el lenguaje inclusivo en Twitter"},"content":{"rendered":"<p><img src=\"http:\/\/cordobateve.net\/wp-content\/uploads\/2020\/10\/mucho-poquito-nada-cuanto-y-como-los-argentinos-usamos-el-lenguaje-inclusivo-en-twitter.jpg\"><\/p>\n<p>Tod@s lxs chicos\/-as son amigues. Exceptuando el verbo, <strong>estas son las cuatro palabras \u2013todos, los, chicos, amigos\u2013 que m\u00e1s se usan de<a alt=\"lenguaje-inclusivo\" class=\"slug\" href=\"https:\/\/www.clarin.com\/tema\/lenguaje-inclusivo.html\" target=\"_blank\" title=\"lenguaje-inclusivo\" rel=\"noopener noreferrer\"> lenguaje inclusivo<\/a>, <\/strong>aunque no las \u00fanicas. Y, adem\u00e1s, esas son, en mayor o menor medida, las formas inclusivas en que se las usa \u2013<strong>con arroba, con equis, con barra, con \u201ce\u201d o desdoblando las palabras<\/strong> (ejemplo: todos y todas).<\/p>\n<p>As\u00ed se desprende de un estudio del Departamento de Computaci\u00f3n de la Facultad de Ciencias Exactas y Naturales de la UBA, dirigido por los investigadores <strong>Santiago Kalinowski<\/strong> y Agust\u00edn Gravano, en base a un relevamiento sobre el uso de este lenguaje en Twitter <a href=\"https:\/\/www.clarin.com\/tema\/argentina.html\" class=\"slug automatic\" alt=\"argentina\" title=\"argentina\" target=\"_blank\" rel=\"noopener noreferrer\">Argentina<\/a>, <strong>entre 2007 y 2020<\/strong>.<\/p>\n<p>M\u00e1s de<strong> 128 millones de tuits<\/strong>, generados por m\u00e1s de 56 mil usuarios y m\u00e1s de 1.000 millones de palabras, obtenidos durante un per\u00edodo de 13 a\u00f1os, pero con mayor representaci\u00f3n en los \u00faltimos nueve, permitieron a los especialistas sacar algunas conclusiones sobre el uso del<strong> lenguaje inclusivo<\/strong>. Y esto es: un promedio de<strong> 225 palabras emitidas en alguna forma de inclusivo por cada mill\u00f3n<\/strong> de t\u00e9rminos que circulan en Twitter Argentina, para las 23 provincias del pa\u00eds, sobre todo, entre 2011 y los primeros dos meses de 2020.<\/p>\n<p><strong>225<\/strong>: un n\u00famero considerable, un n\u00famero que no es irrisorio o inexistente, y que permitir\u00eda por ejemplo, dice <strong>Kalinowski<\/strong>, fundamentar la<strong> entrada de palabras a un diccionario<\/strong>, si ese fuera el caso. 225 es, adem\u00e1s, el promedio en que figuran otras formas del lenguaje como el infinitivo pasivo (ejemplo: haber ido) o el potencial compuesto (ejemplo: habr\u00eda ido). Claro que si se lo compara con el uso del masculino gen\u00e9rico, el porcentaje de aparici\u00f3n del inclusivo es bajo: en 2019, por tomar un a\u00f1o, del total de tuits analizados (con un promedio de ocho palabras), <strong>el 99,65% no estaba intervenido por formas de inclusi\u00f3n y s\u00ed lo estaba el restante 0,35%.<\/strong><\/p>\n<div class=\"sp__Normal htmlLibre no-lazy\">\n<div class=\"embed-responsive-c\" readability=\"7\"><link rel=\"stylesheet\" href=\"https:\/\/use.typekit.net\/tfq8aoq.css\">\n<meta charset=\"utf-8\"> <\/p>\n<div class=\"container_info\" readability=\"9\">\n<p class=\"titulus_info\">\nTweets inclusivos por a\u00f1o y tipo\n<\/p>\n<p class=\"bajada_info\">\nEn porcentaje<\/p>\n<hr class=\"linea_arriba\">\n<div>\n<div>\n<img loading=\"lazy\" src=\"http:\/\/cordobateve.net\/wp-content\/uploads\/2020\/10\/mucho-poquito-nada-cuanto-y-como-los-argentinos-usamos-el-lenguaje-inclusivo-en-twitter-2.jpg\" scrolling=\"yes\" width=\"1577px\" height=\"400px\">\n<\/div>\n<\/div>\n<hr class=\"linea_abajo\">\n<p class=\"fuente_info\">\n<span> Fuente: <strong>FACULTAD DE CIENCIAS EXACTAS Y NATURALES &#8211; UBA<\/strong><\/span><br \/>\n<span> Infograf\u00eda: <strong>CLAR\u00cdN<\/strong><\/span>\n<\/p>\n<\/div>\n<\/div>\n<\/div>\n<h2><strong><\/strong>El inclusivo y la agenda social<strong>\u200b<\/strong><br \/><\/h2>\n<p>Una primera observaci\u00f3n, detalla <strong>Kalinowski<\/strong>, miembro de la <a alt=\"academia-argentina-de-letras\" class=\"slug automatic\" href=\"https:\/\/www.clarin.com\/tema\/academia-argentina-de-letras.html\" target=\"_blank\" title=\"academia-argentina-de-letras\" rel=\"noopener noreferrer\">Academia Argentina de Letras<\/a> pero que habla a t\u00edtulo personal y como investigador, es que <strong>la frecuencia de uso de palabras en lenguaje inclusivo coincide con eventos de la agenda pol\u00edtica y social del pa\u00eds:<\/strong> hubo un pico en 2012 cuando se sancion\u00f3 la Ley de Identidad de G\u00e9nero y hasta se triplic\u00f3 en 2018, cuando se trat\u00f3 el proyecto de<a alt=\"aborto\" class=\"slug\" href=\"https:\/\/www.clarin.com\/tema\/aborto.html\" target=\"_blank\" title=\"aborto\" rel=\"noopener noreferrer\"> Interrupci\u00f3n Voluntaria del Embarazo<\/a>. \u201cLo que se muestra es la fuerte vinculaci\u00f3n del inclusivo con una necesidad o inter\u00e9s de lograr <strong>un cambio social y pol\u00edtico<\/strong>\u201d, dice como primera lectura.<\/p>\n<p>En cuanto al <strong>repertorio<\/strong>, el informe revela que, de las 20 palabras m\u00e1s intervenidas con alguna forma de inclusivo, el 72,37% de las veces uno de esos vocablos es \u201clos\u201d, \u201ctodos\u201d, \u201camigos\u201d o \u201cchicos\u201d. Y que el restante 27,63% se reparte entre \u201cnovio\u201d, \u201chijo\u201d, \u201cvecino\u201d, \u201cnosotros\u201d, \u201calguno\u201d, \u201chermano\u201d, \u201cpibe\u201d, \u201csolo\u201d, \u201ctrabajador\u201d, \u201clindo\u201d, \u201cbienvenido\u201d, \u201cmucho\u201d, \u201cnene\u201d, \u201cuno\u201d, \u201cotro\u201d, \u201cargentino\u201d y, el insulto preferido de los argentinos, \u201cbolu\u2026\u201d.<\/p>\n<div class=\"sp__Normal\">\n<div class=\"image-embeb image-trigger\" readability=\"6\">\n<figure>\n<img itemprop=\"image\" src=\"https:\/\/images.clarin.com\/collections\/static\/lazy_square.svg\" data-big=\"https:\/\/images.clarin.com\/2020\/10\/07\/el-linguista-santiago-kalinowski-foto___anLdFFWP__720x0__1.jpg\" data-small=\"https:\/\/images.clarin.com\/2020\/10\/07\/el-linguista-santiago-kalinowski-foto___anLdFFWP__720x0__1.jpg\" alt=\"El ling\u00fcista Santiago Kalinowski. Foto Luc\u00eda Merle.\" observer data-observer-function=\"loadLazyImg\"><br \/>\n<\/figure><figcaption readability=\"2\">\n<p>El ling\u00fcista Santiago Kalinowski. Foto Luc\u00eda Merle.\n<\/p>\n<\/figcaption><\/div>\n<\/div>\n<p>\u201cEsto habla de que <strong>no es un fen\u00f3meno gramatical, sino lexical:<\/strong> los hablantes incorporaron esencialmente cuatro palabras para usar en sus discursos, con alguna de las f\u00f3rmulas de inclusi\u00f3n que aparecieron en los \u00faltimos a\u00f1os. Es algo que hacemos todo el tiempo: aparecen palabras como el<strong> VAR<\/strong> en el f\u00fatbol y las sumamos, en cambio, otras las dejamos de lado\u201d, explica Kalinowski y agrega m\u00e1s especificaciones: \u201cNo es un fen\u00f3meno de la mitad de la poblaci\u00f3n ni mucho menos, sino que <strong>es un fen\u00f3meno reducido a ciertas minor\u00edas<\/strong>\u201d.<\/p>\n<h2>Las cinco marcas del inclusivo<\/h2>\n<p><strong>Hay cinco tipos de marcas de inclusi\u00f3n en el lenguaje:<\/strong> las palabras marcadas con \u201cx\u201d (ejemplo: todxs), con arroba (tod@s), los desdoblamientos (todos y todas), la barra (todos\/-as) y la \u201ce\u201d (todes). Estas intervenciones, a su vez, tienen diferentes frecuencias de uso: si en 2011 predominaba la&nbsp; arroba, en los \u00faltimos tres a\u00f1os es la \u201cx\u201d la de mayor presencia (un 40% de las palabras intervenidas presentan esta forma en 2019), seguida por la \u201ce\u201d (28%), que va ganando terreno. <strong>La \u201cx\u201d, adem\u00e1s, se usa en palabras en plural, al menos, el 80% de las veces.<\/strong><\/p>\n<p>\u201cLa disminuci\u00f3n en el uso de el arroba puede estar hablando, aunque no necesariamente, del <strong>crecimiento de la visibilidad de la sexualidad no binaria.<\/strong> Precisamente, porque se considera que el&nbsp;arroba es una s\u00edntesis del desdoblamiento en masculino y femenino, lo cual se sigue considerando binario. Se est\u00e1 abandonando paulatinamente. En cambio, la \u2018x\u2019 o la \u2018e\u2019 no son binarias\u201d, detalla el investigador y docente en la Facultad de Filosof\u00eda y Letras de la UBA.<\/p>\n<div class=\"sp__Normal htmlLibre no-lazy\">\n<div class=\"embed-responsive-c\" readability=\"6.6489675516224\">\n<blockquote class=\"twitter-tweet\" readability=\"6.6489675516224\">\n<p lang=\"es\" dir=\"ltr\">Una de las cosas que m\u00e1s me destroza de la pandemia es no poder cuidar a todes les q querr\u00eda cuidar. No poder estar al d\u00eda con la vida emocional de todes mis amigues. No poder estar horneado budines non stop y repartiendo les para hacerles felices.<br \/>Apenas puedo lo q puedo. Triste<\/p>\n<p>\u2014 \ud83d\udc9a Mariana Levy \ud83d\udc9a (@marianevy) <a href=\"https:\/\/twitter.com\/marianevy\/status\/1302057817583620097?ref_src=twsrc%5Etfw\">September 5, 2020<\/a><\/p><\/blockquote><\/div>\n<\/div>\n<p>Sin embargo, estas marcas que circulan en el mensaje escrito no pueden emplearse de la misma manera en los mensajes orales: la \u201cx\u201d, el arroba, y la barra no son pronunciables. Mientras que los desdoblamientos hacen el discurso mucho m\u00e1s largo. La \u201ce\u201d tiene, en alg\u00fan punto, la ventaja de funcionar en los dos registros, de economizar el lenguaje y de incluir la sexualidad no binaria.<\/p>\n<p>Y ac\u00e1 aparece otra lectura: mientras que la cuesti\u00f3n de <strong>la sexualidad no binaria es una problem\u00e1tica de singulares<\/strong> (es decir, que el g\u00e9nero no est\u00e9 marcado ni por la \u201co\u201d ni por la \u201ca\u201d), <strong>la de los feminismos lo es de plurales <\/strong>(porque en el singular existe la marca de g\u00e9nero con la \u201ca\u201d). Dicho de otro modo, los feminismos reclaman que en lugar de un masculino gen\u00e9rico, plural y abarcativo se utilice otra f\u00f3rmula. En este sentido la \u201ce\u201d aparece como un punto de encuentro: no es ni una \u201co\u201d masculina, ni una \u201ca\u201d femenina. Y precisamente por esto \u00faltimo, algunos feminismos hablan de una nueva invisibilizaci\u00f3n de la \u201ca\u201d.<\/p>\n<p>Para<strong> Kalinowski<\/strong>, \u201clo que pasa es que cuando alguien dice \u2018chiques\u2019 ya sienta posici\u00f3n respecto al tema del inclusivo y respecto a todo un ideario detr\u00e1s, aquel que refiere que hay un estado de cosas, de injusticia y de desigualdad que tiene que cambiar. Tambi\u00e9n la persona que escucha sabe d\u00f3nde el otro se para pol\u00edtica e ideol\u00f3gicamente\u201d.<\/p>\n<div class=\"sp__Normal htmlLibre no-lazy\">\n<div class=\"embed-responsive-c\" readability=\"5.8734939759036\">\n<blockquote class=\"twitter-tweet\" readability=\"5.421686746988\">\n<p lang=\"es\" dir=\"ltr\">HIJES HIJES HIJES HIJES HIJES HIJES HIJES HIJES HIJES HIJES HIJES HIJES HIJES HIJES HIJES HIJES HIJES HIJES HIJES HIJES<\/p>\n<p>\u2014 \ud83d\udc9aCoca\ud83d\udc9a (@cocainfame) <a href=\"https:\/\/twitter.com\/cocainfame\/status\/1315140165644541953?ref_src=twsrc%5Etfw\">October 11, 2020<\/a><\/p><\/blockquote><\/div>\n<\/div>\n<h2>\u00bfPor qu\u00e9 Twitter?<\/h2>\n<p>Pero <strong>\u00bfpor qu\u00e9 buscar el lenguaje inclusivo en Twitter?<\/strong> La hip\u00f3tesis que desarrolla <strong>Kalinowsk<\/strong>i es que cualquiera de <strong>estas formas de inclusi\u00f3n tiene su \u00e1mbito natural de circulaci\u00f3n cuando la lengua es p\u00fablica <\/strong>en alg\u00fan sentido, es decir, cuando hay una audiencia (en el sentido conceptual, aunque m\u00e1s no sea una persona). En cambio, seg\u00fan ampl\u00eda, el inclusivo no aparece cuando se habla en privado: \u201cTwitter era un lugar donde \u00edbamos a ver mucha aparici\u00f3n del inclusivo. Es uno de los espacios donde tiene su \u00e1mbito natural de circulaci\u00f3n. Si lo busc\u00e1bamos en corpus literarios, no habr\u00edamos tenidos estos n\u00fameros para analizar\u201d.<\/p>\n<div class=\"sp__Normal htmlLibre no-lazy\">\n<div class=\"embed-responsive-c\" readability=\"7.5276752767528\">\n<blockquote class=\"twitter-tweet\" readability=\"8.4686346863469\">\n<p lang=\"es\" dir=\"ltr\">Feliz d\u00eda a les psicologues. A todxs lxs que trabajan para una salud mental inclusiva, de calidad, humanizada y que respete los DDHH. Especialmente a mis compa\u00f1erxs que desde ah\u00ed militan por un mundo mejor y m\u00e1s justo.<\/p>\n<p>\u2014 Nicol\u00e1s Kreplak (@nkreplak) <a href=\"https:\/\/twitter.com\/nkreplak\/status\/1316175653272801285?ref_src=twsrc%5Etfw\">October 14, 2020<\/a><\/p><\/blockquote><\/div>\n<\/div>\n<p>La elecci\u00f3n de Twitter, entonces, tiene que ver con el tipo de fen\u00f3meno: \u201cProbablemente tambi\u00e9n aparezca en Whatsapp y Facebook, pero son redes cerradas. La \u00fanica red de microblogging que por defecto publica todo para que cualquiera acceda es Twitter, salvo que uno indique que es privada. Es una fuente de datos ling\u00fc\u00edsticos. Como el caudal es de millones de palabras, los patrones que aparecen representan uso de hablantes reales\u201d, detalla.<\/p>\n<h2>Se activa en p\u00fablico (y se desactiva en privado)<\/h2>\n<p>En la b\u00fasqueda de abordar m\u00e1s y mejor el lenguaje inclusivo, <strong>Kalinowski <\/strong>da una explicaci\u00f3n: <strong>\u201cEl lenguaje inclusivo es un fen\u00f3meno que se activa cuando la lengua es p\u00fablica y se desactiva luego.<\/strong> Es un fen\u00f3meno que se pone en juego cuando el hablante tiene noci\u00f3n que del otro lado hay una audiencia. Tiene que ver con c\u00f3mo el hablante concibe al que est\u00e1 escuchando, si lo concibe como alguien a quien busca convencer o con quien entablar una tensi\u00f3n. Porque <strong>el inclusivo, eso s\u00ed, busca y logra molestar mucho y as\u00ed es c\u00f3mo tiene gran parte de su impacto en la agenda p\u00fablica. <\/strong>Es fundamental que haya gente que se moleste, que se enoje, porque eso hace que el fen\u00f3meno tenga otra resonancia\u201d.<\/p>\n<div class=\"sp__Normal htmlLibre no-lazy\">\n<div class=\"embed-responsive-c\" readability=\"6.9617224880383\">\n<blockquote class=\"twitter-tweet\" readability=\"7.4258373205742\">\n<p lang=\"es\" dir=\"ltr\">Es incre\u00edble lo que despierta el uso del lenguaje inclusivo. Tranquilidad, no es obligaci\u00f3n. Si sienten que el masculino gen\u00e9rico les representa, adelante.<\/p>\n<p>\u2014 Miriam Lewin (@miriamlewindefe) <a href=\"https:\/\/twitter.com\/miriamlewindefe\/status\/1312890315427250176?ref_src=twsrc%5Etfw\">October 4, 2020<\/a><\/p><\/blockquote><\/div>\n<\/div>\n<p>Por eso, dice, no es un debate para instituciones ling\u00fc\u00edsticas, porque <strong>el inclusivo no apunta a modificar la gram\u00e1tica<\/strong> (ning\u00fan grupo minoritario puede modificarla), <strong>sino a intervenir social y pol\u00edticamente:<\/strong> no es posible descalificar el fen\u00f3meno y ser apol\u00edtico; al contrario, la cr\u00edtica redunda en una posici\u00f3n contraria a la agenda que mueve el inclusivo.<\/p>\n<p>Justamente esta caracter\u00edstica,<strong> la de ser un fen\u00f3meno que se activa p\u00fablicamente y se desactiva en privado,<\/strong> fue reprochada por la <a alt=\"real-academia-espanola\" class=\"slug automatic\" href=\"https:\/\/www.clarin.com\/tema\/real-academia-espanola.html\" target=\"_blank\" title=\"real-academia-espanola\" rel=\"noopener noreferrer\">Real Academia Espa\u00f1ola<\/a>: \u201cEl fen\u00f3meno tiene un \u00e1mbito de circulaci\u00f3n donde aparece y otro donde no aparece. Y eso, de por s\u00ed, no tiene nada de malo. Todos tenemos recursos que se activan en un lugar y se desactivan en otro\u201d, considera el especialista.<\/p>\n<div class=\"sp__Normal htmlLibre no-lazy\">\n<div class=\"embed-responsive-c\" readability=\"5.88\">\n<blockquote class=\"twitter-tweet\" readability=\"5.88\">\n<p lang=\"es\" dir=\"ltr\">Saludamos c\u00e1lidamente a la comunidad educativa de la <a href=\"https:\/\/twitter.com\/unimoreno?ref_src=twsrc%5Etfw\">@unimoreno<\/a> en el d\u00e9cimo aniversario de su inauguraci\u00f3n. Seguiremos trabajando en el fortalecimiento del acceso a la educaci\u00f3n universitaria para todas y todos las argentinas y los argentinos. <a href=\"https:\/\/t.co\/qF2e9ShyLm\">pic.twitter.com\/qF2e9ShyLm<\/a><\/p>\n<p>\u2014 Nicol\u00e1s Trotta (@trottanico) <a href=\"https:\/\/twitter.com\/trottanico\/status\/1316408423085301762?ref_src=twsrc%5Etfw\">October 14, 2020<\/a><\/p><\/blockquote><\/div>\n<\/div>\n<h2>El inclusivo, \u00bfes un lenguaje?<\/h2>\n<p>Con todas estas consideraciones y caracterizaciones, <strong>\u00bfes el inclusivo, en rigor, un lenguaje? No.<\/strong> \u201cEs, a lo sumo, un fen\u00f3meno l\u00e9xico y s\u00ed es, para m\u00ed, un fen\u00f3meno ret\u00f3rico \u2013sostiene Kalinowski\u2013 y en tanto tal lo que importa es lo que se logra en el que escucha\u201d. Si es un recurso ret\u00f3rico, tal como la met\u00e1fora, la metonimia o la hip\u00e9rbole, el inclusivo, seg\u00fan el investigador,<strong> ser\u00eda una en\u00e1lage<\/strong>, es decir, una intervenci\u00f3n en la lengua espa\u00f1ola a trav\u00e9s de un cambio de la funci\u00f3n normal de las palabras en un discurso.<\/p>\n<p>\u00bfAlgo para objetar, <em>chiques<\/em>?<\/p>\n<div class=\"entry-tags\">\n<h2>TEMAS QUE APARECEN EN ESTA NOTA<\/h2>\n<\/p><\/div>\n","protected":false},"excerpt":{"rendered":"<p>Tod@s lxs chicos\/-as son amigues. Exceptuando el verbo, estas son las cuatro palabras \u2013todos, los, chicos, amigos\u2013 que m\u00e1s se usan de lenguaje inclusivo, aunque no las \u00fanicas. Y, adem\u00e1s, esas son, en mayor o menor medida, las formas inclusivas en que se las usa \u2013con arroba, con equis, con barra, con \u201ce\u201d o desdoblando [&hellip;]<\/p>\n","protected":false},"author":1,"featured_media":2294,"comment_status":"closed","ping_status":"closed","sticky":false,"template":"","format":"standard","meta":[],"categories":[22],"tags":[],"_links":{"self":[{"href":"http:\/\/cordobateve.net\/index.php\/wp-json\/wp\/v2\/posts\/2293"}],"collection":[{"href":"http:\/\/cordobateve.net\/index.php\/wp-json\/wp\/v2\/posts"}],"about":[{"href":"http:\/\/cordobateve.net\/index.php\/wp-json\/wp\/v2\/types\/post"}],"author":[{"embeddable":true,"href":"http:\/\/cordobateve.net\/index.php\/wp-json\/wp\/v2\/users\/1"}],"replies":[{"embeddable":true,"href":"http:\/\/cordobateve.net\/index.php\/wp-json\/wp\/v2\/comments?post=2293"}],"version-history":[{"count":0,"href":"http:\/\/cordobateve.net\/index.php\/wp-json\/wp\/v2\/posts\/2293\/revisions"}],"wp:featuredmedia":[{"embeddable":true,"href":"http:\/\/cordobateve.net\/index.php\/wp-json\/wp\/v2\/media\/2294"}],"wp:attachment":[{"href":"http:\/\/cordobateve.net\/index.php\/wp-json\/wp\/v2\/media?parent=2293"}],"wp:term":[{"taxonomy":"category","embeddable":true,"href":"http:\/\/cordobateve.net\/index.php\/wp-json\/wp\/v2\/categories?post=2293"},{"taxonomy":"post_tag","embeddable":true,"href":"http:\/\/cordobateve.net\/index.php\/wp-json\/wp\/v2\/tags?post=2293"}],"curies":[{"name":"wp","href":"https:\/\/api.w.org\/{rel}","templated":true}]}}