{"id":23050,"date":"2021-10-11T21:34:00","date_gmt":"2021-10-11T21:34:00","guid":{"rendered":"https:\/\/lapampanuestra.com\/2021\/10\/11\/comienza-la-sexta-edicion-del-festival-de-tango-de-flores-con-una-grilla-inclusiva-y-plural\/"},"modified":"2021-10-11T21:34:00","modified_gmt":"2021-10-11T21:34:00","slug":"comienza-la-sexta-edicion-del-festival-de-tango-de-flores-con-una-grilla-inclusiva-y-plural","status":"publish","type":"post","link":"http:\/\/cordobateve.net\/index.php\/2021\/10\/11\/comienza-la-sexta-edicion-del-festival-de-tango-de-flores-con-una-grilla-inclusiva-y-plural\/","title":{"rendered":"Comienza la sexta edici\u00f3n del Festival de Tango de Flores, con una grilla inclusiva y plural"},"content":{"rendered":"<p><img width=\"600\" height=\"338\" src=\"http:\/\/cordobateve.net\/wp-content\/uploads\/2021\/10\/comienza-la-sexta-edicion-del-festival-de-tango-de-flores-con-una-grilla-inclusiva-y-plural.jpg\" class=\"attachment-post-thumbnail size-post-thumbnail wp-post-image\" alt=\"comienza-la-sexta-edicion-del-festival-de-tango-de-flores,-con-una-grilla-inclusiva-y-plural\" loading=\"lazy\" \/><\/p>\n<div>\n<p><strong>La sexta edici\u00f3n del Festival de Tango de Flores<\/strong>, encuentro independiente destinado a promover la cultura porte\u00f1a, se realizar\u00e1 entre<strong> este jueves 14 y el 24 de octubre<\/strong>, con\u00a0una amplia programaci\u00f3n que incluye\u00a0milongas, ciclos de cine, conciertos en vivo, <a data-cke-saved-href=\"https:\/\/www.clarin.com\/viva\/tita-merello-artista-luchadora_0_mzW8V8cwc.html\" href=\"https:\/\/www.clarin.com\/viva\/tita-merello-artista-luchadora_0_mzW8V8cwc.html\" target=\"_blank\" rel=\"noopener noreferrer\">un homenaje a Tita Merello<\/a>, el certamen de canto Floreal Ruiz, el programa <em>Tangos en las escuelas<\/em>, y hasta la gesti\u00f3n de un mural del int\u00e9rprete.<\/p>\n<p>A excepci\u00f3n del certamen, que contar\u00e1 con la participaci\u00f3n especial de N\u00e9stor Fabi\u00e1n como jurado, <strong>todas las actividades son con entrada gratuita <\/strong>reservando a por mail a festivaltangoflores@gmail.com<\/p>\n<p>Luego de un edici\u00f3n \u00edntegramente virtual, la cita tanguera propone ocho jornadas -de jueves a domingos- de propuestas en diversas sedes, partiendo de la premisa de que el tango es <strong>&#8220;un fen\u00f3meno cultural integral que es abordado desde m\u00faltiples disciplinas&#8221;<\/strong>.<\/p>\n<p>&#8220;Cruzar la tradici\u00f3n con lo nuevo tiene que ver con encontrarnos en un \u00fanico esp\u00edritu; el tango es uno solo con expresiones muy diversas y todas son bienvenidas&#8221;, expresaron <strong>en comunicaci\u00f3n con T\u00e9lam<\/strong> a trav\u00e9s de correo electr\u00f3nico la cantora <strong>Viviana Scarlassa y el guitarrista y cantor Hern\u00e1n Ielapi, dos de los cuatro organizadores del espacio<\/strong>.<\/p>\n<div>\n<div>\n<figure>\n<\/img><br \/>\n<\/figure><figcaption>\n<p>Viviana Scarlassa, una de las organizadoras del Festival, y tambi\u00e9n una de sus protagonistas. Foto gentileza Viviana Scarlassa\/Moro Teufel Fotograf\u00eda\n<\/p>\n<\/figcaption><\/div>\n<\/div>\n<p>Declarado de Inter\u00e9s Cultural por la Legislatura de la Ciudad de Buenos Aires en 2019, esta fiesta de la m\u00fasica ciudadana tambi\u00e9n propiciada por el guitarrista y bandoneonista Lucas Bergallo y el productor cultural Christian Mart\u00ednez, se caracteriza por <strong>&#8220;valorar nuestra historia transitando el presente y ofreciendo una mirada de proyecci\u00f3n hacia el futuro del g\u00e9nero&#8221;<\/strong>.<\/p>\n<h2>El tango copa el barrio<\/h2>\n<p><strong>Milongas, espacios culturales, clubes de m\u00fasica, museos, galer\u00edas de arte y organizaciones culturales<\/strong> como el Club Mariano Acosta (Av. Mariano Acosta 1544), el\u00a0Espacio Cultural La Turba, (Direcci\u00f3n: Varela 503), La CaZona de Flores (Mor\u00f3n 2453), Punto Arte (Bonorino 274) y el espacio Cultural Arrotea (Arrotea 951), entre otros, ser\u00e1n las sedes en las que se desarrollar\u00e1 el encuentro<\/p>\n<p>El festival comenzar\u00e1 con el lanzamiento de la campa\u00f1a mural &#8220;Floreal Ruiz&#8221;, que se concretar\u00e1 a trav\u00e9s de las redes sociales, y continuar\u00e1 con conciertos en vivo de Tramazurda, Orquesta Escuela de Tango Nuevo, Orquesta La Juvenil de Adultos, Delfina Daverio y Tango Ca\u00f1\u00f3n, Viviana Scarlassa y Pepo Ogivieki, entre distintos artistas. <\/p>\n<p>Adem\u00e1s, se llevar\u00e1 a cabo un homenaje a Tita Merello y Nazarena C\u00e1ceres, propuestas desde la perspectiva de g\u00e9nero, entre otras actividades.<\/p>\n<div>\n<div>\n<figure>\n<\/img><br \/>\n<\/figure><figcaption>\n<p>Floreal Ru\u00edz, una de las grandes voces del tango y del barrio, ser\u00e1 homenajeado con un mural.\n<\/p>\n<\/figcaption><\/div>\n<\/div>\n<p>Sobre el homenaje a Merello, quien este 11 de octubre\u00a0cumplir\u00eda 117 a\u00f1os, se anuncia <strong>una performance tango\/queer\/teatro a cargo de Max Regueiro<\/strong>, mientras que la continuidad de la presencia tanguera en las aulas con el programa <em>Tango en las escuelas<\/em>\u00a0se dar\u00e1 en establecimientos del Distrito Escolar Nro 11.<\/p>\n<p><strong>La grilla del encuentro de Flores puede ser consultada en <em>https:\/\/festivaltangoflores.com\/<\/em><\/strong>\u00a0e\u00a0incluye tambi\u00e9n clases, presentaciones de libros, entrevistas, conversatorios de reflexi\u00f3n, talleres de arte, ciclos de cine\u00a0y el Certamen de Canto &#8220;Floreal Ruiz&#8221;, que <strong>otorga como premio la grabaci\u00f3n de dos temas<\/strong> con el fin de promover nuevas voces del tango.<\/p>\n<p>A la hora de describir el criterio con que fue confeccionada la programaci\u00f3n, Scarlassa e Ielapi coinciden en que <strong>&#8220;intenta ser siempre lo m\u00e1s inclusiva posible&#8221;<\/strong>.&#8221; Nuestro criterio -dicen- tiene que ver con la pluralidad de las expresiones. Fue un desaf\u00edo planificarlo cuando a\u00fan no sab\u00edamos si podr\u00edamos hacer las actividades presenciales o no&#8221;.<\/p>\n<p>Finalmente el cambio de escenario les jug\u00f3 a favor. &#8220;Afortunadamente podremos contar con la presencialidad. Tambi\u00e9n continuamos con los proyectos que nos acompa\u00f1an desde la primera edici\u00f3n, como Tango en las escuelas y las actividades con perspectiva de g\u00e9nero&#8221;, agregan..<\/p>\n<h2>Reconstruir el sentido de comunidad<\/h2>\n<p><strong>-\u00bfC\u00f3mo definir\u00edan el esp\u00edritu de este festival?\u00a0<\/strong><\/p>\n<p>-El esp\u00edritu del Festival <strong>hace pie en lo multidisciplinario<\/strong>. Este a\u00f1o realizaremos nuevamente la apertura en el espacio del reconocido artista Gustavo L\u00f3pez Arment\u00eda y contaremos con la muestra de la artista visual Romina Pernigotte adem\u00e1s de cine, presentaci\u00f3n de libros, exposici\u00f3n de fotograf\u00edas, charlas, debates, milonga y conciertos.<\/p>\n<p><strong>-\u00bfC\u00f3mo evolucion\u00f3 el festival en estos a\u00f1os? \u00bfEn qu\u00e9 aspecto consideran creci\u00f3 m\u00e1s?<\/strong><\/p>\n<p>-El festival intenta incluir cada vez m\u00e1s sedes, y de alguna manera formar un circuito cultural que pueda generar territorialidad, pertenencia y nuevos p\u00fablicos para la cultura.<\/p>\n<p>La pandemia golpe\u00f3 muy duro a todo el \u00e1mbito cultural, y si desde nuestro festival podemos<strong> sumar nuestro granito de arena para reconstruir el sentido comunitario de la celebraci\u00f3n y la fiesta<\/strong>, habremos cumplido con nuestro prop\u00f3sito. Es en ese sentido en el que nos proponemos crecer.<\/p>\n<p><strong><em>Fuente: T\u00e9lam<\/em><\/strong><\/p>\n<p><em>E.S.<\/em><\/p>\n<div>\n<h2>TEMAS QUE APARECEN EN ESTA NOTA<\/h2>\n<\/div>\n<\/div>\n","protected":false},"excerpt":{"rendered":"<p>La sexta edici\u00f3n del Festival de Tango de Flores, encuentro independiente destinado a promover la cultura porte\u00f1a, se realizar\u00e1 entre este jueves 14 y el 24 de octubre, con\u00a0una amplia programaci\u00f3n que incluye\u00a0milongas, ciclos de cine, conciertos en vivo, un homenaje a Tita Merello, el certamen de canto Floreal Ruiz, el programa Tangos en las [&hellip;]<\/p>\n","protected":false},"author":1,"featured_media":0,"comment_status":"open","ping_status":"closed","sticky":false,"template":"","format":"standard","meta":[],"categories":[21],"tags":[],"_links":{"self":[{"href":"http:\/\/cordobateve.net\/index.php\/wp-json\/wp\/v2\/posts\/23050"}],"collection":[{"href":"http:\/\/cordobateve.net\/index.php\/wp-json\/wp\/v2\/posts"}],"about":[{"href":"http:\/\/cordobateve.net\/index.php\/wp-json\/wp\/v2\/types\/post"}],"author":[{"embeddable":true,"href":"http:\/\/cordobateve.net\/index.php\/wp-json\/wp\/v2\/users\/1"}],"replies":[{"embeddable":true,"href":"http:\/\/cordobateve.net\/index.php\/wp-json\/wp\/v2\/comments?post=23050"}],"version-history":[{"count":0,"href":"http:\/\/cordobateve.net\/index.php\/wp-json\/wp\/v2\/posts\/23050\/revisions"}],"wp:attachment":[{"href":"http:\/\/cordobateve.net\/index.php\/wp-json\/wp\/v2\/media?parent=23050"}],"wp:term":[{"taxonomy":"category","embeddable":true,"href":"http:\/\/cordobateve.net\/index.php\/wp-json\/wp\/v2\/categories?post=23050"},{"taxonomy":"post_tag","embeddable":true,"href":"http:\/\/cordobateve.net\/index.php\/wp-json\/wp\/v2\/tags?post=23050"}],"curies":[{"name":"wp","href":"https:\/\/api.w.org\/{rel}","templated":true}]}}