{"id":23341,"date":"2021-10-19T21:23:35","date_gmt":"2021-10-19T21:23:35","guid":{"rendered":"http:\/\/cordobateve.net\/index.php\/2021\/10\/19\/evaluna-montaner-hablo-de-su-embarazo-y-el-misterio-en-torno-al-sexo-de-su-bebe\/"},"modified":"2021-10-19T21:23:35","modified_gmt":"2021-10-19T21:23:35","slug":"evaluna-montaner-hablo-de-su-embarazo-y-el-misterio-en-torno-al-sexo-de-su-bebe","status":"publish","type":"post","link":"http:\/\/cordobateve.net\/index.php\/2021\/10\/19\/evaluna-montaner-hablo-de-su-embarazo-y-el-misterio-en-torno-al-sexo-de-su-bebe\/","title":{"rendered":"Evaluna Montaner habl\u00f3 de su embarazo y el misterio en torno al sexo de su beb\u00e9"},"content":{"rendered":"<div class=\"media_block\"><\/div>\n<p><a target=\"_blank\" href=\"https:\/\/caras.perfil.com\/noticias\/celebridades\/evaluna-montaner-embarazada-conoce-el-particular-nombre-y-sexo-del-bebe-en-camino.phtml\" rel=\"noopener noreferrer\"><strong>Evaluna Montaner<\/strong> <\/a>habl\u00f3 sobre su <strong>embarazo<\/strong> y c\u00f3mo vive este especial momento junto a <strong>Camilo<\/strong>.<\/p>\n<p>La joven, quien confirm\u00f3 por un <strong>video <\/strong>la llegada de su primer hijo, se refiri\u00f3 a <strong>la primera etapa de gestaci\u00f3n<\/strong>. \u00ab<strong>Fue&nbsp;horrible.<\/strong> <strong>Yo no quer\u00eda comer nada,<\/strong> solo mandarinas, pepinillos y cebollitas de vinagre. Me puse las pulseras de motion sickness (mareos), aceites esenciales, el de menta me ayud\u00f3 mucho y Camilo me cuid\u00f3 much\u00edsimo\u201d, dijo en Teleshow.<\/p>\n<p><strong><a target=\"_blank\" href=\"http:\/\/https:\/\/www.instagram.com\/evaluna\/\" rel=\"noopener noreferrer\">Evaluna <\/a>y Camilo <\/strong>decidieron dar la gran noticia con la presentaci\u00f3n de <strong>\u00cdndigo<\/strong>, su nuevo tema, donde tambi\u00e9n confirman que ser\u00e1 el <strong>nombre de su beb\u00e9<\/strong> aunque no dejaron en claro si <strong>esperan un ni\u00f1o o una ni\u00f1a.&nbsp;<\/strong>&nbsp;<strong>\u201cNo planeamos revelar el sexo del beb\u00e9. <\/strong>A esperar unos mesecitos m\u00e1s y ya\u00bb, agreg\u00f3.&nbsp;<\/p>\n<figure class=\"image\"><img alt=\"Evaluna Montaner embarazada: Conoc\u00e9 el particular nombre y sexo del beb\u00e9 en camino\" src=\"http:\/\/cordobateve.net\/wp-content\/uploads\/2021\/10\/evaluna-montaner-hablo-de-su-embarazo-y-el-misterio-en-torno-al-sexo-de-su-bebe.jpg\"><figcaption>Evaluna Montaner habl\u00f3 de su embarazo y el misterio en torno al sexo de su beb\u00e9<\/figcaption><\/figure>\n<p>Tras la confirmaci\u00f3n oficial, <strong>la cantante de 24 a\u00f1os<\/strong> revel\u00f3 tambi\u00e9n c\u00f3mo se tom\u00f3 su pap\u00e1, <strong>Ricardo Montaner,<\/strong> la noticia. \u00ab<strong>Mi pap\u00e1 al comienzo estaba en shock<\/strong>, pero ahora todos est\u00e1n demasiado contentos. Creo que lo van a poder disfrutar m\u00e1s, compartirlo con todos, porque ten\u00edan que guardar el secreto\u201d, a\u00f1adi\u00f3.&nbsp;<\/p>\n<figure class=\"image\"><img alt=\"Evaluna Montaner confirm\u00f3 su embarazo en un nuevo video con Camilo \" src=\"http:\/\/cordobateve.net\/wp-content\/uploads\/2021\/10\/evaluna-montaner-hablo-de-su-embarazo-y-el-misterio-en-torno-al-sexo-de-su-bebe-1.jpg\"><figcaption>Evaluna confirm\u00f3 su embarazo con \u00cdndigo, su nuevo tema con Camilo.&nbsp;<\/figcaption><\/figure>\n<h2>C\u00f3mo afectar\u00e1 al beb\u00e9 de Evaluna Montaner el trastorno que sufre Camilo<\/h2>\n<p>Una vez que se confirm\u00f3 el embarazo de<strong><a target=\"_blank\" href=\"http:\/\/https:\/\/es.wikipedia.org\/wiki\/Evaluna_Montaner\" rel=\"noopener noreferrer\">Evaluna Montaner,<\/a> <\/strong>se discuti\u00f3&nbsp;c\u00f3mo&nbsp;podr\u00eda afectar en el beb\u00e9 el trastorno del sue\u00f1o que padece <strong>Camilo<\/strong>.&nbsp;<\/p>\n<p>Tiempo atr\u00e1s,<strong>&nbsp;la hija de Ricardo Montaner cont\u00f3 que su esposo padece&nbsp;un&nbsp;trastorno que lo acompa\u00f1a&nbsp;desde muy chico<\/strong>. Confes\u00f3 que&nbsp;<strong>Camilo tiene narcolepsia<\/strong>,&nbsp;<strong>una anomal\u00eda cr\u00f3nica&nbsp;del sue\u00f1o que provoca una somnolencia extrema durante el d\u00eda<\/strong>&nbsp;y suele generar ataques repentinos de sue\u00f1o.<\/p>\n<figure class=\"image\"><img alt=\"Evaluna Montaner embarazada: Conoc\u00e9 el particular nombre y sexo del beb\u00e9 en camino\" src=\"http:\/\/cordobateve.net\/wp-content\/uploads\/2021\/10\/evaluna-montaner-hablo-de-su-embarazo-y-el-misterio-en-torno-al-sexo-de-su-bebe-2.jpg\"><figcaption>Evaluna Montaner y Camilo.&nbsp;<\/figcaption><\/figure>\n<p>Ahora,&nbsp;<strong>con la llegada de un nuevo integrante a la familia, el joven deber\u00e1 afrontar las responsabilidades de tener un beb\u00e9 reci\u00e9n nacido en casa y mantenerse bien despierto<\/strong>&nbsp;para estar al cuidado del peque\u00f1o.<\/p>\n<section class=\"noticias-relacionadas\" readability=\"0.19558359621451\">\n<p><h5>Tambi\u00e9n te puede interesar<\/h5>\n<\/p>\n<\/section>\n<div class>\n<h3>Galer\u00eda de im\u00e1genes<\/h3>\n<\/p><\/div>\n<p> <noscript><a href=\"https:\/\/ads.us.e-planning.net\/ei\/3\/279a3\/articulo\/teads?it=i&amp;rnd=$RANDOM\" target=\"_blank\" rel=\"noopener noreferrer\"><img loading=\"lazy\" width=\"1\" height=\"1\" alt=\"e-planning ad\" src=\"http:\/\/cordobateve.net\/wp-content\/uploads\/2021\/10\/evaluna-montaner-hablo-de-su-embarazo-y-el-misterio-en-torno-al-sexo-de-su-bebe.gif\" border=\"0\"><\/a><\/noscript> <\/p>\n","protected":false},"excerpt":{"rendered":"<p>Evaluna Montaner habl\u00f3 sobre su embarazo y c\u00f3mo vive este especial momento junto a Camilo. La joven, quien confirm\u00f3 por un video la llegada de su primer hijo, se refiri\u00f3 a la primera etapa de gestaci\u00f3n. \u00abFue&nbsp;horrible. Yo no quer\u00eda comer nada, solo mandarinas, pepinillos y cebollitas de vinagre. Me puse las pulseras de motion [&hellip;]<\/p>\n","protected":false},"author":1,"featured_media":23342,"comment_status":"closed","ping_status":"closed","sticky":false,"template":"","format":"standard","meta":[],"categories":[22],"tags":[],"_links":{"self":[{"href":"http:\/\/cordobateve.net\/index.php\/wp-json\/wp\/v2\/posts\/23341"}],"collection":[{"href":"http:\/\/cordobateve.net\/index.php\/wp-json\/wp\/v2\/posts"}],"about":[{"href":"http:\/\/cordobateve.net\/index.php\/wp-json\/wp\/v2\/types\/post"}],"author":[{"embeddable":true,"href":"http:\/\/cordobateve.net\/index.php\/wp-json\/wp\/v2\/users\/1"}],"replies":[{"embeddable":true,"href":"http:\/\/cordobateve.net\/index.php\/wp-json\/wp\/v2\/comments?post=23341"}],"version-history":[{"count":0,"href":"http:\/\/cordobateve.net\/index.php\/wp-json\/wp\/v2\/posts\/23341\/revisions"}],"wp:featuredmedia":[{"embeddable":true,"href":"http:\/\/cordobateve.net\/index.php\/wp-json\/wp\/v2\/media\/23342"}],"wp:attachment":[{"href":"http:\/\/cordobateve.net\/index.php\/wp-json\/wp\/v2\/media?parent=23341"}],"wp:term":[{"taxonomy":"category","embeddable":true,"href":"http:\/\/cordobateve.net\/index.php\/wp-json\/wp\/v2\/categories?post=23341"},{"taxonomy":"post_tag","embeddable":true,"href":"http:\/\/cordobateve.net\/index.php\/wp-json\/wp\/v2\/tags?post=23341"}],"curies":[{"name":"wp","href":"https:\/\/api.w.org\/{rel}","templated":true}]}}